{"id":989,"date":"2023-02-18T17:55:00","date_gmt":"2023-02-18T17:55:00","guid":{"rendered":"https:\/\/acquaviva.lavocedelpaese.info\/?p=989"},"modified":"2023-02-19T07:29:41","modified_gmt":"2023-02-19T07:29:41","slug":"ass-musincanto-il-19-febbraio-voci-in-maschera","status":"publish","type":"post","link":"https:\/\/acquaviva.lavocedelpaese.info\/index.php\/2023\/02\/18\/ass-musincanto-il-19-febbraio-voci-in-maschera\/","title":{"rendered":"Ass. MUSInCanto: il 19 febbraio \u201cVoci in Maschera\u201d"},"content":{"rendered":"\n<p>Momento musicale tra cantanti, attori e voci recitanti a cura di Natalizia Carone e dell\u2019Ass. MUSInCanto di Acquaviva delle Fonti.<\/p>\n\n\n\n<p>Giunto alla terza edizione, VOCI IN MASCHERA \u00e8 una manifestazione artistico-culturale che da pi\u00f9 anni unisce le arti sotto il denominatore comune della condivisione di passioni e divertimento attraverso creativit\u00e0 ed espressione artistica che si intrecciano per dar vita ad una \u201cmaschera\u201d talvolta fuori dall\u2019ordinario e soprattutto estremamente personale!&nbsp;&nbsp;Perch\u00e9 la Maschera di ogni partecipante iscritto prende vita grazie alla Voce di chi la rappresenta e interpreta!<\/p>\n\n\n\n<p>Un evento nato dal misterioso fascino suscitato nel Presidente dell\u2019Ass. MUSInCanto, Natalizia Carone, dai MASCHERONI di Palazzo de Mari di Acquaviva delle Fonti.<\/p>\n\n\n\n<p>Quei mascheroni, imperanti e numerosi sulla facciata barocca del Palazzo, rappresentano una tipica forma d\u2019arte dell\u2019epoca. L\u2019espressione grottesca creata anche dalla \u201clingua di fuori\u201d fa domandare ancor pi\u00f9 sul possibile significato allegorico: forse quei Mascheroni avevano semplicemente qualcosa da dire, qualcosa proprio sulla punta della lingua da pronunciare!<\/p>\n\n\n\n<p>Da qui l\u2019idea di creare questa Rassegna di Voci in Maschera, maschere che hanno qualcosa da raccontare e lo fanno attraverso la voce di chi le crea e le interpreta!<\/p>\n\n\n\n<p>\u201cUna maschera nasconde la faccia ma libera l\u2019anima. Una maschera dice la verit\u00e0!\u201d<\/p>\n\n\n\n<p>Fabrizio Caramagna sostenendo che \u201cOgni persona merita di tornare bambino una volta all\u2019anno e volare tra coriandoli di cielo e manciate di sogni, a inseguire un cielo mai visto\u201d \u00e8&nbsp;&nbsp;probabilmente d\u2019accordo con l\u2019idea della Dott.ssa Carone: \u201ca Carnevale possiamo far cadere le maschere di tutti i giorni e far parlare liberamente, tra i coriandoli, le (nostre) emozioni!\u201d<\/p>\n\n\n\n<p>Alcuni racconti potranno essere ascoltati domenica 19 febbraio alle ore 19 presso l\u2019Auditorium del Liceo &#8220;Don Milani&#8221; di Acquaviva delle Fonti.<\/p>\n\n\n\n<p>\u00c8 una Rassegna aperta a chi ama esprimersi attraverso la Voce, quindi a coloro che amano cantare, recitare o leggere in modo espressivo e, pur non essendo un concorso di canto o di recitazione, anche in questa 3^ edizione della Manifestazione le varie Maschere iscritte saranno apprezzate durante la loro esibizione da una Giuria simpatica e qualificata che valuter\u00e0 a chi assegnare alcuni Premi scegliendo la Voce in Maschera 2023, ma anche la Voce in Maschera pi\u00f9 simpatica, la Voce in Maschera pi\u00f9 creativa e la Voce in Maschera dall\u2019interpretazione pi\u00f9 significativa!<\/p>\n\n\n\n<p>In Giuria ci saranno Lucia Anna Solare, Ferdinando Redavid, Donato Inglese, Giuseppe Guida, Giuseppe Mirella e Francesco Ciriello che consegner\u00e0 il PREMIO \u201csimbolo\u201d della Manifestazione:&nbsp;&nbsp;il Mascherone di Palazzo de Mari realizzato in tecnologia 3D da ARCHIMED, la startup innovativa di cui l\u2019architetto F. Ciriello \u00e8 amministatore.<\/p>\n\n\n\n<p>L\u2019evento creato nell\u2019ambito dell\u2019Area Artistico-Sociale del Polo Formativo FestivalLab de Mari \u00e8 ad INGRESSO LIBERO.<\/p>\n\n\n\n<p><strong>Domenica 19 febbraio 2023 &#8211; ore 19<\/strong><\/p>\n\n\n\n<p><em>Auditorium Liceo &#8220;Don Milani&#8221; (Via Roma 193)<\/em><\/p>\n\n\n\n<p><strong>ACQUAVIVA DELLE FONTI<\/strong><\/p>\n\n\n\n<p><em>Ass. MUSInCanto &#8211; FestivalLab de Mari<\/em><\/p>\n\n\n\n<p>Web:&nbsp;<a href=\"http:\/\/www.festivaloperademari.it\/\" target=\"_blank\" rel=\"noreferrer noopener\">www.festivaloperademari.it<\/a><\/p>\n\n\n\n<p>Info. 3889380260<\/p>\n\n\n\n<p><strong>Ingresso libero<\/strong><\/p>\n\n\n\n<figure class=\"wp-block-image size-full\"><img decoding=\"async\" src=\"https:\/\/acquaviva.lavocedelpaese.info\/wp-content\/uploads\/2023\/02\/Manifesto-Voci-in-Maschera-2023-con-loghi.jpg\" alt=\"\" class=\"wp-image-990\" \/><\/figure>\n","protected":false},"excerpt":{"rendered":"<p>Momento musicale tra cantanti, attori e voci recitanti a cura di Natalizia Carone e dell\u2019Ass. MUSInCanto di Acquaviva delle Fonti.<\/p>\n","protected":false},"author":4,"featured_media":990,"comment_status":"open","ping_status":"closed","sticky":false,"template":"","format":"standard","meta":{"colormag_page_container_layout":"default_layout","colormag_page_sidebar_layout":"default_layout","_monsterinsights_skip_tracking":false,"_monsterinsights_sitenote_active":false,"_monsterinsights_sitenote_note":"","_monsterinsights_sitenote_category":0,"footnotes":""},"categories":[5,6,30,33],"tags":[],"class_list":["post-989","post","type-post","status-publish","format-standard","has-post-thumbnail","hentry","category-cultura","category-eventi","category-news","category-spalla"],"_links":{"self":[{"href":"https:\/\/acquaviva.lavocedelpaese.info\/index.php\/wp-json\/wp\/v2\/posts\/989","targetHints":{"allow":["GET"]}}],"collection":[{"href":"https:\/\/acquaviva.lavocedelpaese.info\/index.php\/wp-json\/wp\/v2\/posts"}],"about":[{"href":"https:\/\/acquaviva.lavocedelpaese.info\/index.php\/wp-json\/wp\/v2\/types\/post"}],"author":[{"embeddable":true,"href":"https:\/\/acquaviva.lavocedelpaese.info\/index.php\/wp-json\/wp\/v2\/users\/4"}],"replies":[{"embeddable":true,"href":"https:\/\/acquaviva.lavocedelpaese.info\/index.php\/wp-json\/wp\/v2\/comments?post=989"}],"version-history":[{"count":2,"href":"https:\/\/acquaviva.lavocedelpaese.info\/index.php\/wp-json\/wp\/v2\/posts\/989\/revisions"}],"predecessor-version":[{"id":992,"href":"https:\/\/acquaviva.lavocedelpaese.info\/index.php\/wp-json\/wp\/v2\/posts\/989\/revisions\/992"}],"wp:featuredmedia":[{"embeddable":true,"href":"https:\/\/acquaviva.lavocedelpaese.info\/index.php\/wp-json\/wp\/v2\/media\/990"}],"wp:attachment":[{"href":"https:\/\/acquaviva.lavocedelpaese.info\/index.php\/wp-json\/wp\/v2\/media?parent=989"}],"wp:term":[{"taxonomy":"category","embeddable":true,"href":"https:\/\/acquaviva.lavocedelpaese.info\/index.php\/wp-json\/wp\/v2\/categories?post=989"},{"taxonomy":"post_tag","embeddable":true,"href":"https:\/\/acquaviva.lavocedelpaese.info\/index.php\/wp-json\/wp\/v2\/tags?post=989"}],"curies":[{"name":"wp","href":"https:\/\/api.w.org\/{rel}","templated":true}]}}