{"id":971,"date":"2023-02-17T19:27:31","date_gmt":"2023-02-17T19:27:31","guid":{"rendered":"https:\/\/acquaviva.lavocedelpaese.info\/?p=971"},"modified":"2023-02-17T19:30:36","modified_gmt":"2023-02-17T19:30:36","slug":"benemerenza-per-i-20-anni-di-attivita-di-l-nd-al-segretario-a-s-d-atletico-acquaviva-raffaele-barberio","status":"publish","type":"post","link":"https:\/\/acquaviva.lavocedelpaese.info\/index.php\/2023\/02\/17\/benemerenza-per-i-20-anni-di-attivita-di-l-nd-al-segretario-a-s-d-atletico-acquaviva-raffaele-barberio\/","title":{"rendered":"Benemerenza per i 20 anni di attivit\u00e0 di L.ND al segretario A.S.D. Atletico Acquaviva Raffaele Barberio"},"content":{"rendered":"\n<p><\/p>\n\n\n\n<p>L\u2019<strong>Assemblea Ordinaria Biennale e Straordinaria Elettiva&nbsp;<\/strong>del&nbsp;<strong>C.R. Puglia L.N.D.&nbsp;<\/strong>riservata alle Societ\u00e0 Dilettantistiche pugliesi avr\u00e0 luogo domani&nbsp;<strong>18 febbraio 2023<\/strong>, presso il&nbsp;<strong>Centro Congressi \u201cThe Nicolaus Hotel\u201d&nbsp;<\/strong>di&nbsp;<strong>Bari&nbsp;<\/strong><em>(Via Cardinale Ciasca, n. 15)<\/em>&nbsp;con&nbsp;<strong>inizio&nbsp;alle ore 16<\/strong>. Hanno confermato la partecipazione i vertici della Lega Nazionale Dilettanti e le massime autorit\u00e0 sportive del calcio dilettantistico pugliese.<\/p>\n\n\n\n<p>Fra gli ospiti in sala ci sar\u00e0 il Presidente della LND&nbsp;<strong>Giancarlo Abete<\/strong>, per la prima volta in Puglia da quando \u00e8 stato eletto alla guida della LND lo scorso 21 marzo 2022 a Roma. Presenti anche i vertici della Lega Nazionale Dilettanti: il Vice Presidente Vicario&nbsp;<strong>Christian Mossino<\/strong>, il Vice Presidente dell\u2019Area Nord&nbsp;<strong>Giulio Ivaldi<\/strong>, e la Consigliera Federale&nbsp;<strong>Stella Frasc\u00e0<\/strong>. Ospite anche il Presidente del CONI Puglia&nbsp;<strong>Angelo Giliberto<\/strong>. A fare gli onori di casa sar\u00e0 come sempre il Presidente del C.R. Puglia LND&nbsp;<strong>Vito Tisci<\/strong>.<\/p>\n\n\n\n<p>Per quanto riguarda i premi speciali, il C.R. Puglia ha predisposto la consegna delle Benemerenze a&nbsp;Giuseppe Pomes&nbsp;(Delegazione Provinciale di Bari) e&nbsp;Cosimo Trullo&nbsp;(Delegazione Provinciale di Lecce), entrambi Dirigenti Federali con almeno 20 anni di attivit\u00e0.&nbsp;<strong>Raffaele Barberio<\/strong>&nbsp;(A.S.D. Atletico Acquaviva) e&nbsp;Domenico Nicolazzo&nbsp;(A.S.D. Citt\u00e0 di Otranto) riceveranno invece l\u2019onorificenza in qualit\u00e0 di Dirigenti di Societ\u00e0 con almeno 20 anni di attivit\u00e0. I premi speciali saranno consegnati dal Presidente della Lega Nazionale Dilettanti,&nbsp;<strong>Giancarlo Abete<\/strong>.<\/p>\n\n\n\n<p><a href=\"http:\/\/www.lndpuglia.it\/index.php\/it\/all-news\/organizzazione2\/domani-a-bari-l-assemblea-delle-societa-dilettantistiche-pugliesi-con-i-vertici-della-lega-nazionale-dilettanti\" target=\"_blank\" rel=\"noreferrer noopener\">http:\/\/www.lndpuglia.it\/index.php\/it\/all-news\/organizzazione2\/domani-a-bari-l-assemblea-delle-societa-dilettantistiche-pugliesi-con-i-vertici-della-lega-nazionale-dilettanti<\/a><\/p>\n\n\n\n<p><a href=\"https:\/\/www.facebook.com\/ASDAtleticoAcquavivaofficialteam\">https:\/\/www.facebook.com\/ASDAtleticoAcquavivaofficialteam<\/a><\/p>\n\n\n\n<p>&nbsp;<strong>Asd Atletico Acquaviva<\/strong><\/p>\n\n\n\n<p>Matr. FIGC &#8211; LND 935049<\/p>\n\n\n\n<figure class=\"wp-block-image size-full\"><img decoding=\"async\" width=\"900\" height=\"600\" src=\"https:\/\/acquaviva.lavocedelpaese.info\/wp-content\/uploads\/2023\/02\/foto-barberio.jpg\" alt=\"\" class=\"wp-image-972\" srcset=\"https:\/\/acquaviva.lavocedelpaese.info\/wp-content\/uploads\/2023\/02\/foto-barberio.jpg 900w, https:\/\/acquaviva.lavocedelpaese.info\/wp-content\/uploads\/2023\/02\/foto-barberio-300x200.jpg 300w, https:\/\/acquaviva.lavocedelpaese.info\/wp-content\/uploads\/2023\/02\/foto-barberio-768x512.jpg 768w\" sizes=\"(max-width: 900px) 100vw, 900px\" \/><\/figure>\n","protected":false},"excerpt":{"rendered":"<p>L\u2019Assemblea Ordinaria Biennale e Straordinaria Elettiva&nbsp;del&nbsp;C.R. Puglia L.N.D.&nbsp;riservata alle Societ\u00e0 Dilettantistiche pugliesi avr\u00e0 luogo domani&nbsp;18 febbraio 2023, presso il&nbsp;Centro Congressi<\/p>\n","protected":false},"author":4,"featured_media":973,"comment_status":"open","ping_status":"closed","sticky":false,"template":"","format":"standard","meta":{"colormag_page_container_layout":"default_layout","colormag_page_sidebar_layout":"default_layout","_monsterinsights_skip_tracking":false,"_monsterinsights_sitenote_active":false,"_monsterinsights_sitenote_note":"","_monsterinsights_sitenote_category":0,"footnotes":""},"categories":[28,15],"tags":[],"class_list":["post-971","post","type-post","status-publish","format-standard","has-post-thumbnail","hentry","category-primo-piano","category-sport"],"_links":{"self":[{"href":"https:\/\/acquaviva.lavocedelpaese.info\/index.php\/wp-json\/wp\/v2\/posts\/971","targetHints":{"allow":["GET"]}}],"collection":[{"href":"https:\/\/acquaviva.lavocedelpaese.info\/index.php\/wp-json\/wp\/v2\/posts"}],"about":[{"href":"https:\/\/acquaviva.lavocedelpaese.info\/index.php\/wp-json\/wp\/v2\/types\/post"}],"author":[{"embeddable":true,"href":"https:\/\/acquaviva.lavocedelpaese.info\/index.php\/wp-json\/wp\/v2\/users\/4"}],"replies":[{"embeddable":true,"href":"https:\/\/acquaviva.lavocedelpaese.info\/index.php\/wp-json\/wp\/v2\/comments?post=971"}],"version-history":[{"count":2,"href":"https:\/\/acquaviva.lavocedelpaese.info\/index.php\/wp-json\/wp\/v2\/posts\/971\/revisions"}],"predecessor-version":[{"id":976,"href":"https:\/\/acquaviva.lavocedelpaese.info\/index.php\/wp-json\/wp\/v2\/posts\/971\/revisions\/976"}],"wp:featuredmedia":[{"embeddable":true,"href":"https:\/\/acquaviva.lavocedelpaese.info\/index.php\/wp-json\/wp\/v2\/media\/973"}],"wp:attachment":[{"href":"https:\/\/acquaviva.lavocedelpaese.info\/index.php\/wp-json\/wp\/v2\/media?parent=971"}],"wp:term":[{"taxonomy":"category","embeddable":true,"href":"https:\/\/acquaviva.lavocedelpaese.info\/index.php\/wp-json\/wp\/v2\/categories?post=971"},{"taxonomy":"post_tag","embeddable":true,"href":"https:\/\/acquaviva.lavocedelpaese.info\/index.php\/wp-json\/wp\/v2\/tags?post=971"}],"curies":[{"name":"wp","href":"https:\/\/api.w.org\/{rel}","templated":true}]}}