{"id":807,"date":"2023-01-20T16:06:00","date_gmt":"2023-01-20T16:06:00","guid":{"rendered":"https:\/\/acquaviva.lavocedelpaese.info\/?p=807"},"modified":"2023-01-20T17:08:47","modified_gmt":"2023-01-20T17:08:47","slug":"la-boheme-di-puccini-al-teatro-luciani","status":"publish","type":"post","link":"https:\/\/acquaviva.lavocedelpaese.info\/index.php\/2023\/01\/20\/la-boheme-di-puccini-al-teatro-luciani\/","title":{"rendered":"\u201cLa Boh\u00e8me\u201d di Puccini al Teatro Luciani"},"content":{"rendered":"\n<p>\u201cLa Boh\u00e8me\u201d di Puccini a cura di Giancarlo Nicoletti arriva ad Acquaviva delle Fonti.<\/p>\n\n\n\n<p>Sabato 21 gennaio \u2013 Teatro \u201cLuciani\u201d ore 20.30<\/p>\n\n\n\n<p>\u201cLa Boh\u00e8me\u201d di Giacomo Puccini con la rilettura del regista Giancarlo Nicoletti sar\u00e0 in scena in Puglia nei prossimi giorni.<br>Il tour dello spettacolo che esce dai suoi schemi tradizionali, sar\u00e0 gi\u00e0 domani 17 gennaio a Manfredonia (Teatro Comunale Lucio Dalla, ore 21), per poi spostarsi a Cerignola mercoled\u00ec 18 gennaio (Teatro Comunale Mercadante, ore 21) e quindi ad Acquaviva delle Fonti sabato 21 gennaio (Teatro Luciani, ore 20.30) per le stagioni dei Comuni in collaborazione con il Teatro Pubblico Pugliese.<\/p>\n\n\n\n<p>L\u2019entusiasmo, la passione, l\u2019amore e le delusioni del gruppo di boh\u00e9mien pi\u00f9 famoso della storia dell\u2019opera. Il passaggio dalla giovinezza spensierata alle responsabilit\u00e0 dell\u2019et\u00e0 adulta in un capolavoro senza et\u00e0, dolcissimo e crudele al tempo stesso, capace di emozionare e commuovere da sempre. L\u2019opera integrale di Giacomo Puccini in una messinscena diretta, avvincente e cinematografica pensata per tutti i tipi di teatro: un pianoforte e un cast di artisti di eccezionale valore per uno spettacolo fuori dagli stilemi del tradizionale, ma pienamente fedele alla drammaturgia musicale pucciniana, senza tagli e senza compromessi. Per dimostrare che l\u2019opera \u00e8 un linguaggio straordinario e universale, capace di mutare forma e sostanza senza tradire la sua essenza e rinnovandosi, divenendo attuale e contemporanea. Protagonista una nutrita compagnia di cantanti\/attori, talenti gi\u00e0 affermati a livello nazionale sotto la guida del soprano Amelia Felle e del regista Giancarlo Nicoletti.<\/p>\n\n\n\n<p>SCHEDA SPETTACOLO<br>Altra Scena e Goldenart Production<\/p>\n\n\n\n<p>LA BOH\u00c8ME<br>Opera in quattro quadri di Giacomo Puccini<br>Libretto di Giuseppe Giacosa e Luigi Illica<br>con Flavia Colagioia, Silvia Susan, Rosato Franchini, Alessandro Fiocchetti, Joseph Dahdah, Annamaria Borelli, Giorgia Costantino, Vladimir Jindra, Matteo Torcaso, Ivan Caminiti, Vittorio FerlanDellorco, Martin Kurek<br>al pianoforte Umberto Cipolla \u2013 Victoria Merkulyeva<br>scene Alessandro Chiti<br>costumi Vincenzo Napolitano<br>disegno luci Daniele Manenti<br>direzione musicale Amelia Felle<br>regia GIANCARLO NICOLETTI<\/p>\n\n\n\n<p>Info:&nbsp;<a href=\"http:\/\/www.teatropubblicopugliese.it\/?fbclid=IwAR0QCDZzgEsazsUKpKjZqG4ZSt2GplW7l2nEBANKrs7elqrs7I4VobbQw_0\" rel=\"noreferrer noopener\" target=\"_blank\">www.teatropubblicopugliese.it<\/a><\/p>\n\n\n\n<figure class=\"wp-block-image size-large\"><img decoding=\"async\" width=\"716\" height=\"1024\" src=\"https:\/\/acquaviva.lavocedelpaese.info\/wp-content\/uploads\/2023\/01\/325855901_1422613438509764_7103451870894119620_n-716x1024.jpg\" alt=\"\" class=\"wp-image-808\" srcset=\"https:\/\/acquaviva.lavocedelpaese.info\/wp-content\/uploads\/2023\/01\/325855901_1422613438509764_7103451870894119620_n-716x1024.jpg 716w, https:\/\/acquaviva.lavocedelpaese.info\/wp-content\/uploads\/2023\/01\/325855901_1422613438509764_7103451870894119620_n-210x300.jpg 210w, https:\/\/acquaviva.lavocedelpaese.info\/wp-content\/uploads\/2023\/01\/325855901_1422613438509764_7103451870894119620_n-768x1098.jpg 768w, https:\/\/acquaviva.lavocedelpaese.info\/wp-content\/uploads\/2023\/01\/325855901_1422613438509764_7103451870894119620_n-1074x1536.jpg 1074w, https:\/\/acquaviva.lavocedelpaese.info\/wp-content\/uploads\/2023\/01\/325855901_1422613438509764_7103451870894119620_n.jpg 560w\" sizes=\"(max-width: 716px) 100vw, 716px\" \/><\/figure>\n","protected":false},"excerpt":{"rendered":"<p>\u201cLa Boh\u00e8me\u201d di Puccini a cura di Giancarlo Nicoletti arriva ad Acquaviva delle Fonti. Sabato 21 gennaio \u2013 Teatro \u201cLuciani\u201d<\/p>\n","protected":false},"author":4,"featured_media":809,"comment_status":"open","ping_status":"closed","sticky":false,"template":"","format":"standard","meta":{"colormag_page_container_layout":"default_layout","colormag_page_sidebar_layout":"default_layout","_monsterinsights_skip_tracking":false,"_monsterinsights_sitenote_active":false,"_monsterinsights_sitenote_note":"","_monsterinsights_sitenote_category":0,"footnotes":""},"categories":[5,33],"tags":[],"class_list":["post-807","post","type-post","status-publish","format-standard","has-post-thumbnail","hentry","category-cultura","category-spalla"],"_links":{"self":[{"href":"https:\/\/acquaviva.lavocedelpaese.info\/index.php\/wp-json\/wp\/v2\/posts\/807","targetHints":{"allow":["GET"]}}],"collection":[{"href":"https:\/\/acquaviva.lavocedelpaese.info\/index.php\/wp-json\/wp\/v2\/posts"}],"about":[{"href":"https:\/\/acquaviva.lavocedelpaese.info\/index.php\/wp-json\/wp\/v2\/types\/post"}],"author":[{"embeddable":true,"href":"https:\/\/acquaviva.lavocedelpaese.info\/index.php\/wp-json\/wp\/v2\/users\/4"}],"replies":[{"embeddable":true,"href":"https:\/\/acquaviva.lavocedelpaese.info\/index.php\/wp-json\/wp\/v2\/comments?post=807"}],"version-history":[{"count":1,"href":"https:\/\/acquaviva.lavocedelpaese.info\/index.php\/wp-json\/wp\/v2\/posts\/807\/revisions"}],"predecessor-version":[{"id":810,"href":"https:\/\/acquaviva.lavocedelpaese.info\/index.php\/wp-json\/wp\/v2\/posts\/807\/revisions\/810"}],"wp:featuredmedia":[{"embeddable":true,"href":"https:\/\/acquaviva.lavocedelpaese.info\/index.php\/wp-json\/wp\/v2\/media\/809"}],"wp:attachment":[{"href":"https:\/\/acquaviva.lavocedelpaese.info\/index.php\/wp-json\/wp\/v2\/media?parent=807"}],"wp:term":[{"taxonomy":"category","embeddable":true,"href":"https:\/\/acquaviva.lavocedelpaese.info\/index.php\/wp-json\/wp\/v2\/categories?post=807"},{"taxonomy":"post_tag","embeddable":true,"href":"https:\/\/acquaviva.lavocedelpaese.info\/index.php\/wp-json\/wp\/v2\/tags?post=807"}],"curies":[{"name":"wp","href":"https:\/\/api.w.org\/{rel}","templated":true}]}}