{"id":5908,"date":"2025-12-04T17:00:09","date_gmt":"2025-12-04T17:00:09","guid":{"rendered":"https:\/\/acquaviva.lavocedelpaese.info\/?p=5908"},"modified":"2025-12-06T17:02:45","modified_gmt":"2025-12-06T17:02:45","slug":"la-luce-che-larte-restituisce","status":"publish","type":"post","link":"https:\/\/acquaviva.lavocedelpaese.info\/index.php\/2025\/12\/04\/la-luce-che-larte-restituisce\/","title":{"rendered":"&#8220;La luce che l&#8217;arte restituisce&#8221;"},"content":{"rendered":"\n<p>Inaugurazione venerd\u00ec 5 dicembre<br>Tutte le sere sino al 24 dicembre<br>Dalle ore 19 alle ore 20<br>Un evento unico ed originale<br>Ogni lampada un racconto, una luce che custodisce una memoria, quella del viaggio, dell&#8217;abbandono ed infine della rinascita attraverso l&#8217;arte.<br>Un invito a guardare con occhi nuovi ci\u00f2 che spesso viene scartato.<br>Un omaggio alla natura, alla creativit\u00e0 e alla possibilit\u00e0 di ricominciare.<br>Pezzi unici che illuminano un luogo ricco di creativit\u00e0.<br><br>Personale creativa di Tritto Eustachio Roberto Location: &#8216;associazione L&#8217;INCONTRO ODV- Piazza dei Martiri 80<br>Acquaviva delle Fonti.<br><br>INGRESSO LIBERO<\/p>\n\n\n\n<p><\/p>\n\n\n\n<figure class=\"wp-block-image size-full\"><img decoding=\"async\" src=\"https:\/\/acquaviva.lavocedelpaese.info\/wp-content\/uploads\/2025\/12\/5f234d91-9f37-434c-acd9-692e8ae7f5ad.jpg\" alt=\"\" class=\"wp-image-5909\" \/><\/figure>\n","protected":false},"excerpt":{"rendered":"<p>Inaugurazione venerd\u00ec 5 dicembreTutte le sere sino al 24 dicembreDalle ore 19 alle ore 20Un evento unico ed originaleOgni lampada<\/p>\n","protected":false},"author":4,"featured_media":5909,"comment_status":"open","ping_status":"closed","sticky":false,"template":"","format":"standard","meta":{"colormag_page_container_layout":"default_layout","colormag_page_sidebar_layout":"default_layout","_monsterinsights_skip_tracking":false,"_monsterinsights_sitenote_active":false,"_monsterinsights_sitenote_note":"","_monsterinsights_sitenote_category":0,"footnotes":""},"categories":[5,6,33],"tags":[],"class_list":["post-5908","post","type-post","status-publish","format-standard","has-post-thumbnail","hentry","category-cultura","category-eventi","category-spalla"],"_links":{"self":[{"href":"https:\/\/acquaviva.lavocedelpaese.info\/index.php\/wp-json\/wp\/v2\/posts\/5908","targetHints":{"allow":["GET"]}}],"collection":[{"href":"https:\/\/acquaviva.lavocedelpaese.info\/index.php\/wp-json\/wp\/v2\/posts"}],"about":[{"href":"https:\/\/acquaviva.lavocedelpaese.info\/index.php\/wp-json\/wp\/v2\/types\/post"}],"author":[{"embeddable":true,"href":"https:\/\/acquaviva.lavocedelpaese.info\/index.php\/wp-json\/wp\/v2\/users\/4"}],"replies":[{"embeddable":true,"href":"https:\/\/acquaviva.lavocedelpaese.info\/index.php\/wp-json\/wp\/v2\/comments?post=5908"}],"version-history":[{"count":1,"href":"https:\/\/acquaviva.lavocedelpaese.info\/index.php\/wp-json\/wp\/v2\/posts\/5908\/revisions"}],"predecessor-version":[{"id":5910,"href":"https:\/\/acquaviva.lavocedelpaese.info\/index.php\/wp-json\/wp\/v2\/posts\/5908\/revisions\/5910"}],"wp:featuredmedia":[{"embeddable":true,"href":"https:\/\/acquaviva.lavocedelpaese.info\/index.php\/wp-json\/wp\/v2\/media\/5909"}],"wp:attachment":[{"href":"https:\/\/acquaviva.lavocedelpaese.info\/index.php\/wp-json\/wp\/v2\/media?parent=5908"}],"wp:term":[{"taxonomy":"category","embeddable":true,"href":"https:\/\/acquaviva.lavocedelpaese.info\/index.php\/wp-json\/wp\/v2\/categories?post=5908"},{"taxonomy":"post_tag","embeddable":true,"href":"https:\/\/acquaviva.lavocedelpaese.info\/index.php\/wp-json\/wp\/v2\/tags?post=5908"}],"curies":[{"name":"wp","href":"https:\/\/api.w.org\/{rel}","templated":true}]}}