{"id":5882,"date":"2025-12-06T16:33:20","date_gmt":"2025-12-06T16:33:20","guid":{"rendered":"https:\/\/acquaviva.lavocedelpaese.info\/?p=5882"},"modified":"2025-12-06T16:57:54","modified_gmt":"2025-12-06T16:57:54","slug":"acquaviva-si-prepara-al-natale","status":"publish","type":"post","link":"https:\/\/acquaviva.lavocedelpaese.info\/index.php\/2025\/12\/06\/acquaviva-si-prepara-al-natale\/","title":{"rendered":"Acquaviva si prepara al Natale"},"content":{"rendered":"\n<p>Presentato il cartellone di Natale in Citt\u00e0 2025<\/p>\n\n\n\n<p><\/p>\n\n\n\n<p><\/p>\n\n\n\n<p>Il Comune di Acquaviva delle Fonti presenta \u201cNatale in Citt\u00e0\u201d, un ricco programma di eventi (consultabile sul sito dell\u2019ente) che animer\u00e0 la citt\u00e0 a partire dal 7 dicembre, trasformando vie, piazze e spazi culturali in un grande palcoscenico di musica, tradizioni e convivialit\u00e0.<\/p>\n\n\n\n<p>L\u2019iniziativa \u00e8 promossa dall\u2019amministrazione comunale, in collaborazione con le associazioni del territorio, prima fra tutte la Pro Loco Curtomartino e con il contributo di realt\u00e0 locali che da anni collaborano alla valorizzazione della citt\u00e0.<\/p>\n\n\n\n<p>Il cartellone degli eventi spazia tra appuntamenti enogastronomici, spettacoli musicali e iniziative culturali, diffusi nei luoghi simbolo della vita cittadina: dal Museo civico \u201cAustacio Busto\u201d al Teatro Luciani, fino alle strade del centro storico, che si vestiranno a festa con luci, suoni e profumi natalizi.<\/p>\n\n\n\n<p>Il programma prender\u00e0 il via sabato 7 dicembre con il tradizionale appuntamento dedicato alle pettole, simbolo della cucina e della festa popolare acquavivese, e proseguir\u00e0 con concerti, spettacoli per bambini, mercatini, mostre ed eventi itineranti, pensati per coinvolgere un pubblico di ogni et\u00e0. Da evidenziare l\u2019appuntamento dell\u20198 dicembre, alle 18 in piazza Garibaldi, con le \u201cFontane Danzanti\u201d, giochi di acqua per grandi e piccoli.<\/p>\n\n\n\n<p>\u00abAbbiamo voluto rendere le feste di quest\u2019anno ancora pi\u00f9 belle e partecipate \u2013 dichiara il sindaco Marco Lenoci \u2013. In un momento dell\u2019anno che rappresenta per tutti un\u2019occasione di incontro e di serenit\u00e0, l\u2019amministrazione comunale ha lavorato per costruire un calendario di eventi che dia calore alla citt\u00e0, valorizzando le energie del territorio e i suoi luoghi pi\u00f9 belli. Acquaviva merita di vivere un Natale pieno di luce e di comunit\u00e0.\u00bb<\/p>\n\n\n\n<p>L\u2019assessore alla Cultura e al Marketing territoriale Mariagrazia Barbieri aggiunge: \u00abLa scelta delle iniziative e degli eventi nasce dal desiderio di conservare e valorizzare le tradizioni che appartengono da sempre alla nostra citt\u00e0. Accanto agli appuntamenti pi\u00f9 popolari, come la festa delle pettole, ci saranno concerti e momenti culturali che negli anni sono diventati parte integrante delle festivit\u00e0 natalizie acquavivesi. \u00c8 un modo per coniugare memoria e innovazione, mantenendo vivo lo spirito autentico del nostro Natale.\u00bb<\/p>\n\n\n\n<p>Infine, Alessandro Macchia, presidente della Pro Loco Curtomartino, sottolinea: \u00abL\u2019aggregazione di associazioni del territorio \u00e9 uno dei segnali positivi che ci permette di guardare in prospettiva futura sul ruolo di una rete comune che promuova la nostra citt\u00e0. L\u2019occasione di dar voce alle progettualit\u00e0 in ambito natalizio incentiva senza dubbio ad un maggior coinvolgimento della cittadinanza attraverso laboratori e attivit\u00e0 per grandi e piccoli, feste di piazza, concerti, esperienze sul territorio. Natale in citt\u00e0 \u00e9 un contenitore per augurare a tutti un sereno periodo natalizio.\u00bb<\/p>\n\n\n\n<figure class=\"wp-block-gallery has-nested-images columns-default is-cropped wp-block-gallery-1 is-layout-flex wp-block-gallery-is-layout-flex\">\n<figure class=\"wp-block-image size-large\"><img decoding=\"async\" width=\"640\" height=\"800\" data-id=\"5894\" src=\"https:\/\/acquaviva.lavocedelpaese.info\/wp-content\/uploads\/2025\/12\/594139674_749904904823596_6036260589659318396_n.jpg\" alt=\"\" class=\"wp-image-5894\" srcset=\"https:\/\/acquaviva.lavocedelpaese.info\/wp-content\/uploads\/2025\/12\/594139674_749904904823596_6036260589659318396_n.jpg 640w, https:\/\/acquaviva.lavocedelpaese.info\/wp-content\/uploads\/2025\/12\/594139674_749904904823596_6036260589659318396_n-240x300.jpg 240w\" sizes=\"(max-width: 640px) 100vw, 640px\" \/><\/figure>\n<\/figure>\n\n\n\n<figure class=\"wp-block-image size-full is-resized\"><img decoding=\"async\" width=\"566\" height=\"800\" src=\"https:\/\/acquaviva.lavocedelpaese.info\/wp-content\/uploads\/2025\/12\/Natale-in-citta-programma-1.jpg\" alt=\"\" class=\"wp-image-5883\" style=\"width:760px;height:auto\" srcset=\"https:\/\/acquaviva.lavocedelpaese.info\/wp-content\/uploads\/2025\/12\/Natale-in-citta-programma-1.jpg 566w, https:\/\/acquaviva.lavocedelpaese.info\/wp-content\/uploads\/2025\/12\/Natale-in-citta-programma-1-212x300.jpg 212w\" sizes=\"(max-width: 566px) 100vw, 566px\" \/><\/figure>\n\n\n\n<figure class=\"wp-block-image size-full\"><img decoding=\"async\" width=\"640\" height=\"800\" src=\"https:\/\/acquaviva.lavocedelpaese.info\/wp-content\/uploads\/2025\/12\/593535245_749905011490252_6261530853593439319_n-1.jpg\" alt=\"\" class=\"wp-image-5895\" srcset=\"https:\/\/acquaviva.lavocedelpaese.info\/wp-content\/uploads\/2025\/12\/593535245_749905011490252_6261530853593439319_n-1.jpg 640w, https:\/\/acquaviva.lavocedelpaese.info\/wp-content\/uploads\/2025\/12\/593535245_749905011490252_6261530853593439319_n-1-240x300.jpg 240w\" sizes=\"(max-width: 640px) 100vw, 640px\" \/><\/figure>\n\n\n\n<p>7 DICEMBRE 2025<\/p>\n\n\n\n<p>ore 18:00 \u2022 Pettole, vino e dolci in Festa<\/p>\n\n\n\n<p>P.zza Garibaldi \/ Pro Loco Curtomartino<\/p>\n\n\n\n<p>ore 21:00 \u2022 Vito Tenzone ft. Shai Maestro<\/p>\n\n\n\n<p>P.zza dei Martiri 1799 \/ Club 1799<\/p>\n\n\n\n<p>8 DICEMBRE 2025<\/p>\n\n\n\n<p>ore 17:30 \u2022 Natale al Museo: visita guidata<\/p>\n\n\n\n<p>Museo Archeologico \/ Pro Loco e Archeoclub<\/p>\n\n\n\n<p>ore 20:00 \u2022 Giochi d\u2019acqua<\/p>\n\n\n\n<p>P.zza Garibaldi \/ Amministrazione Comunale<\/p>\n\n\n\n<figure class=\"wp-block-gallery has-nested-images columns-default is-cropped wp-block-gallery-2 is-layout-flex wp-block-gallery-is-layout-flex\">\n<figure class=\"wp-block-image size-large\"><img decoding=\"async\" width=\"640\" height=\"800\" data-id=\"5896\" src=\"https:\/\/acquaviva.lavocedelpaese.info\/wp-content\/uploads\/2025\/12\/594963255_749905001490253_3430697338107891183_n-1.jpg\" alt=\"\" class=\"wp-image-5896\" srcset=\"https:\/\/acquaviva.lavocedelpaese.info\/wp-content\/uploads\/2025\/12\/594963255_749905001490253_3430697338107891183_n-1.jpg 640w, https:\/\/acquaviva.lavocedelpaese.info\/wp-content\/uploads\/2025\/12\/594963255_749905001490253_3430697338107891183_n-1-240x300.jpg 240w\" sizes=\"(max-width: 640px) 100vw, 640px\" \/><\/figure>\n<\/figure>\n\n\n\n<p>11 DICEMBRE 2025<\/p>\n\n\n\n<p>ore 20:00 \u2022 The Soul of Christmas<\/p>\n\n\n\n<p>Cattedrale \/ Gospel Singers &#8211; Musica e Arte Project<\/p>\n\n\n\n<p>ore 20:00 \u2022 Radici &amp; Sapori: i rosati<\/p>\n\n\n\n<p>Museo Archeologico \/ Pro Loco Curtomartino<\/p>\n\n\n\n<p>12 DICEMBRE 2025<\/p>\n\n\n\n<p>Ore 19:30 \u2022 From Italy with love<\/p>\n\n\n\n<p>Teatro Luciani \/ Ass. Colafemmina<\/p>\n\n\n\n<p>13 DICEMBRE 2025<\/p>\n\n\n\n<p>ore 17:30 \u2022 Magia sotto il vischio: laboratori per tutti<\/p>\n\n\n\n<p>Biblioteca Comunale \/ Pro Loco Curtomartino<\/p>\n\n\n\n<p>ore 18:00 \u2022 Natale al cinema: WONKA (2023)<\/p>\n\n\n\n<p>Sala Colafemmina \/ Altrementi Labs<\/p>\n\n\n\n<p>ore 22:00 \u2022 Amphitrio<\/p>\n\n\n\n<p>P.zza dei Martiri 1799 \/ Club 1799<\/p>\n\n\n\n<figure class=\"wp-block-image size-full\"><img decoding=\"async\" width=\"640\" height=\"800\" src=\"https:\/\/acquaviva.lavocedelpaese.info\/wp-content\/uploads\/2025\/12\/591876891_749904828156937_4185570076864712782_n-1.jpg\" alt=\"\" class=\"wp-image-5897\" srcset=\"https:\/\/acquaviva.lavocedelpaese.info\/wp-content\/uploads\/2025\/12\/591876891_749904828156937_4185570076864712782_n-1.jpg 640w, https:\/\/acquaviva.lavocedelpaese.info\/wp-content\/uploads\/2025\/12\/591876891_749904828156937_4185570076864712782_n-1-240x300.jpg 240w\" sizes=\"(max-width: 640px) 100vw, 640px\" \/><\/figure>\n\n\n\n<p>14 DICEMBRE 2025<\/p>\n\n\n\n<p>ore 17:30 \u2022 Alla corte dei De Mari: visita guidata<\/p>\n\n\n\n<p>Info Point Turistico \/ Pro Loco Curtomartino<\/p>\n\n\n\n<p>15 DICEMBRE 2025<\/p>\n\n\n\n<p>ore 18:30 \u2022 Addobbi &amp; Lego: laboratorio creativo<\/p>\n\n\n\n<p>P.zza Garibaldi \/ Ass. Liberamente<\/p>\n\n\n\n<p>16 DICEMBRE 2025<\/p>\n\n\n\n<p>ore 16:00 \u2022 Regala istruzione. Regala un futuro<\/p>\n\n\n\n<p>P.zza Garibaldi \/ I.C. Caporizzi Lucarelli<\/p>\n\n\n\n<p>ore 18:00 \u2022 ICE &amp; CLAY: laboratorio natalizio con argilla<\/p>\n\n\n\n<p>P.zza Garibaldi \/ Ass. Febe<\/p>\n\n\n\n<p>17 DICEMBRE 2025<\/p>\n\n\n\n<p>ore 16:00 \u2022 Festa della solidariet\u00e0<\/p>\n\n\n\n<p>P.zza Garibaldi \/ I.C. De Amicis Giovanni XXIII<\/p>\n\n\n\n<figure class=\"wp-block-gallery has-nested-images columns-default is-cropped wp-block-gallery-3 is-layout-flex wp-block-gallery-is-layout-flex\">\n<figure class=\"wp-block-image size-large\"><img decoding=\"async\" width=\"640\" height=\"800\" data-id=\"5898\" src=\"https:\/\/acquaviva.lavocedelpaese.info\/wp-content\/uploads\/2025\/12\/590929375_749904691490284_6252086097401137294_n-1.jpg\" alt=\"\" class=\"wp-image-5898\" srcset=\"https:\/\/acquaviva.lavocedelpaese.info\/wp-content\/uploads\/2025\/12\/590929375_749904691490284_6252086097401137294_n-1.jpg 640w, https:\/\/acquaviva.lavocedelpaese.info\/wp-content\/uploads\/2025\/12\/590929375_749904691490284_6252086097401137294_n-1-240x300.jpg 240w\" sizes=\"(max-width: 640px) 100vw, 640px\" \/><\/figure>\n<\/figure>\n\n\n\n<p>18 DICEMBRE 2025<\/p>\n\n\n\n<p>ore 18:00 \u2022 VI edizione della Tombolata letteraria<\/p>\n\n\n\n<p>Sala Colafemmina \/ Circolo del Grillo Parlante<\/p>\n\n\n\n<p>19 DICEMBRE 2025<\/p>\n\n\n\n<p>dalle ore 17:00 \u2022 La casa di Babbo Natale<\/p>\n\n\n\n<p>via Corso 15 \/ Ass. Sognare e perdersi<\/p>\n\n\n\n<p>ore 18:00 \u2022 ICE &amp; CLAY: laboratorio natalizio con argilla<\/p>\n\n\n\n<p>P.zza Garibaldi\/ Ass. Febe<\/p>\n\n\n\n<p>ore 20:30 \u2022 Omaggio a Fabrizio de Andr\u00e8<\/p>\n\n\n\n<p>Teatro Luciani \/ i Tema<\/p>\n\n\n\n<figure class=\"wp-block-image size-full\"><img decoding=\"async\" width=\"640\" height=\"800\" src=\"https:\/\/acquaviva.lavocedelpaese.info\/wp-content\/uploads\/2025\/12\/593858522_749904948156925_5350669998536245989_n-1.jpg\" alt=\"\" class=\"wp-image-5899\" srcset=\"https:\/\/acquaviva.lavocedelpaese.info\/wp-content\/uploads\/2025\/12\/593858522_749904948156925_5350669998536245989_n-1.jpg 640w, https:\/\/acquaviva.lavocedelpaese.info\/wp-content\/uploads\/2025\/12\/593858522_749904948156925_5350669998536245989_n-1-240x300.jpg 240w\" sizes=\"(max-width: 640px) 100vw, 640px\" \/><\/figure>\n\n\n\n<p>20 DICEMBRE 2025<\/p>\n\n\n\n<p>ore 17:00 \u2022 Bollicine di Natale: visita con degustazione<\/p>\n\n\n\n<p>Cantine Benotto \/ Pro Loco Curtomartino<\/p>\n\n\n\n<p>ore 17:30 \u2022 Sulle vie dell\u2019acqua: visita guidata<\/p>\n\n\n\n<p>Info Point Turistico \/ Pro Loco Curtomartino<\/p>\n\n\n\n<p>dalle ore 17:00 \u2022 La casa di Babbo Natale<\/p>\n\n\n\n<p>via Corso 15 \/ Ass. Sognare e perdersi<\/p>\n\n\n\n<p>ore 18:00 \u2022 Natale al cinema: IL GRINCH (2018)<\/p>\n\n\n\n<p>Sala Colafemmina \/ Altrementi Labs<\/p>\n\n\n\n<p>ore 18:00 \u2022 Notte di Natale: laboratori per tutti<\/p>\n\n\n\n<p>Biblioteca Comunale \/ Pro Loco Curtomartino<\/p>\n\n\n\n<p>ore 20:30 \u2022 Gospel di Natale<\/p>\n\n\n\n<p>Teatro Luciani \/ AncheCinema<\/p>\n\n\n\n<p>ore 22:00 \u2022 4tet Vittorio Solimene<\/p>\n\n\n\n<p>P.zza dei Martiri 1799 \/ Club 1799<\/p>\n\n\n\n<figure class=\"wp-block-gallery has-nested-images columns-default is-cropped wp-block-gallery-4 is-layout-flex wp-block-gallery-is-layout-flex\">\n<figure class=\"wp-block-image size-large\"><img decoding=\"async\" width=\"640\" height=\"800\" data-id=\"5900\" src=\"https:\/\/acquaviva.lavocedelpaese.info\/wp-content\/uploads\/2025\/12\/593797691_749904958156924_7124832568657790555_n-1.jpg\" alt=\"\" class=\"wp-image-5900\" srcset=\"https:\/\/acquaviva.lavocedelpaese.info\/wp-content\/uploads\/2025\/12\/593797691_749904958156924_7124832568657790555_n-1.jpg 640w, https:\/\/acquaviva.lavocedelpaese.info\/wp-content\/uploads\/2025\/12\/593797691_749904958156924_7124832568657790555_n-1-240x300.jpg 240w\" sizes=\"(max-width: 640px) 100vw, 640px\" \/><\/figure>\n<\/figure>\n\n\n\n<p>21 DICEMBRE 2025<\/p>\n\n\n\n<p>ore 10:00 \u2022 Cooking Class: il calzone di cipolla<\/p>\n\n\n\n<p>Pizzeria Grano \/ Pro Loco Curtomartino<\/p>\n\n\n\n<p>dalle ore 17:00 \u2022 La casa di Babbo Natale<\/p>\n\n\n\n<p>via Corso 15 \/ Ass. Sognare e perdersi<\/p>\n\n\n\n<p>ore 21:00 \u2022 Raphael Gualazzi<\/p>\n\n\n\n<p>Teatro Luciani \/ Club 1799<\/p>\n\n\n\n<p>22 DICEMBRE 2025<\/p>\n\n\n\n<p>ore 18:00 \u2022 Letture sotto la neve (Nati per Leggere)<\/p>\n\n\n\n<p>P.zza Garibaldi \/ Circolo del Grillo Parlante<\/p>\n\n\n\n<p>23 DICEMBRE 2025<\/p>\n\n\n\n<p>dalle ore 18:30 \u2022 Muah Muah: serenata fotografica<\/p>\n\n\n\n<p>itinerante in centro citt\u00e0 \/ Pro Loco Curtomartino<\/p>\n\n\n\n<p>direzione artistica Angelica Squicciarini<\/p>\n\n\n\n<p>ore 22:00 \u2022 Luca Aquino 4tet ft. Giuseppe Bassi<\/p>\n\n\n\n<p>P.zza dei Martiri 1799 \/ Club 1799<\/p>\n\n\n\n<figure class=\"wp-block-image size-full\"><img decoding=\"async\" width=\"640\" height=\"800\" src=\"https:\/\/acquaviva.lavocedelpaese.info\/wp-content\/uploads\/2025\/12\/589173357_18340018450227957_2639732032961302710_n.jpg\" alt=\"\" class=\"wp-image-5903\" srcset=\"https:\/\/acquaviva.lavocedelpaese.info\/wp-content\/uploads\/2025\/12\/589173357_18340018450227957_2639732032961302710_n.jpg 640w, https:\/\/acquaviva.lavocedelpaese.info\/wp-content\/uploads\/2025\/12\/589173357_18340018450227957_2639732032961302710_n-240x300.jpg 240w\" sizes=\"(max-width: 640px) 100vw, 640px\" \/><\/figure>\n\n\n\n<p>27 DICEMBRE 2025<\/p>\n\n\n\n<p>ore 17:30 \u2022 Tra sacro e profano: visita guidata<\/p>\n\n\n\n<p>Info Point Turistico \/ Pro Loco Curtomartino<\/p>\n\n\n\n<p>ore 18:00 \u2022 Natale al cinema: LE 5 LEGGENDE (2012)<\/p>\n\n\n\n<p>Sala Colafemmina \/ Altrementi Labs<\/p>\n\n\n\n<p>ore 19:00 \u2022 Giochi sotto la neve (giochi da tavolo)<\/p>\n\n\n\n<p>Sala Angelillo \/ Ass. Arcadia<\/p>\n\n\n\n<p>ore 22:00 \u2022 Andrea Sabatino 5tet Fatata<\/p>\n\n\n\n<p>P.zza dei Martiri 1799 \/ Club 1799<\/p>\n\n\n\n<p>28 DICEMBRE 2025<\/p>\n\n\n\n<p>ore 18:00 \u2022 Drumcircle natalizio<\/p>\n\n\n\n<p>P.zza Garibaldi \/ Ass. Sacro Cuore<\/p>\n\n\n\n<p>ore 18:00 \u2022 Sognare e perdersi: visita guidata<\/p>\n\n\n\n<p>Via Corso 15 \/ Pro Loco Curtomartino<\/p>\n\n\n\n<p>ore 20:30 \u2022 The soul of Christmas<\/p>\n\n\n\n<p>Teatro Luciani \/ Lion\u2019s Club<\/p>\n\n\n\n<figure class=\"wp-block-gallery has-nested-images columns-default is-cropped wp-block-gallery-5 is-layout-flex wp-block-gallery-is-layout-flex\">\n<figure class=\"wp-block-image size-large\"><img decoding=\"async\" width=\"640\" height=\"800\" data-id=\"5904\" src=\"https:\/\/acquaviva.lavocedelpaese.info\/wp-content\/uploads\/2025\/12\/593845498_749905041490249_7417230038464905876_n-1.jpg\" alt=\"\" class=\"wp-image-5904\" srcset=\"https:\/\/acquaviva.lavocedelpaese.info\/wp-content\/uploads\/2025\/12\/593845498_749905041490249_7417230038464905876_n-1.jpg 640w, https:\/\/acquaviva.lavocedelpaese.info\/wp-content\/uploads\/2025\/12\/593845498_749905041490249_7417230038464905876_n-1-240x300.jpg 240w\" sizes=\"(max-width: 640px) 100vw, 640px\" \/><\/figure>\n<\/figure>\n\n\n\n<p>29 DICEMBRE 2025<\/p>\n\n\n\n<p>ore 19:30 \u2022 ArmoniosaMente &#8211; InCanto Christmas Show<\/p>\n\n\n\n<p>Sala Colafemmina \/ Ass. MUSInCanto<\/p>\n\n\n\n<p>ore 20:30 \u2022 La stella di Natale<\/p>\n\n\n\n<p>Biblioteca Comunale \/ Ass. Andromeda<\/p>\n\n\n\n<p>30 DICEMBRE 2025<\/p>\n\n\n\n<p>ore 19:00 \u2022 Giochi del passato (giochi da tavolo)<\/p>\n\n\n\n<p>Sala Angelillo \/ Ass. Arcadia<\/p>\n\n\n\n<p>ore 20:30 \u2022 Concerto duo pianistico Feola<\/p>\n\n\n\n<p>Sala Colafemmina \/ Nicoletta e Angela Feola<\/p>\n\n\n\n<figure class=\"wp-block-image size-full\"><img decoding=\"async\" width=\"640\" height=\"800\" src=\"https:\/\/acquaviva.lavocedelpaese.info\/wp-content\/uploads\/2025\/12\/594820084_749904894823597_8810539894556210636_n.jpg\" alt=\"\" class=\"wp-image-5905\" srcset=\"https:\/\/acquaviva.lavocedelpaese.info\/wp-content\/uploads\/2025\/12\/594820084_749904894823597_8810539894556210636_n.jpg 640w, https:\/\/acquaviva.lavocedelpaese.info\/wp-content\/uploads\/2025\/12\/594820084_749904894823597_8810539894556210636_n-240x300.jpg 240w\" sizes=\"(max-width: 640px) 100vw, 640px\" \/><\/figure>\n\n\n\n<p>2 GENNAIO 2026<\/p>\n\n\n\n<p>ore 18:00 \u2022 VI edizione della Tombolata letteraria<\/p>\n\n\n\n<p>Sala Colafemmina \/ Circolo del Grillo Parlante<\/p>\n\n\n\n<p>ore 19:00 \u2022 Giochi del futuro (giochi da tavolo)<\/p>\n\n\n\n<p>Sala Angelillo \/ Ass. Arcadia<\/p>\n\n\n\n<p>3 GENNAIO 2026<\/p>\n\n\n\n<p>ore 18:00 \u2022 Letture sotto la neve (Nati per leggere)<\/p>\n\n\n\n<p>P.zza Garibaldi \/ Circolo del Grillo Parlante<\/p>\n\n\n\n<p>ore 19:00 \u2022 La Befana e la scopa volante<\/p>\n\n\n\n<p>spettacolo di burattini &#8211; P.zza Garibaldi \/ La carovana dei sogni<\/p>\n\n\n\n<p>4 GENNAIO 2026<\/p>\n\n\n\n<p>ore 18:00 \u2022 Natale al cinema: SMALL FOOT (2018)<\/p>\n\n\n\n<p>Sala Colafemmina \/ Altrementi Labs<\/p>\n\n\n\n<p>ore 19:00 \u2022 Domenica al Museo: visita guidata<\/p>\n\n\n\n<p>Museo Archeologico \/ Pro Loco e Archeoclub<\/p>\n\n\n\n<p>5 GENNAIO 2026<\/p>\n\n\n\n<p>ore 20:30 \u2022 Concerto di Capodanno<\/p>\n\n\n\n<p>Teatro Luciani \/ Festival Opera de Mari<\/p>\n\n\n\n<figure class=\"wp-block-gallery has-nested-images columns-default is-cropped wp-block-gallery-6 is-layout-flex wp-block-gallery-is-layout-flex\">\n<figure class=\"wp-block-image size-large\"><img decoding=\"async\" width=\"640\" height=\"800\" data-id=\"5906\" src=\"https:\/\/acquaviva.lavocedelpaese.info\/wp-content\/uploads\/2025\/12\/594139674_749904904823596_6036260589659318396_n-1.jpg\" alt=\"\" class=\"wp-image-5906\" srcset=\"https:\/\/acquaviva.lavocedelpaese.info\/wp-content\/uploads\/2025\/12\/594139674_749904904823596_6036260589659318396_n-1.jpg 640w, https:\/\/acquaviva.lavocedelpaese.info\/wp-content\/uploads\/2025\/12\/594139674_749904904823596_6036260589659318396_n-1-240x300.jpg 240w\" sizes=\"(max-width: 640px) 100vw, 640px\" \/><\/figure>\n<\/figure>\n","protected":false},"excerpt":{"rendered":"<p>Presentato il cartellone di Natale in Citt\u00e0 2025 Il Comune di Acquaviva delle Fonti presenta \u201cNatale in Citt\u00e0\u201d, un ricco<\/p>\n","protected":false},"author":4,"featured_media":5880,"comment_status":"open","ping_status":"closed","sticky":false,"template":"","format":"standard","meta":{"colormag_page_container_layout":"default_layout","colormag_page_sidebar_layout":"default_layout","_monsterinsights_skip_tracking":false,"_monsterinsights_sitenote_active":false,"_monsterinsights_sitenote_note":"","_monsterinsights_sitenote_category":0,"footnotes":""},"categories":[2,6,28],"tags":[],"class_list":["post-5882","post","type-post","status-publish","format-standard","has-post-thumbnail","hentry","category-attualita","category-eventi","category-primo-piano"],"_links":{"self":[{"href":"https:\/\/acquaviva.lavocedelpaese.info\/index.php\/wp-json\/wp\/v2\/posts\/5882","targetHints":{"allow":["GET"]}}],"collection":[{"href":"https:\/\/acquaviva.lavocedelpaese.info\/index.php\/wp-json\/wp\/v2\/posts"}],"about":[{"href":"https:\/\/acquaviva.lavocedelpaese.info\/index.php\/wp-json\/wp\/v2\/types\/post"}],"author":[{"embeddable":true,"href":"https:\/\/acquaviva.lavocedelpaese.info\/index.php\/wp-json\/wp\/v2\/users\/4"}],"replies":[{"embeddable":true,"href":"https:\/\/acquaviva.lavocedelpaese.info\/index.php\/wp-json\/wp\/v2\/comments?post=5882"}],"version-history":[{"count":3,"href":"https:\/\/acquaviva.lavocedelpaese.info\/index.php\/wp-json\/wp\/v2\/posts\/5882\/revisions"}],"predecessor-version":[{"id":5907,"href":"https:\/\/acquaviva.lavocedelpaese.info\/index.php\/wp-json\/wp\/v2\/posts\/5882\/revisions\/5907"}],"wp:featuredmedia":[{"embeddable":true,"href":"https:\/\/acquaviva.lavocedelpaese.info\/index.php\/wp-json\/wp\/v2\/media\/5880"}],"wp:attachment":[{"href":"https:\/\/acquaviva.lavocedelpaese.info\/index.php\/wp-json\/wp\/v2\/media?parent=5882"}],"wp:term":[{"taxonomy":"category","embeddable":true,"href":"https:\/\/acquaviva.lavocedelpaese.info\/index.php\/wp-json\/wp\/v2\/categories?post=5882"},{"taxonomy":"post_tag","embeddable":true,"href":"https:\/\/acquaviva.lavocedelpaese.info\/index.php\/wp-json\/wp\/v2\/tags?post=5882"}],"curies":[{"name":"wp","href":"https:\/\/api.w.org\/{rel}","templated":true}]}}