{"id":5861,"date":"2025-11-14T06:04:12","date_gmt":"2025-11-14T06:04:12","guid":{"rendered":"https:\/\/acquaviva.lavocedelpaese.info\/?p=5861"},"modified":"2025-11-14T06:04:13","modified_gmt":"2025-11-14T06:04:13","slug":"leta-sommersa-di-saverio-abbruzzese","status":"publish","type":"post","link":"https:\/\/acquaviva.lavocedelpaese.info\/index.php\/2025\/11\/14\/leta-sommersa-di-saverio-abbruzzese\/","title":{"rendered":"&#8220;L&#8217;et\u00e0 sommersa&#8221; di Saverio Abbruzzese"},"content":{"rendered":"\n<p>Il 17 novembre presentazione al Liceo &#8220;Don Milani&#8221; di Acquaviva delle Fonti<\/p>\n\n\n\n<p>L &#8216;Associazione Permanente di Solidariet\u00e0 di Acquaviva delle Fonti, associazione di volontariato locale che opera sul nostro territorio dal 1997,\u00a0 organizza per lunedi\u00ec17 novembre 2025\u00a0 con inizio alle ore 17,\u00a0 presso l&#8217;auditorium del liceo &#8221; Don Milani &#8220;,\u00a0 la presentazione del libro &#8220;L&#8217;et\u00e0 sommersa &#8220;.<\/p>\n\n\n\n<p>\u00a0Con l&#8217;autore ,prof .Saverio Abbruzzese ,psicoterapeuta e criminologo clinico, \u00a0 dialogheranno il dott.Vito Romanelli, l&#8217;avvocatessa Titti Calfapietro, il prof .Nicola Lofrese.<\/p>\n\n\n\n<p>\u00a0 L&#8217; Associazione Permanente di Solidariet\u00e0, sulla scia di quanto gi\u00e0 fatto negli scorsi anni intende cos\u00ec\u00a0 promuovere\u00a0 ancora una volta un importante momento formativo, su tematiche decisamente attuali e sempre relative al mondo dei minori.<\/p>\n\n\n\n<p>\u00a0 Il tema del cambiamento e della possibile rinascita, legata alla forza dirompente di gesti\u00a0 e  di scelte concrete d &#8216;amore, nonostante il dolore di traumi profondi, viene ampiamente sviscerato attraverso l&#8217;analisi \u00a0del romanzo, affidata ad\u00a0 una attenta lettura a pi\u00f9 voci.<\/p>\n\n\n\n<figure class=\"wp-block-image size-full\"><img decoding=\"async\" width=\"566\" height=\"800\" src=\"https:\/\/acquaviva.lavocedelpaese.info\/wp-content\/uploads\/2025\/11\/f6912e59-e921-428f-9f77-b713cd206d7f-1.jpg\" alt=\"\" class=\"wp-image-5863\" srcset=\"https:\/\/acquaviva.lavocedelpaese.info\/wp-content\/uploads\/2025\/11\/f6912e59-e921-428f-9f77-b713cd206d7f-1.jpg 566w, https:\/\/acquaviva.lavocedelpaese.info\/wp-content\/uploads\/2025\/11\/f6912e59-e921-428f-9f77-b713cd206d7f-1-212x300.jpg 212w\" sizes=\"(max-width: 566px) 100vw, 566px\" \/><\/figure>\n","protected":false},"excerpt":{"rendered":"<p>Il 17 novembre presentazione al Liceo &#8220;Don Milani&#8221; di Acquaviva delle Fonti L &#8216;Associazione Permanente di Solidariet\u00e0 di Acquaviva delle<\/p>\n","protected":false},"author":4,"featured_media":5862,"comment_status":"open","ping_status":"closed","sticky":false,"template":"","format":"standard","meta":{"colormag_page_container_layout":"default_layout","colormag_page_sidebar_layout":"default_layout","_monsterinsights_skip_tracking":false,"_monsterinsights_sitenote_active":false,"_monsterinsights_sitenote_note":"","_monsterinsights_sitenote_category":0,"footnotes":""},"categories":[5,33],"tags":[],"class_list":["post-5861","post","type-post","status-publish","format-standard","has-post-thumbnail","hentry","category-cultura","category-spalla"],"_links":{"self":[{"href":"https:\/\/acquaviva.lavocedelpaese.info\/index.php\/wp-json\/wp\/v2\/posts\/5861","targetHints":{"allow":["GET"]}}],"collection":[{"href":"https:\/\/acquaviva.lavocedelpaese.info\/index.php\/wp-json\/wp\/v2\/posts"}],"about":[{"href":"https:\/\/acquaviva.lavocedelpaese.info\/index.php\/wp-json\/wp\/v2\/types\/post"}],"author":[{"embeddable":true,"href":"https:\/\/acquaviva.lavocedelpaese.info\/index.php\/wp-json\/wp\/v2\/users\/4"}],"replies":[{"embeddable":true,"href":"https:\/\/acquaviva.lavocedelpaese.info\/index.php\/wp-json\/wp\/v2\/comments?post=5861"}],"version-history":[{"count":1,"href":"https:\/\/acquaviva.lavocedelpaese.info\/index.php\/wp-json\/wp\/v2\/posts\/5861\/revisions"}],"predecessor-version":[{"id":5864,"href":"https:\/\/acquaviva.lavocedelpaese.info\/index.php\/wp-json\/wp\/v2\/posts\/5861\/revisions\/5864"}],"wp:featuredmedia":[{"embeddable":true,"href":"https:\/\/acquaviva.lavocedelpaese.info\/index.php\/wp-json\/wp\/v2\/media\/5862"}],"wp:attachment":[{"href":"https:\/\/acquaviva.lavocedelpaese.info\/index.php\/wp-json\/wp\/v2\/media?parent=5861"}],"wp:term":[{"taxonomy":"category","embeddable":true,"href":"https:\/\/acquaviva.lavocedelpaese.info\/index.php\/wp-json\/wp\/v2\/categories?post=5861"},{"taxonomy":"post_tag","embeddable":true,"href":"https:\/\/acquaviva.lavocedelpaese.info\/index.php\/wp-json\/wp\/v2\/tags?post=5861"}],"curies":[{"name":"wp","href":"https:\/\/api.w.org\/{rel}","templated":true}]}}