{"id":5800,"date":"2025-10-01T18:09:00","date_gmt":"2025-10-01T18:09:00","guid":{"rendered":"https:\/\/acquaviva.lavocedelpaese.info\/?p=5800"},"modified":"2025-10-06T17:10:43","modified_gmt":"2025-10-06T17:10:43","slug":"acquaviva-pronta-ad-accogliere-la-walk-for-mental-health","status":"publish","type":"post","link":"https:\/\/acquaviva.lavocedelpaese.info\/index.php\/2025\/10\/01\/acquaviva-pronta-ad-accogliere-la-walk-for-mental-health\/","title":{"rendered":"Acquaviva pronta ad accogliere la \u201cWalk for Mental Health\u201d"},"content":{"rendered":"\n<p><strong> Appuntamento il 5 ottobre<\/strong><\/p>\n\n\n\n<p>Si \u00e8 svolta questa mattina, nella sala consiliare del Comune di Acquaviva delle Fonti, la conferenza stampa di presentazione della \u201cWalk for Mental Health \u2013 Camminiamo insieme per promuovere la salute mentale\u201d, manifestazione organizzata dal Centro di Salute Mentale Area 2 della ASL Bari in collaborazione con il Comune di Acquaviva.<\/p>\n\n\n\n<p>Dopo il successo della prima edizione, l\u2019iniziativa torna con un nuovo appuntamento domenica 5 ottobre 2025, dalle ore 9.00 alle ore 13.00, con partenza e arrivo in piazza dei Martiri. La camminata coinvolger\u00e0 cittadini, scuole, associazioni e istituzioni dei dieci comuni afferenti al CSM Area 2 (Acquaviva, Altamura, Binetto, Cassano delle Murge, Gravina, Grumo Appula, Poggiorsini, Sannicandro, Santeramo, Toritto), per ribadire insieme che la salute mentale si costruisce nella comunit\u00e0 e che \u00e8 necessario abbattere ogni forma di stigma verso chi soffre di disturbi psichici.<\/p>\n\n\n\n<p>L\u2019intera cittadinanza \u00e8 invitata a partecipare a una mattinata che unisce sport, solidariet\u00e0 e sensibilizzazione, trasformando le strade della citt\u00e0 in un grande palcoscenico di inclusione e partecipazione.<\/p>\n\n\n\n<p>Il sindaco Marco Lenoci ha dichiarato: \u00abSiamo orgogliosi di aver proposto Acquaviva per ospitare la seconda edizione di questa manifestazione che porta alla luce un tema troppo spesso nascosto. La salute mentale riguarda tutti, e iniziative come questa aiutano a rompere il silenzio e a costruire una comunit\u00e0 pi\u00f9 attenta e solidale.\u00bb<\/p>\n\n\n\n<p>L\u2019assessora alle Politiche Sociali Imma Morano ha aggiunto: \u00abLa cura degli altri \u00e8 un valore fondamentale che definisce la qualit\u00e0 di una comunit\u00e0. Con questa camminata ribadiamo che nessuno deve sentirsi solo di fronte alla fragilit\u00e0. La partecipazione collettiva \u00e8 la risposta pi\u00f9 forte contro l\u2019indifferenza.\u00bb<\/p>\n\n\n\n<p>La dott.ssa Caterina Lobaccaro, direttrice f.f. UOC CSM Area 2, ha evidenziato: \u00abIl nostro lavoro supportato concretamente dal Comune di Acquaviva, ha visto un lungo percorso preparativo cominciato a gennaio con le associazioni di familiari e gli utenti APSM Il Tasso, ATSM Speranza e associazione Il Sorriso, con le strutture riabilitative psichiatriche che insistono sul nostro territorio (Auxilium, EPASSS, San Francesco, Fratello Sole, Questa Citt\u00e0). Riteniamo che la lotta allo stigma in salute mentale sia oggi una priorit\u00e0 imprescindibile. Insieme a noi si sono unite nel percorso associazioni socio-culturali del territorio, e abbiamo avuto il patrocinio fattivo dei dieci comuni dell\u2019alta e bassa Murgia, nonch\u00e9 del Garante dei Diritti per le Persone con Disabilit\u00e0 della Regione Puglia\u00bb.<\/p>\n\n\n\n<p>Appuntamento quindi a domenica 5 ottobre, ore 9.00 in piazza dei Martiri, per camminare insieme nel segno della salute mentale e della comunit\u00e0.<\/p>\n","protected":false},"excerpt":{"rendered":"<p>Appuntamento il 5 ottobre Si \u00e8 svolta questa mattina, nella sala consiliare del Comune di Acquaviva delle Fonti, la conferenza<\/p>\n","protected":false},"author":4,"featured_media":5801,"comment_status":"open","ping_status":"closed","sticky":false,"template":"","format":"standard","meta":{"colormag_page_container_layout":"default_layout","colormag_page_sidebar_layout":"default_layout","_monsterinsights_skip_tracking":false,"_monsterinsights_sitenote_active":false,"_monsterinsights_sitenote_note":"","_monsterinsights_sitenote_category":0,"footnotes":""},"categories":[2,33],"tags":[],"class_list":["post-5800","post","type-post","status-publish","format-standard","has-post-thumbnail","hentry","category-attualita","category-spalla"],"_links":{"self":[{"href":"https:\/\/acquaviva.lavocedelpaese.info\/index.php\/wp-json\/wp\/v2\/posts\/5800","targetHints":{"allow":["GET"]}}],"collection":[{"href":"https:\/\/acquaviva.lavocedelpaese.info\/index.php\/wp-json\/wp\/v2\/posts"}],"about":[{"href":"https:\/\/acquaviva.lavocedelpaese.info\/index.php\/wp-json\/wp\/v2\/types\/post"}],"author":[{"embeddable":true,"href":"https:\/\/acquaviva.lavocedelpaese.info\/index.php\/wp-json\/wp\/v2\/users\/4"}],"replies":[{"embeddable":true,"href":"https:\/\/acquaviva.lavocedelpaese.info\/index.php\/wp-json\/wp\/v2\/comments?post=5800"}],"version-history":[{"count":1,"href":"https:\/\/acquaviva.lavocedelpaese.info\/index.php\/wp-json\/wp\/v2\/posts\/5800\/revisions"}],"predecessor-version":[{"id":5802,"href":"https:\/\/acquaviva.lavocedelpaese.info\/index.php\/wp-json\/wp\/v2\/posts\/5800\/revisions\/5802"}],"wp:featuredmedia":[{"embeddable":true,"href":"https:\/\/acquaviva.lavocedelpaese.info\/index.php\/wp-json\/wp\/v2\/media\/5801"}],"wp:attachment":[{"href":"https:\/\/acquaviva.lavocedelpaese.info\/index.php\/wp-json\/wp\/v2\/media?parent=5800"}],"wp:term":[{"taxonomy":"category","embeddable":true,"href":"https:\/\/acquaviva.lavocedelpaese.info\/index.php\/wp-json\/wp\/v2\/categories?post=5800"},{"taxonomy":"post_tag","embeddable":true,"href":"https:\/\/acquaviva.lavocedelpaese.info\/index.php\/wp-json\/wp\/v2\/tags?post=5800"}],"curies":[{"name":"wp","href":"https:\/\/api.w.org\/{rel}","templated":true}]}}