{"id":5780,"date":"2025-09-25T17:05:20","date_gmt":"2025-09-25T17:05:20","guid":{"rendered":"https:\/\/acquaviva.lavocedelpaese.info\/?p=5780"},"modified":"2025-09-25T17:05:21","modified_gmt":"2025-09-25T17:05:21","slug":"in-fondo-al-mio-castello","status":"publish","type":"post","link":"https:\/\/acquaviva.lavocedelpaese.info\/index.php\/2025\/09\/25\/in-fondo-al-mio-castello\/","title":{"rendered":"&#8220;In fondo al mio castello!"},"content":{"rendered":"\n<p><\/p>\n\n\n\n<p>RASSEGNA LETTERARIA L&#8217;INCONTRO IN ACQUAVIVA<\/p>\n\n\n\n<p><\/p>\n\n\n\n<p>Appuntamento da non perdere Sabato 27 settembre ore 18.00 presso la Sala &#8220;Giuseppe D&#8217;Ambrosio Angelillo&#8221; di Palazzo De Mari nel Comune di Acquaviva delle Fonti con la presentazione del libro &#8220;In fondo al mio castello&#8221; scritto da  Anna Magist\u00e0.<\/p>\n\n\n\n<p>&#8220;Spesso il fallimento dei rapporti \u00e8 dovuto proprio a questo, ci si incontra e ci si innamora; ma la verit\u00e0 \u00e8 dobbiamo prima conoscere noi stessi&#8230;&#8221;<\/p>\n\n\n\n<p>Anna Magist\u00e0 , non poteva che aprire le porte del suo castello con questa bellissima provocazione che scrive nella premessa del suo terzo libro.<\/p>\n\n\n\n<p>Dialogano con l&#8217;autrice Antonella Ferrulli e Anna Rita Martellotta.<\/p>\n\n\n\n<p>Evento patrocinato dal comune di Acquaviva delle Fonti in collaborazione con l&#8217;associazione &#8220;Piovono Libri&#8221;.<\/p>\n\n\n\n<figure class=\"wp-block-image size-full\"><img decoding=\"async\" src=\"https:\/\/acquaviva.lavocedelpaese.info\/wp-content\/uploads\/2025\/09\/552934553_10238520776707156_2819983685383604483_n.jpg\" alt=\"\" class=\"wp-image-5781\" \/><\/figure>\n","protected":false},"excerpt":{"rendered":"<p>RASSEGNA LETTERARIA L&#8217;INCONTRO IN ACQUAVIVA Appuntamento da non perdere Sabato 27 settembre ore 18.00 presso la Sala &#8220;Giuseppe D&#8217;Ambrosio Angelillo&#8221;<\/p>\n","protected":false},"author":4,"featured_media":5781,"comment_status":"open","ping_status":"closed","sticky":false,"template":"","format":"standard","meta":{"colormag_page_container_layout":"default_layout","colormag_page_sidebar_layout":"default_layout","_monsterinsights_skip_tracking":false,"_monsterinsights_sitenote_active":false,"_monsterinsights_sitenote_note":"","_monsterinsights_sitenote_category":0,"footnotes":""},"categories":[5,6,33],"tags":[],"class_list":["post-5780","post","type-post","status-publish","format-standard","has-post-thumbnail","hentry","category-cultura","category-eventi","category-spalla"],"_links":{"self":[{"href":"https:\/\/acquaviva.lavocedelpaese.info\/index.php\/wp-json\/wp\/v2\/posts\/5780","targetHints":{"allow":["GET"]}}],"collection":[{"href":"https:\/\/acquaviva.lavocedelpaese.info\/index.php\/wp-json\/wp\/v2\/posts"}],"about":[{"href":"https:\/\/acquaviva.lavocedelpaese.info\/index.php\/wp-json\/wp\/v2\/types\/post"}],"author":[{"embeddable":true,"href":"https:\/\/acquaviva.lavocedelpaese.info\/index.php\/wp-json\/wp\/v2\/users\/4"}],"replies":[{"embeddable":true,"href":"https:\/\/acquaviva.lavocedelpaese.info\/index.php\/wp-json\/wp\/v2\/comments?post=5780"}],"version-history":[{"count":1,"href":"https:\/\/acquaviva.lavocedelpaese.info\/index.php\/wp-json\/wp\/v2\/posts\/5780\/revisions"}],"predecessor-version":[{"id":5782,"href":"https:\/\/acquaviva.lavocedelpaese.info\/index.php\/wp-json\/wp\/v2\/posts\/5780\/revisions\/5782"}],"wp:featuredmedia":[{"embeddable":true,"href":"https:\/\/acquaviva.lavocedelpaese.info\/index.php\/wp-json\/wp\/v2\/media\/5781"}],"wp:attachment":[{"href":"https:\/\/acquaviva.lavocedelpaese.info\/index.php\/wp-json\/wp\/v2\/media?parent=5780"}],"wp:term":[{"taxonomy":"category","embeddable":true,"href":"https:\/\/acquaviva.lavocedelpaese.info\/index.php\/wp-json\/wp\/v2\/categories?post=5780"},{"taxonomy":"post_tag","embeddable":true,"href":"https:\/\/acquaviva.lavocedelpaese.info\/index.php\/wp-json\/wp\/v2\/tags?post=5780"}],"curies":[{"name":"wp","href":"https:\/\/api.w.org\/{rel}","templated":true}]}}