{"id":5774,"date":"2025-09-25T16:29:53","date_gmt":"2025-09-25T16:29:53","guid":{"rendered":"https:\/\/acquaviva.lavocedelpaese.info\/?p=5774"},"modified":"2025-09-25T16:29:54","modified_gmt":"2025-09-25T16:29:54","slug":"sportinviva-si-chiude-con-la-festa-dello-sport","status":"publish","type":"post","link":"https:\/\/acquaviva.lavocedelpaese.info\/index.php\/2025\/09\/25\/sportinviva-si-chiude-con-la-festa-dello-sport\/","title":{"rendered":"SportinViva si chiude con la Festa dello Sport"},"content":{"rendered":"\n<p><\/p>\n\n\n\n<p><strong>Sabato 27 settembre in piazza Garibaldi<\/strong><\/p>\n\n\n\n<p>Si terr\u00e0 sabato 27 settembre, a partire dalle ore 17.30 in piazza Garibaldi, la Festa dello Sport, evento conclusivo della manifestazione \u201cSportinViva\u201d, promossa dal Comune di Acquaviva delle Fonti nell\u2019ambito della Settimana Europea dello Sport \u2013 #BeActive.<\/p>\n\n\n\n<p>Dopo una settimana intensa di attivit\u00e0 allo stadio comunale Giammaria, che ha visto protagonisti studenti, docenti, associazioni sportive e istituti scolastici cittadini, la comunit\u00e0 si ritrover\u00e0 nel cuore della citt\u00e0 per celebrare i valori dello sport come benessere, socialit\u00e0, impegno e gioco di squadra.<\/p>\n\n\n\n<p>La manifestazione, finanziata con il bando regionale \u201cPuglia Sportiva\u201d, ha coinvolto centinaia di giovani e famiglie, offrendo l\u2019occasione di scoprire discipline sportive diverse e di promuovere uno stile di vita sano, con lo sport inteso come strumento educativo e inclusivo.<\/p>\n\n\n\n<p>\u00abLa Festa dello Sport rappresenta il momento in cui tutta la comunit\u00e0 si stringe intorno ai valori che lo sport porta con s\u00e9 \u2013 dichiara la consigliera comunale delegata allo sport, <strong>Marilena Longobardo<\/strong> \u2013. Ringrazio le associazioni, gli studenti, i docenti e tutto il personale che ha reso possibile un programma cos\u00ec ricco. Anche quest\u2019anno abbiamo dimostrato che, insieme, possiamo dare vita a un evento imponente e partecipato. Siamo gi\u00e0 pronti a lavorare alla prossima edizione.\u00bb<\/p>\n\n\n\n<p>Soddisfazione anche da parte del<strong> sindaco Marco Lenoci<\/strong>, che sottolinea l\u2019importanza dell\u2019iniziativa: \u00abLo sport \u00e8 un collante straordinario per la nostra comunit\u00e0. \u00c8 occasione di crescita, di confronto e di socialit\u00e0, soprattutto per i pi\u00f9 giovani. Ringrazio di cuore quanti hanno collaborato alla riuscita di SportinViva: studenti, insegnanti, societ\u00e0 sportive e volontari. La loro passione e il loro impegno sono la vera forza di questa manifestazione e di tutta la comunit\u00e0 acquavivese.\u00bb<\/p>\n\n\n\n<p>La cittadinanza \u00e8 invitata a partecipare alla Festa dello Sport di sabato 27 settembre, che in caso di pioggia verr\u00e0 spostata all\u2019interno del centro sportivo \u201cTommaso Valeriano\u201d, per condividere un pomeriggio di energia e partecipazione nel segno dello sport.<\/p>\n\n\n\n<figure class=\"wp-block-image size-full\"><img decoding=\"async\" src=\"https:\/\/acquaviva.lavocedelpaese.info\/wp-content\/uploads\/2025\/09\/festa-dello-sport-ad-acquaviva.jpg\" alt=\"\" class=\"wp-image-5775\" \/><\/figure>\n","protected":false},"excerpt":{"rendered":"<p>Sabato 27 settembre in piazza Garibaldi Si terr\u00e0 sabato 27 settembre, a partire dalle ore 17.30 in piazza Garibaldi, la<\/p>\n","protected":false},"author":4,"featured_media":5775,"comment_status":"open","ping_status":"closed","sticky":false,"template":"","format":"standard","meta":{"colormag_page_container_layout":"default_layout","colormag_page_sidebar_layout":"default_layout","_monsterinsights_skip_tracking":false,"_monsterinsights_sitenote_active":false,"_monsterinsights_sitenote_note":"","_monsterinsights_sitenote_category":0,"footnotes":""},"categories":[2,28],"tags":[],"class_list":["post-5774","post","type-post","status-publish","format-standard","has-post-thumbnail","hentry","category-attualita","category-primo-piano"],"_links":{"self":[{"href":"https:\/\/acquaviva.lavocedelpaese.info\/index.php\/wp-json\/wp\/v2\/posts\/5774","targetHints":{"allow":["GET"]}}],"collection":[{"href":"https:\/\/acquaviva.lavocedelpaese.info\/index.php\/wp-json\/wp\/v2\/posts"}],"about":[{"href":"https:\/\/acquaviva.lavocedelpaese.info\/index.php\/wp-json\/wp\/v2\/types\/post"}],"author":[{"embeddable":true,"href":"https:\/\/acquaviva.lavocedelpaese.info\/index.php\/wp-json\/wp\/v2\/users\/4"}],"replies":[{"embeddable":true,"href":"https:\/\/acquaviva.lavocedelpaese.info\/index.php\/wp-json\/wp\/v2\/comments?post=5774"}],"version-history":[{"count":1,"href":"https:\/\/acquaviva.lavocedelpaese.info\/index.php\/wp-json\/wp\/v2\/posts\/5774\/revisions"}],"predecessor-version":[{"id":5776,"href":"https:\/\/acquaviva.lavocedelpaese.info\/index.php\/wp-json\/wp\/v2\/posts\/5774\/revisions\/5776"}],"wp:featuredmedia":[{"embeddable":true,"href":"https:\/\/acquaviva.lavocedelpaese.info\/index.php\/wp-json\/wp\/v2\/media\/5775"}],"wp:attachment":[{"href":"https:\/\/acquaviva.lavocedelpaese.info\/index.php\/wp-json\/wp\/v2\/media?parent=5774"}],"wp:term":[{"taxonomy":"category","embeddable":true,"href":"https:\/\/acquaviva.lavocedelpaese.info\/index.php\/wp-json\/wp\/v2\/categories?post=5774"},{"taxonomy":"post_tag","embeddable":true,"href":"https:\/\/acquaviva.lavocedelpaese.info\/index.php\/wp-json\/wp\/v2\/tags?post=5774"}],"curies":[{"name":"wp","href":"https:\/\/api.w.org\/{rel}","templated":true}]}}