{"id":5765,"date":"2025-09-23T19:06:00","date_gmt":"2025-09-23T19:06:00","guid":{"rendered":"https:\/\/acquaviva.lavocedelpaese.info\/?p=5765"},"modified":"2025-09-24T04:11:56","modified_gmt":"2025-09-24T04:11:56","slug":"il-30-settembre-e-convocato-il-consiglio-comunale","status":"publish","type":"post","link":"https:\/\/acquaviva.lavocedelpaese.info\/index.php\/2025\/09\/23\/il-30-settembre-e-convocato-il-consiglio-comunale\/","title":{"rendered":"Il 30 settembre \u00e8 convocato il Consiglio Comunale"},"content":{"rendered":"\n<p>Il Consiglio comunale \u00e8 convocato per marted\u00ec 30 settembre 2025 alle ore 16:00 e sar\u00e0 tramesso in diretta streaming sulla piattaforma<\/p>\n\n\n\n<p><a href=\"https:\/\/acquaviva.civicam.it\/\">https:\/\/acquaviva.civicam.it<\/a><br><br>In allegato i punti all&#8217;ordine del giorno<\/p>\n\n\n\n<div data-wp-interactive=\"core\/file\" class=\"wp-block-file\"><object data-wp-bind--hidden=\"!state.hasPdfPreview\" hidden class=\"wp-block-file__embed\" data=\"https:\/\/acquaviva.lavocedelpaese.info\/wp-content\/uploads\/2025\/09\/SKM_C224e25092316100.pdf\" type=\"application\/pdf\" style=\"width:100%;height:600px\" aria-label=\"Incorporamento di SKM_C224e25092316100.\"><\/object><a id=\"wp-block-file--media-5cde0fdd-1dce-4311-be5c-4079e67727b8\" href=\"https:\/\/acquaviva.lavocedelpaese.info\/wp-content\/uploads\/2025\/09\/SKM_C224e25092316100.pdf\">SKM_C224e25092316100<\/a><a href=\"https:\/\/acquaviva.lavocedelpaese.info\/wp-content\/uploads\/2025\/09\/SKM_C224e25092316100.pdf\" class=\"wp-block-file__button wp-element-button\" download aria-describedby=\"wp-block-file--media-5cde0fdd-1dce-4311-be5c-4079e67727b8\">Download<\/a><\/div>\n","protected":false},"excerpt":{"rendered":"<p>Il Consiglio comunale \u00e8 convocato per marted\u00ec 30 settembre 2025 alle ore 16:00 e sar\u00e0 tramesso in diretta streaming sulla<\/p>\n","protected":false},"author":4,"featured_media":5758,"comment_status":"open","ping_status":"closed","sticky":false,"template":"","format":"standard","meta":{"colormag_page_container_layout":"default_layout","colormag_page_sidebar_layout":"default_layout","_monsterinsights_skip_tracking":false,"_monsterinsights_sitenote_active":false,"_monsterinsights_sitenote_note":"","_monsterinsights_sitenote_category":0,"footnotes":""},"categories":[3,33],"tags":[],"class_list":["post-5765","post","type-post","status-publish","format-standard","has-post-thumbnail","hentry","category-politica","category-spalla"],"_links":{"self":[{"href":"https:\/\/acquaviva.lavocedelpaese.info\/index.php\/wp-json\/wp\/v2\/posts\/5765","targetHints":{"allow":["GET"]}}],"collection":[{"href":"https:\/\/acquaviva.lavocedelpaese.info\/index.php\/wp-json\/wp\/v2\/posts"}],"about":[{"href":"https:\/\/acquaviva.lavocedelpaese.info\/index.php\/wp-json\/wp\/v2\/types\/post"}],"author":[{"embeddable":true,"href":"https:\/\/acquaviva.lavocedelpaese.info\/index.php\/wp-json\/wp\/v2\/users\/4"}],"replies":[{"embeddable":true,"href":"https:\/\/acquaviva.lavocedelpaese.info\/index.php\/wp-json\/wp\/v2\/comments?post=5765"}],"version-history":[{"count":1,"href":"https:\/\/acquaviva.lavocedelpaese.info\/index.php\/wp-json\/wp\/v2\/posts\/5765\/revisions"}],"predecessor-version":[{"id":5767,"href":"https:\/\/acquaviva.lavocedelpaese.info\/index.php\/wp-json\/wp\/v2\/posts\/5765\/revisions\/5767"}],"wp:featuredmedia":[{"embeddable":true,"href":"https:\/\/acquaviva.lavocedelpaese.info\/index.php\/wp-json\/wp\/v2\/media\/5758"}],"wp:attachment":[{"href":"https:\/\/acquaviva.lavocedelpaese.info\/index.php\/wp-json\/wp\/v2\/media?parent=5765"}],"wp:term":[{"taxonomy":"category","embeddable":true,"href":"https:\/\/acquaviva.lavocedelpaese.info\/index.php\/wp-json\/wp\/v2\/categories?post=5765"},{"taxonomy":"post_tag","embeddable":true,"href":"https:\/\/acquaviva.lavocedelpaese.info\/index.php\/wp-json\/wp\/v2\/tags?post=5765"}],"curies":[{"name":"wp","href":"https:\/\/api.w.org\/{rel}","templated":true}]}}