{"id":5744,"date":"2025-09-19T05:49:44","date_gmt":"2025-09-19T05:49:44","guid":{"rendered":"https:\/\/acquaviva.lavocedelpaese.info\/?p=5744"},"modified":"2025-09-19T05:49:45","modified_gmt":"2025-09-19T05:49:45","slug":"i-concerti-per-pianoforte-e-orchestra","status":"publish","type":"post","link":"https:\/\/acquaviva.lavocedelpaese.info\/index.php\/2025\/09\/19\/i-concerti-per-pianoforte-e-orchestra\/","title":{"rendered":"I concerti per pianoforte e orchestra"},"content":{"rendered":"\n<p>Venerd\u00ec e domenica con cinque giovani interpreti ad Acquaviva delle Fonti<br>Non solo solista: il pianoforte si fa orchestra per i Concerti di Beethoven e Mendelssohn<br>Doppia serata dell\u2019associazione Colafemmina con il Conservatorio Piccinni<\/p>\n\n\n\n<figure class=\"wp-block-image size-full\"><img decoding=\"async\" width=\"1000\" height=\"309\" src=\"https:\/\/acquaviva.lavocedelpaese.info\/wp-content\/uploads\/2025\/09\/6f3c16a2-7d66-472f-ad83-9f1950a291e3.jpg\" alt=\"\" class=\"wp-image-5747\" srcset=\"https:\/\/acquaviva.lavocedelpaese.info\/wp-content\/uploads\/2025\/09\/6f3c16a2-7d66-472f-ad83-9f1950a291e3.jpg 1000w, https:\/\/acquaviva.lavocedelpaese.info\/wp-content\/uploads\/2025\/09\/6f3c16a2-7d66-472f-ad83-9f1950a291e3-300x93.jpg 300w, https:\/\/acquaviva.lavocedelpaese.info\/wp-content\/uploads\/2025\/09\/6f3c16a2-7d66-472f-ad83-9f1950a291e3-768x237.jpg 768w\" sizes=\"(max-width: 1000px) 100vw, 1000px\" \/><\/figure>\n\n\n\n<p><br><br>Due serate di grande musica attendono il pubblico dell\u2019associazione Colafemmina di Acquaviva delle Fonti. Per la 18esima stagione sostenuta dal Ministero della Cultura, dalla Regione Puglia e dal Comune di Acquaviva delle Fonti, venerd\u00ec 19 e domenica 21 settembre, sempre alle ore 19.30, a Palazzo de Mari, sono previste due tappe di un progetto dedicato alla rilettura per due pianoforti di quattro celebri Concerti per pianoforte e orchestra.<\/p>\n\n\n\n<p>Si tratta dei primi tre dei cinque Concerti di Beethoven e del primo dei tre Concerti composti da Mendelssohn. Un progetto, con guida all\u2019ascolto della musicologa Stefania Gianfrancesco, che vede coinvolto il Conservatorio Piccinni di Bari con giovani eccellenze della scuola pianistica del maestro Maurizio Matarrese, direttore artistico dell\u2019associazione Colafemmina. Si tratta dei solisti Donato Cassano, Davide Dentuti, Giulio Colapietro e Rebecca Brindicci, tutti affiancati da Dario Novielli, cui \u00e8 stata affidata l\u2019esecuzione delle parti orchestrali ridotte per tastiera. Per cui, venerd\u00ec 19 settembre si ascolteranno nell\u2019ordine Donato Cassano e Davide Dentuti rispettivamente nei Concerti n. 2 e n. 1 di Beethoven, mentre domenica 21 settembre Giulio Colapietro e Rebecca Brindicci saranno solisti nel Concerto n. 3 di Beethoven e nel Concerto n. 1 di Mendelssohn.<\/p>\n\n\n\n<p><br>Nel corso degli anni sono stati spesi fiumi di inchiostro sulle possibili chiavi di un\u2019adeguata interpretazione dei Concerti per pianoforte di Beethoven. E sono stati messi sempre nel dovuto risalto i caratteristici elementi di grandiosit\u00e0, drammaticit\u00e0 e intimismo, ancora oggi ritenuti irrinunciabili punti di riferimento per l\u2019esecuzione dei capolavori del Titano di Bonn. Nei Concerti Beethoven ripensa il modello di Mozart a lui vicino, accentuando per\u00f2 il confronto drammatico tra solista e orchestra e rendendo le dimensioni complessive dei brani pi\u00f9 estese e monumentali. E se i Concerti giovanili n 1 e n. 2 risultano gi\u00e0 molto innovativi e diversissimi tra loro, il Concerto n. 3 incarna una delle espressioni pi\u00f9 caratteristiche del pensiero drammatico e \u00abilluminista\u00bb di Beethoven.<br>Dal canto suo, il Concerto n. 1 di Mendelssohn, brano virtuosistico molto apprezzato da Clara Schumann e Franz Liszt, non rappresenta soltanto una concessione alle forme romantiche diffuse nei primi anni del Diciannovesimo secolo, ma si qualifica anche come espressione di nuovi contenuti che, senza sacrificare le conquiste tecniche del virtuosismo strumentale, si indirizzano alla ricostituzione della dialettica tra solista e orchestra, cos\u00ec caratteristica proprio nel concerto classico beethoveniano.<br>Info 335.1406658 (anche con WhatsApp).<\/p>\n\n\n\n<figure class=\"wp-block-image size-full\"><img decoding=\"async\" width=\"564\" height=\"800\" src=\"https:\/\/acquaviva.lavocedelpaese.info\/wp-content\/uploads\/2025\/09\/a9263761-597c-4fd3-ba6b-4999f7e518e6.jpg\" alt=\"\" class=\"wp-image-5745\" srcset=\"https:\/\/acquaviva.lavocedelpaese.info\/wp-content\/uploads\/2025\/09\/a9263761-597c-4fd3-ba6b-4999f7e518e6.jpg 564w, https:\/\/acquaviva.lavocedelpaese.info\/wp-content\/uploads\/2025\/09\/a9263761-597c-4fd3-ba6b-4999f7e518e6-212x300.jpg 212w\" sizes=\"(max-width: 564px) 100vw, 564px\" \/><\/figure>\n","protected":false},"excerpt":{"rendered":"<p>Venerd\u00ec e domenica con cinque giovani interpreti ad Acquaviva delle FontiNon solo solista: il pianoforte si fa orchestra per i<\/p>\n","protected":false},"author":4,"featured_media":5746,"comment_status":"open","ping_status":"closed","sticky":false,"template":"","format":"standard","meta":{"colormag_page_container_layout":"default_layout","colormag_page_sidebar_layout":"default_layout","_monsterinsights_skip_tracking":false,"_monsterinsights_sitenote_active":false,"_monsterinsights_sitenote_note":"","_monsterinsights_sitenote_category":0,"footnotes":""},"categories":[5,33],"tags":[],"class_list":["post-5744","post","type-post","status-publish","format-standard","has-post-thumbnail","hentry","category-cultura","category-spalla"],"_links":{"self":[{"href":"https:\/\/acquaviva.lavocedelpaese.info\/index.php\/wp-json\/wp\/v2\/posts\/5744","targetHints":{"allow":["GET"]}}],"collection":[{"href":"https:\/\/acquaviva.lavocedelpaese.info\/index.php\/wp-json\/wp\/v2\/posts"}],"about":[{"href":"https:\/\/acquaviva.lavocedelpaese.info\/index.php\/wp-json\/wp\/v2\/types\/post"}],"author":[{"embeddable":true,"href":"https:\/\/acquaviva.lavocedelpaese.info\/index.php\/wp-json\/wp\/v2\/users\/4"}],"replies":[{"embeddable":true,"href":"https:\/\/acquaviva.lavocedelpaese.info\/index.php\/wp-json\/wp\/v2\/comments?post=5744"}],"version-history":[{"count":1,"href":"https:\/\/acquaviva.lavocedelpaese.info\/index.php\/wp-json\/wp\/v2\/posts\/5744\/revisions"}],"predecessor-version":[{"id":5748,"href":"https:\/\/acquaviva.lavocedelpaese.info\/index.php\/wp-json\/wp\/v2\/posts\/5744\/revisions\/5748"}],"wp:featuredmedia":[{"embeddable":true,"href":"https:\/\/acquaviva.lavocedelpaese.info\/index.php\/wp-json\/wp\/v2\/media\/5746"}],"wp:attachment":[{"href":"https:\/\/acquaviva.lavocedelpaese.info\/index.php\/wp-json\/wp\/v2\/media?parent=5744"}],"wp:term":[{"taxonomy":"category","embeddable":true,"href":"https:\/\/acquaviva.lavocedelpaese.info\/index.php\/wp-json\/wp\/v2\/categories?post=5744"},{"taxonomy":"post_tag","embeddable":true,"href":"https:\/\/acquaviva.lavocedelpaese.info\/index.php\/wp-json\/wp\/v2\/tags?post=5744"}],"curies":[{"name":"wp","href":"https:\/\/api.w.org\/{rel}","templated":true}]}}