{"id":5692,"date":"2025-09-14T16:19:49","date_gmt":"2025-09-14T16:19:49","guid":{"rendered":"https:\/\/acquaviva.lavocedelpaese.info\/?p=5692"},"modified":"2025-09-19T06:07:25","modified_gmt":"2025-09-19T06:07:25","slug":"antiteatro-buona-la-prima","status":"publish","type":"post","link":"https:\/\/acquaviva.lavocedelpaese.info\/index.php\/2025\/09\/14\/antiteatro-buona-la-prima\/","title":{"rendered":"Antiteatro: &#8220;Buona la prima!&#8221;"},"content":{"rendered":"\n<p>La rassegna di cortometraggi d&#8217;autore al Teatro Comunale &#8220;Luciani&#8221;<\/p>\n\n\n\n<p>di Isabella Giorgio<\/p>\n\n\n\n<p>Grande partecipazione al Teatro Luciani per la prima edizione di \u201cAntiteatro\u201d, la rassegna di cortometraggi d&#8217;autore presentata lo scorso 13 settembre ad Acquaviva delle Fonti.<\/p>\n\n\n\n<p>Il progetto \u00e8 stato promosso dall&#8217;Associazione Theot\u00f3kos che ha trovato il suo quartier generale in Tabit\u00e0 \u2013 La casa dei talenti in collaborazione con l&#8217;associazione Naka di Noicattaro, realizzato con il patrocinio del Comune di Acquaviva delle Fonti si \u00e8 posto l&#8217;obiettivo di dare visibilit\u00e0 a registi esordienti promuovendo al tempo stesso il territorio attraverso la cultura. Sponsor di \u201cAntiteatro\u201d: Edilres srl di Silvio ed Emanuele Cordasco.<\/p>\n\n\n\n<figure class=\"wp-block-gallery has-nested-images columns-default is-cropped wp-block-gallery-1 is-layout-flex wp-block-gallery-is-layout-flex\">\n<figure class=\"wp-block-image size-large\"><img decoding=\"async\" width=\"640\" height=\"800\" data-id=\"5697\" src=\"https:\/\/acquaviva.lavocedelpaese.info\/wp-content\/uploads\/2025\/09\/514060411_122114886260898919_8762717157437999089_n.jpg\" alt=\"\" class=\"wp-image-5697\" srcset=\"https:\/\/acquaviva.lavocedelpaese.info\/wp-content\/uploads\/2025\/09\/514060411_122114886260898919_8762717157437999089_n.jpg 640w, https:\/\/acquaviva.lavocedelpaese.info\/wp-content\/uploads\/2025\/09\/514060411_122114886260898919_8762717157437999089_n-240x300.jpg 240w\" sizes=\"(max-width: 640px) 100vw, 640px\" \/><\/figure>\n\n\n\n<figure class=\"wp-block-image size-large\"><img decoding=\"async\" width=\"640\" height=\"800\" data-id=\"5698\" src=\"https:\/\/acquaviva.lavocedelpaese.info\/wp-content\/uploads\/2025\/09\/514079695_122114886296898919_6527725864430420500_n-1.jpg\" alt=\"\" class=\"wp-image-5698\" srcset=\"https:\/\/acquaviva.lavocedelpaese.info\/wp-content\/uploads\/2025\/09\/514079695_122114886296898919_6527725864430420500_n-1.jpg 640w, https:\/\/acquaviva.lavocedelpaese.info\/wp-content\/uploads\/2025\/09\/514079695_122114886296898919_6527725864430420500_n-1-240x300.jpg 240w\" sizes=\"(max-width: 640px) 100vw, 640px\" \/><\/figure>\n\n\n\n<figure class=\"wp-block-image size-large\"><img decoding=\"async\" width=\"640\" height=\"800\" data-id=\"5695\" src=\"https:\/\/acquaviva.lavocedelpaese.info\/wp-content\/uploads\/2025\/09\/514046781_122114886350898919_1493198760475316195_n-1.jpg\" alt=\"\" class=\"wp-image-5695\" srcset=\"https:\/\/acquaviva.lavocedelpaese.info\/wp-content\/uploads\/2025\/09\/514046781_122114886350898919_1493198760475316195_n-1.jpg 640w, https:\/\/acquaviva.lavocedelpaese.info\/wp-content\/uploads\/2025\/09\/514046781_122114886350898919_1493198760475316195_n-1-240x300.jpg 240w\" sizes=\"(max-width: 640px) 100vw, 640px\" \/><\/figure>\n\n\n\n<figure class=\"wp-block-image size-large\"><img decoding=\"async\" width=\"640\" height=\"800\" data-id=\"5699\" src=\"https:\/\/acquaviva.lavocedelpaese.info\/wp-content\/uploads\/2025\/09\/514095758_122114886278898919_6302831269121559192_n.jpg\" alt=\"\" class=\"wp-image-5699\" srcset=\"https:\/\/acquaviva.lavocedelpaese.info\/wp-content\/uploads\/2025\/09\/514095758_122114886278898919_6302831269121559192_n.jpg 640w, https:\/\/acquaviva.lavocedelpaese.info\/wp-content\/uploads\/2025\/09\/514095758_122114886278898919_6302831269121559192_n-240x300.jpg 240w\" sizes=\"(max-width: 640px) 100vw, 640px\" \/><\/figure>\n<\/figure>\n\n\n\n<p>\u201cIl titolo della nostra rassegna \u2013 \u00e8 stato precisato dalla presentatrice della serata <strong>Alessia Surico<\/strong>&#8211; fa riferimento al saggio di Sebastiano Arturo Luciani &#8216;<em>L&#8217;Antiteatro- Il Cinematografo come Arte<\/em>&#8216; del 1928 nel quale viene teorizzata un&#8217;estetica del cinema autonoma rispetto a quella del teatro contribuendo cos\u00ec all&#8217;affermazione della settima arte. Per Luciani il Cinema non era un semplice riflesso del palcoscenico o di una pagina scritta era una zona di arte unica, capace di sintetizzare le arti, superando i limiti spaziali e temporali delle rappresentazioni teatrali tradizionali. Il Cinema per lui si componeva come una sinfonia con un proprio ritmo visivo e una musica per gli occhi, l&#8217;integrazione di arte visiva e musica creava un dramma scenico senza precedenti. Il termine Antiteatro riflette questa rottura, il cinema era capace di superare le limitazioni spaziali e temporali del teatro creando un dramma scenico e musicale attraverso l&#8217;integrazione di immagini, ritmo e sonorit\u00e0.<\/p>\n\n\n\n<p><strong>Chi era Sebastiano Arturo Luciani?<\/strong> Nato ad Acquaviva delle Fonti nel 1884 fu un eccletico compositore, musicologo e critico cinematografico. Studi\u00f2 composizione a Napoli e Roma, approfond\u00ec anche letteratura e filosofia a Firenze citt\u00e0 che ne plasm\u00f2 la visione. La sua curiosit\u00e0 spaziava dalle opere antiche alle operette contemporanee con uno sguardo sempre rivolto al futuro dell&#8217;arte. Luciani condivideva con i Futuristi l&#8217;entusiasmo per le nuove forme d&#8217;arte e la rottura con le tradizioni, entrambi riconoscevano il cinema come un mezzo rivoluzionario capace di catturare il dinamismo della modernit\u00e0\u201d.<\/p>\n\n\n\n<p>La serata \u00e8 stata articolata in due momenti: alla proiezione dei sei cortometraggi (Blink, Luisa \u00e8 al mare, Lui, Lamia, La notte diurna, Catabasi) che hanno lasciato, certamente, il segno nel pubblico, \u00e8 seguito il dibattito con la condivisione delle suggestioni e delle domande.<\/p>\n\n\n\n<figure class=\"wp-block-image size-full\"><img decoding=\"async\" width=\"640\" height=\"800\" src=\"https:\/\/acquaviva.lavocedelpaese.info\/wp-content\/uploads\/2025\/09\/542226464_17855831574510652_6841257095423100902_n-2.jpg\" alt=\"\" class=\"wp-image-5707\" srcset=\"https:\/\/acquaviva.lavocedelpaese.info\/wp-content\/uploads\/2025\/09\/542226464_17855831574510652_6841257095423100902_n-2.jpg 640w, https:\/\/acquaviva.lavocedelpaese.info\/wp-content\/uploads\/2025\/09\/542226464_17855831574510652_6841257095423100902_n-2-240x300.jpg 240w\" sizes=\"(max-width: 640px) 100vw, 640px\" \/><\/figure>\n\n\n\n<p>Presenti per l&#8217;occasione alcuni registi (Emanuela Licenziato (Blink) e Pasquale Maria Gelorini (La notte diurna) e loro referenti (Emanuela Licenziato, direttrice della fotografia del corto Lamia) che prendendo la parola hanno posto l&#8217;accento sui temi trattati e sulla loro visione mettendo a nudo possibili contaminazioni, citazioni d&#8217;autore pi\u00f9 o meno evidenti con i maggiori cineasti della storia (S. Kubrick, Bergman, M. Antonioni, W. Allen), con l&#8217;arte (le mani che si avvicinano di Michelangelo nella Cappella Sisitina, De Chirico, Blake, Munch) la letteratura e la musica (Litfiba con Il mio corpo che cambia).<\/p>\n\n\n\n<p>Ad accomunare tutti i cortometraggi presentati la giovane et\u00e0 dei talentuosi esordienti preparati, appassionati e motivati dalla volont\u00e0 d&#8217;interrogare e interrogarsi, promuovere il proprio territorio d&#8217;origine attraverso i singoli fotogrammi delle loro produzioni. Luoghi e paesaggi riconoscibili nell&#8217;immaginario collettivo, dalla nostra amata Acquaviva delle Fonti con il suo cimitero comunale illuminato sapientemente da luci calde e fredde, al paesaggio rurale dell&#8217;entroterra Murgiano con Santeramo in Colle e Matera, alla costa ed entroterra Salentino di Parabita per citarne solo alcuni. Straordinari per le tecniche usate e la fotografia capace di innescare un\u2019esperienza cinematografica alternativa, immersiva e profondamente umana. Impeccabile anche la macchina organizzativa di Antiteatro.<\/p>\n\n\n\n<figure class=\"wp-block-gallery has-nested-images columns-default is-cropped wp-block-gallery-2 is-layout-flex wp-block-gallery-is-layout-flex\">\n<figure class=\"wp-block-image size-large\"><img decoding=\"async\" width=\"640\" height=\"800\" data-id=\"5701\" src=\"https:\/\/acquaviva.lavocedelpaese.info\/wp-content\/uploads\/2025\/09\/541280078_17855441403510652_2705509779752538164_n.jpg\" alt=\"\" class=\"wp-image-5701\" srcset=\"https:\/\/acquaviva.lavocedelpaese.info\/wp-content\/uploads\/2025\/09\/541280078_17855441403510652_2705509779752538164_n.jpg 640w, https:\/\/acquaviva.lavocedelpaese.info\/wp-content\/uploads\/2025\/09\/541280078_17855441403510652_2705509779752538164_n-240x300.jpg 240w\" sizes=\"(max-width: 640px) 100vw, 640px\" \/><\/figure>\n\n\n\n<figure class=\"wp-block-image size-large\"><img decoding=\"async\" width=\"640\" height=\"800\" data-id=\"5700\" src=\"https:\/\/acquaviva.lavocedelpaese.info\/wp-content\/uploads\/2025\/09\/541525580_17855441394510652_5141881339013431700_n.jpg\" alt=\"\" class=\"wp-image-5700\" srcset=\"https:\/\/acquaviva.lavocedelpaese.info\/wp-content\/uploads\/2025\/09\/541525580_17855441394510652_5141881339013431700_n.jpg 640w, https:\/\/acquaviva.lavocedelpaese.info\/wp-content\/uploads\/2025\/09\/541525580_17855441394510652_5141881339013431700_n-240x300.jpg 240w\" sizes=\"(max-width: 640px) 100vw, 640px\" \/><\/figure>\n<\/figure>\n\n\n\n<p>Il sipario di Antiteatro si \u00e8 aperto su un progetto visivo unico: <strong>\u201cBlink\u201d (2021) 10 &#8216; regia di Emanuela Licenziato.<\/strong><\/p>\n\n\n\n<p>\u201cUn vero e proprio capolavoro di Videoarte girato in pellicola durante la Pandemia\u201d -ha precisato la presentatrice della serata- \u201cche esplora lo scorrere dei ricordi, trasportando lo spettatore in un flusso sospeso tra passato e presente. Ogni fotogramma offre uno spunto di riflessione sul proprio vissuto e sulle emozioni che lo plasmano\u201d.<\/p>\n\n\n\n<p>Un lavoro a nostro avviso davvero originale capace di catturare l&#8217;attenzione dello spettatore attraverso le immagini e le musiche originali di Marco Mencarelli.<\/p>\n\n\n\n<figure class=\"wp-block-gallery has-nested-images columns-default is-cropped wp-block-gallery-3 is-layout-flex wp-block-gallery-is-layout-flex\">\n<figure class=\"wp-block-image size-large\"><img decoding=\"async\" width=\"640\" height=\"800\" data-id=\"5702\" src=\"https:\/\/acquaviva.lavocedelpaese.info\/wp-content\/uploads\/2025\/09\/541586720_17855489166510652_3628630919803685947_n.jpg\" alt=\"\" class=\"wp-image-5702\" srcset=\"https:\/\/acquaviva.lavocedelpaese.info\/wp-content\/uploads\/2025\/09\/541586720_17855489166510652_3628630919803685947_n.jpg 640w, https:\/\/acquaviva.lavocedelpaese.info\/wp-content\/uploads\/2025\/09\/541586720_17855489166510652_3628630919803685947_n-240x300.jpg 240w\" sizes=\"(max-width: 640px) 100vw, 640px\" \/><\/figure>\n<\/figure>\n\n\n\n<p>Si \u00e8 passati al cortometraggio <strong>\u201cLuisa \u00e8 al mare\u201d (2021) 11&#8242; regia e sceneggiatura di Giuseppe Caponio<\/strong> apprendiamo dalla presentatrice \u201cgirato tra Santeramo in Colle e Matera, cortometraggio acquisito da RAI cinema. <\/p>\n\n\n\n<p>&#8220;Luisa ha 10 anni e il mare lo immagina salato. Il giorno del suo compleanno dice alla mamma e al pap\u00e0 che vuole andare al mare ed esce di casa. Il suo mare, per\u00f2, \u00e8 racchiuso in una realt\u00e0 circoscritta\u201d.<\/p>\n\n\n\n<p>Interpreti: Melania Barberio, Mina Albanese, Fabio Salerno. Direttore della fotografia: Lorenzo Basili. Produttore esecutivo: Alberto Braga. Musiche originali: Rocco Misuraca. Montaggio: Sephora Duchi. Suono in presa diretta\/montaggio audio: Alessandro Caoduro.<\/p>\n\n\n\n<figure class=\"wp-block-gallery has-nested-images columns-default is-cropped wp-block-gallery-4 is-layout-flex wp-block-gallery-is-layout-flex\">\n<figure class=\"wp-block-image size-large\"><img decoding=\"async\" width=\"640\" height=\"800\" data-id=\"5703\" src=\"https:\/\/acquaviva.lavocedelpaese.info\/wp-content\/uploads\/2025\/09\/542285695_17855562087510652_8245349943757110922_n.jpg\" alt=\"\" class=\"wp-image-5703\" srcset=\"https:\/\/acquaviva.lavocedelpaese.info\/wp-content\/uploads\/2025\/09\/542285695_17855562087510652_8245349943757110922_n.jpg 640w, https:\/\/acquaviva.lavocedelpaese.info\/wp-content\/uploads\/2025\/09\/542285695_17855562087510652_8245349943757110922_n-240x300.jpg 240w\" sizes=\"(max-width: 640px) 100vw, 640px\" \/><\/figure>\n<\/figure>\n\n\n\n<p>\u201cFin dove si spinge la tua immaginazione quando non puoi essere te stesso?\u201d questa la domanda del cortometraggio <strong>\u201cLui\u201d (2021) 17&#8242; regia di Federico Mottica.<\/strong><\/p>\n\n\n\n<p>La morte e la cecit\u00e0 sono metafore, il protagonista non si sente libero di essere s\u00e9 stesso e si rifugia una realt\u00e0 parallela.<\/p>\n\n\n\n<p>\u201cEstate 2006. La finale del mondiale \u00e8 alle porte. In una benestante periferia cittadina, Andrea, un ragazzo che sta prendendo il sole in giardino, nota Marcello, un operaio che sta sistemando una parabola su un tetto. Tra i due nasce un legame inaspettato e decidono di partire per un viaggio senza meta. Tra eventi non previsti e ritrovi familiari, i due protagonisti scopriranno la loro confusa identit\u00e0\u201d.<\/p>\n\n\n\n<p>Soggetto e sceneggiatura: Michele Gallone, Sara Parentini, Federico Mottica. Interpreti: Massimiliano Caiazzo e Luka Zunic. Fotografia: Emanuela Licenziato in collaborazione con Sebastian Bonolis. Montaggio: Michele Gallone. Scenografia: Angelica Morelli. Costumi: Caique Lima. Organizzazione: Agostino De Luca, Emanuela Epifano, Mouna Lamiri<\/p>\n\n\n\n<p>Produzione: @csc_scuolanazionedicinema con il sostegno di SAE ELECTRONIC CONVERSION.<\/p>\n\n\n\n<p>\u201cUn piccolo particolare, ha condiviso<strong> il coordinatore del dibattito Ettore Canniello<\/strong>&#8211; quando appare la mamma che sembra cieca avete notato cosa si vede in un riquadro del fotogramma? Un televisore con l&#8217;immagine degli occhi, una finezza, complimenti all&#8217;autrice della fotografia!\u201d.<\/p>\n\n\n\n<figure class=\"wp-block-gallery has-nested-images columns-default is-cropped wp-block-gallery-5 is-layout-flex wp-block-gallery-is-layout-flex\">\n<figure class=\"wp-block-image size-large\"><img decoding=\"async\" width=\"640\" height=\"800\" data-id=\"5704\" src=\"https:\/\/acquaviva.lavocedelpaese.info\/wp-content\/uploads\/2025\/09\/542251000_17855596539510652_17481636119936055_n.jpg\" alt=\"\" class=\"wp-image-5704\" srcset=\"https:\/\/acquaviva.lavocedelpaese.info\/wp-content\/uploads\/2025\/09\/542251000_17855596539510652_17481636119936055_n.jpg 640w, https:\/\/acquaviva.lavocedelpaese.info\/wp-content\/uploads\/2025\/09\/542251000_17855596539510652_17481636119936055_n-240x300.jpg 240w\" sizes=\"(max-width: 640px) 100vw, 640px\" \/><\/figure>\n<\/figure>\n\n\n\n<p>Un corto molto forte quello successivo:\u201c<strong>Lamia\u201d (2024) 17&#8242; regia e sceneggiatura di Martina Selva.<\/strong><\/p>\n\n\n\n<p>\u201cLisa, trent\u2019anni, ha un marito, un lavoro e molti amici. Eppure non basta. Le pressioni per una maternit\u00e0 che non arriva la tormentano, tra insonnia e misteriosi pruriti. Fino a quando un medico le rivela che ha in corpo veleno di serpente e sta per fare la muta.<\/p>\n\n\n\n<p>Soggetto: Laura Zavagno. Interpreti: Marta Malvestiti, Alfonso De Vreese, Gemma Costa, Leonardo Larini, Giampiero Rappa, Alessandra Limetti, Pietro Mcdonald e il pappagallo Teti<\/p>\n\n\n\n<p>Fotografia: Emanuela Licenziato. Montaggio: Martina Claudia Selva. Costumi: Rossana Gea Cavallo. Suono in presa diretta e Montaggio del suono: Beatrice Mele. Musiche originali: Sara Santi. Prodotto da Martina Claudia Selva in collaborazione con Matteo Mandaglio e Atmos Production.<\/p>\n\n\n\n<figure class=\"wp-block-gallery has-nested-images columns-default is-cropped wp-block-gallery-6 is-layout-flex wp-block-gallery-is-layout-flex\">\n<figure class=\"wp-block-image size-large\"><img decoding=\"async\" width=\"602\" height=\"800\" data-id=\"5733\" src=\"https:\/\/acquaviva.lavocedelpaese.info\/wp-content\/uploads\/2025\/09\/IMG_20250913_225340-1.jpg\" alt=\"\" class=\"wp-image-5733\" srcset=\"https:\/\/acquaviva.lavocedelpaese.info\/wp-content\/uploads\/2025\/09\/IMG_20250913_225340-1.jpg 602w, https:\/\/acquaviva.lavocedelpaese.info\/wp-content\/uploads\/2025\/09\/IMG_20250913_225340-1-226x300.jpg 226w\" sizes=\"(max-width: 602px) 100vw, 602px\" \/><\/figure>\n<\/figure>\n\n\n\n<p>\u201cIn cosa ti trasformi quando non riesci ad essere quello che vogliono gli altri?\u201d questa la domanda ad apertura del cortometraggio. \u201cParliamo di aspettative sociali e personali basato sul racconto drammatico surreale&nbsp;&#8216;<em>Veleno di vipera&#8217;<\/em>&nbsp;di Laura Zavagno realizzato grazie ad una campagna di crowdfunding, in tanti hanno creduto in questo progetto e lo hanno finanziato \u2013 ha precisato la presentatrice della serata\u201d.<\/p>\n\n\n\n<p>\u201cLamia \u2013 ha precisato la direttrice della fotografia <strong>Emanuela Licenziato<\/strong>&#8211; tratta due temi: la maternit\u00e0 e lo stato d&#8217;animo di una persona che sta talmente male che il suo corpo genera veleno. \u00c8 una critica sociale spesso siamo stressati e sotto pressione, \u00e8 un messaggio di aiuto che lancia Lamia: \u00e8 escape si ribella ed evolve, fa una muta e si trasforma, mangia il marito come forma di ribellione.<\/p>\n\n\n\n<p>Vi \u00e8 capitato qualche volta davanti ad una aspettativa delusa di trasformarvi per trovare una risposta a delle domande?<\/p>\n\n\n\n<p>Le Lamie nella mitologia greca erano creature femminili in parte umane e in parte animali&#8221;.<\/p>\n\n\n\n<p>La sua \u00e8 una storia contemporanea, una situazione condivisa da molte donne, ha un respiro ampio perch\u00e9 l\u2019umanit\u00e0 si interroga da sempre su cosa sia naturale e cosa no nelle nostre vite. Naturale per una donna \u00e8 essere madre e, se per qualche motivo, sia biologico o sia una decisione personale, non lo diventa, automaticamente \u00e8 un essere umano a met\u00e0. Un corpo monco. Lisa si trasforma perch\u00e9 \u00e8 un essere resiliente e di grande profondit\u00e0 emotiva. Ha un rapporto viscerale con l\u2019animale, si pu\u00f2 dire che il suo migliore amico sia il pappagallo Teti, e la natura la suggestiona e la muove. Solo quando accetter\u00e0 questo legame e questo suo essere molto pi\u00f9 che la definizione di donna che la societ\u00e0 le offre, solo allora si liberer\u00e0 dal prurito che la assale e non la lascia dormire. [\u2026] Volevo raccontare questa storia come una fiaba dai toni dark di realismo magico. Una casa immersa in un\u2019atmosfera sospesa, sempre nella penombra, anche quando fuori splende il sole, come se anche Lisa fosse chiusa in una gabbia. La sua trasformazione in serpente \u00e8 messa in scena in maniera sottile, attraverso movimenti, suoni, luci e ombre. Potrebbe essere tutto un sogno, un\u2019immagine dal suo inconscio pi\u00f9 profondo, potrebbe essere la realt\u00e0, allo spettatore lascio libero spazio all\u2019interpretazione.<\/p>\n\n\n\n<p>Ettore Canniello nel dibattito ha condiviso la sua suggestione con il brano dei Litfiba &#8216;Il mio corpo che cambia&#8217;, condividendo con il pubblico la scena del marito che si scosta dalla moglie quando il medico d\u00e0 quella diagnosi e non le versa il vino. \u201cQuando c&#8217;\u00e8 l&#8217;Amore condizionato e quando non condizionato? Ha precisato prontamente la Licenziato nel suo intervento \u201cse disattendi le aspettative non vieni pi\u00f9 amato, se rientri in un canone invece vieni amato\u201d.<\/p>\n\n\n\n<figure class=\"wp-block-gallery has-nested-images columns-default is-cropped wp-block-gallery-7 is-layout-flex wp-block-gallery-is-layout-flex\">\n<figure class=\"wp-block-image size-large\"><img decoding=\"async\" width=\"640\" height=\"800\" data-id=\"5706\" src=\"https:\/\/acquaviva.lavocedelpaese.info\/wp-content\/uploads\/2025\/09\/542448730_17855703369510652_8514266148927074117_n.jpg\" alt=\"\" class=\"wp-image-5706\" srcset=\"https:\/\/acquaviva.lavocedelpaese.info\/wp-content\/uploads\/2025\/09\/542448730_17855703369510652_8514266148927074117_n.jpg 640w, https:\/\/acquaviva.lavocedelpaese.info\/wp-content\/uploads\/2025\/09\/542448730_17855703369510652_8514266148927074117_n-240x300.jpg 240w\" sizes=\"(max-width: 640px) 100vw, 640px\" \/><\/figure>\n<\/figure>\n\n\n\n<p><strong>La notte diurna (2023) 14&#8242; regia e sceneggiatura di Pasquale Mattia Gelorini.<\/strong><\/p>\n\n\n\n<p>\u201cNell\u2019ultimo giorno della sua vita, Marco affronta i fantasmi del passato. Visioni di un mondo sconosciuto si dissolvono nella realt\u00e0, trascinandolo in uno spazio liminale tra la vita e la morte. In questa dimensione metafisica, comprende che i muri costruiti per proteggere la sua vulnerabilit\u00e0 hanno finito per allontanare la donna che amava\u201d.<\/p>\n\n\n\n<p>Interpreti principali: David Paryla, Maria Vittoria Argenti, Eleonora Meneghini. Montaggio: Pasquale Mattia Gelorini. Direttore della fotografia: Ilaria Vecchio. Sound design: Agit Utlu. MIX: Tommaso Barbaro.Studio post-audio: Fullcode. Musiche originali: Marco Malasomma. Make up: Laura Soloperto. Produzione: @chromakia Distribuzione: @weshort.<\/p>\n\n\n\n<figure class=\"wp-block-gallery has-nested-images columns-default is-cropped wp-block-gallery-8 is-layout-flex wp-block-gallery-is-layout-flex\">\n<figure class=\"wp-block-image size-large\"><img decoding=\"async\" width=\"1000\" height=\"753\" data-id=\"5734\" src=\"https:\/\/acquaviva.lavocedelpaese.info\/wp-content\/uploads\/2025\/09\/IMG_20250913_225813-1.jpg\" alt=\"\" class=\"wp-image-5734\" srcset=\"https:\/\/acquaviva.lavocedelpaese.info\/wp-content\/uploads\/2025\/09\/IMG_20250913_225813-1.jpg 1000w, https:\/\/acquaviva.lavocedelpaese.info\/wp-content\/uploads\/2025\/09\/IMG_20250913_225813-1-300x226.jpg 300w, https:\/\/acquaviva.lavocedelpaese.info\/wp-content\/uploads\/2025\/09\/IMG_20250913_225813-1-768x578.jpg 768w\" sizes=\"(max-width: 1000px) 100vw, 1000px\" \/><\/figure>\n<\/figure>\n\n\n\n<p>Nel dibattito Ettore Canniello ha messo in evidenza nel cortometraggio diverse citazioni: \u201cKubrick per la torre, il monolite che si vede in lontananza, la musica jazz degli anni Venti che richiama Woody Allen; la donna in bianco presente ne Il Settimo sigillo di Bergman, e Michelangelo Antonioni, il bianco e del nero che si fonde con il colore, il volto della donna la morte con i giochi di luci rimanda ad un video clip dei Queen l&#8217;uso sapiente della fotografia nella narrazione. Parlando con l&#8217;autore mi diceva che non conosceva minimante queste suggestioni, a dimostrazione che un autore nel film ci mette del suo vissuto, delle conoscenze, riprende spesso qualcosa fatto da altri, di un vissuto collettivo che fa la la bellezza creativa. Il cortometraggio ha la capacit\u00e0 di condensare il messaggio in uno spazio ridotto. Faccio parte di Fiaticorti, un festival internazionale di cortometraggi, da venticinque anni lo presento ad Istrana e dico &#8216;apriamo una finestra sul mondo&#8217;. Mi fa piacere che ci siano tanti giovani, hanno idee buone che inizino cos\u00ec e coltivino le loro passioni\u201d.<\/p>\n\n\n\n<figure class=\"wp-block-gallery has-nested-images columns-default is-cropped wp-block-gallery-9 is-layout-flex wp-block-gallery-is-layout-flex\">\n<figure class=\"wp-block-image size-large\"><img decoding=\"async\" width=\"640\" height=\"800\" data-id=\"5708\" src=\"https:\/\/acquaviva.lavocedelpaese.info\/wp-content\/uploads\/2025\/09\/542367706_17855747667510652_2233079998802703478_n.jpg\" alt=\"\" class=\"wp-image-5708\" srcset=\"https:\/\/acquaviva.lavocedelpaese.info\/wp-content\/uploads\/2025\/09\/542367706_17855747667510652_2233079998802703478_n.jpg 640w, https:\/\/acquaviva.lavocedelpaese.info\/wp-content\/uploads\/2025\/09\/542367706_17855747667510652_2233079998802703478_n-240x300.jpg 240w\" sizes=\"(max-width: 640px) 100vw, 640px\" \/><\/figure>\n<\/figure>\n\n\n\n<p>Ultimo cortometraggio proiettato \u00e8 stato <strong>\u201c<\/strong><strong>Catabasi\u201d <\/strong><strong>(2023) 26&#8242; regia dell&#8217;acquavivese Gianluca Ferrulli <\/strong>@giambo96 girato durante la pandemia. \u201cLo definisco una testimonianza dei giovani della pandemia\u201d.<\/p>\n\n\n\n<p>\u201cUn ragazzo di vent\u2019anni affronta un viaggio nella sua psiche attraverso il filtro del sogno. Questo mondo onirico \u00e8 contraddistinto da diversi livelli, come gli strati della matrioska che si trova nella sua camera da letto. E pi\u00f9 si inoltra in questo aldil\u00e0 psichico, pi\u00f9 scopre se stesso. Un viaggio indimenticabile, ma dal ricordo sfocato\u201d.<\/p>\n\n\n\n<p>Sceneggiatura: Angela Angiola, Anna Romano, Gianluca Ferrulli.<\/p>\n\n\n\n<p>Interpreti: Domenico Valentino, Manolo Petronelli, Elisabetta Cice, Silvia Grosso, Antonella Cici, Roberto Indellicati, Angela Angiola, Antonella Carrasso.<\/p>\n\n\n\n<p>Direttore della fotografia: Anna Romano<\/p>\n\n\n\n<p>Montaggio: Gianluca Ferrulli<\/p>\n\n\n\n<p>Make-up: Marianna Carrasso.<\/p>\n\n\n\n<p>Musiche originali: Manuel Tricarico.<\/p>\n\n\n\n<figure class=\"wp-block-gallery has-nested-images columns-default is-cropped wp-block-gallery-10 is-layout-flex wp-block-gallery-is-layout-flex\">\n<figure class=\"wp-block-image size-large\"><img decoding=\"async\" data-id=\"5736\" src=\"https:\/\/acquaviva.lavocedelpaese.info\/wp-content\/uploads\/2025\/09\/IMG_20250913_230512-1.jpg\" alt=\"\" class=\"wp-image-5736\" \/><\/figure>\n<\/figure>\n\n\n\n<p>\u201cCatabasi\u201d, precisa Gianluca Ferrulli \u201c\u00e8 nato come una sorta di flusso di coscienza: ho preso un foglio di carta e scritto quello che mi veniva in mente, le paure, desideri e la vita quotidiana di ognuno di noi dai 18-25 anni nel periodo della Pandemia. Interessante perch\u00e9 lo abbiamo girato nel mio paese. Uno degli obiettivi della rassegna Antiteatro \u00e8 valorizzare Acquaviva delle Fonti, valorizzare la comunit\u00e0 e promuovere la creativit\u00e0. Si tratta di un piccolo progetto girato con i miei amici, con zero euro di budget, questo evento era un modo per farvelo vedere.<\/p>\n\n\n\n<p>Abbiamo girato nel cimitero comunale alcune scene, difficile forse da riconoscerlo per come lo abbiamo illuminato, lo vediamo sempre in condizioni diverse e di sera non \u00e8 possibile andare.<\/p>\n\n\n\n<p>Ringrazio i registi dei cortometraggi presenti averci offerto gratuitamente le loro opere e la meticolosa organizzazione, le associzioni partner Theothokos, Tabit\u00e0 \u2013 La Casa dei Talenti, Naka di Noicattaro Ettore per i numerosi spunti cinematografici proposti .<\/p>\n\n\n\n<p>Uno dei messaggi che voglio lanciare \u00e8 prendiamo la vita alla leggera. Cosa resta di un sogno?l&#8217;escapismo \u00e8 una fuga dalla realt\u00e0 o un punto di partenza per osservarla da nuove prospettive. Vi lasciamo alla vostra riflessione personale\u201d.<\/p>\n\n\n\n<p class=\"has-text-align-right\"><strong>Isabella Giorgio<\/strong><\/p>\n\n\n\n<figure class=\"wp-block-gallery has-nested-images columns-default is-cropped wp-block-gallery-11 is-layout-flex wp-block-gallery-is-layout-flex\">\n<figure class=\"wp-block-image size-large\"><img decoding=\"async\" width=\"1000\" height=\"753\" data-id=\"5709\" src=\"https:\/\/acquaviva.lavocedelpaese.info\/wp-content\/uploads\/2025\/09\/IMG_20250913_201502.jpg\" alt=\"\" class=\"wp-image-5709\" srcset=\"https:\/\/acquaviva.lavocedelpaese.info\/wp-content\/uploads\/2025\/09\/IMG_20250913_201502.jpg 1000w, https:\/\/acquaviva.lavocedelpaese.info\/wp-content\/uploads\/2025\/09\/IMG_20250913_201502-300x226.jpg 300w, https:\/\/acquaviva.lavocedelpaese.info\/wp-content\/uploads\/2025\/09\/IMG_20250913_201502-768x578.jpg 768w\" sizes=\"(max-width: 1000px) 100vw, 1000px\" \/><\/figure>\n\n\n\n<figure class=\"wp-block-image size-large\"><img decoding=\"async\" width=\"602\" height=\"800\" data-id=\"5715\" src=\"https:\/\/acquaviva.lavocedelpaese.info\/wp-content\/uploads\/2025\/09\/IMG_20250913_222304.jpg\" alt=\"\" class=\"wp-image-5715\" srcset=\"https:\/\/acquaviva.lavocedelpaese.info\/wp-content\/uploads\/2025\/09\/IMG_20250913_222304.jpg 602w, https:\/\/acquaviva.lavocedelpaese.info\/wp-content\/uploads\/2025\/09\/IMG_20250913_222304-226x300.jpg 226w\" sizes=\"(max-width: 602px) 100vw, 602px\" \/><\/figure>\n\n\n\n<figure class=\"wp-block-image size-large\"><img decoding=\"async\" width=\"1000\" height=\"753\" data-id=\"5732\" src=\"https:\/\/acquaviva.lavocedelpaese.info\/wp-content\/uploads\/2025\/09\/IMG_20250913_223540.jpg\" alt=\"\" class=\"wp-image-5732\" srcset=\"https:\/\/acquaviva.lavocedelpaese.info\/wp-content\/uploads\/2025\/09\/IMG_20250913_223540.jpg 1000w, https:\/\/acquaviva.lavocedelpaese.info\/wp-content\/uploads\/2025\/09\/IMG_20250913_223540-300x226.jpg 300w, https:\/\/acquaviva.lavocedelpaese.info\/wp-content\/uploads\/2025\/09\/IMG_20250913_223540-768x578.jpg 768w\" sizes=\"(max-width: 1000px) 100vw, 1000px\" \/><\/figure>\n\n\n\n<figure class=\"wp-block-image size-large\"><img decoding=\"async\" width=\"602\" height=\"800\" data-id=\"5723\" src=\"https:\/\/acquaviva.lavocedelpaese.info\/wp-content\/uploads\/2025\/09\/IMG_20250913_225337.jpg\" alt=\"\" class=\"wp-image-5723\" srcset=\"https:\/\/acquaviva.lavocedelpaese.info\/wp-content\/uploads\/2025\/09\/IMG_20250913_225337.jpg 602w, https:\/\/acquaviva.lavocedelpaese.info\/wp-content\/uploads\/2025\/09\/IMG_20250913_225337-226x300.jpg 226w\" sizes=\"(max-width: 602px) 100vw, 602px\" \/><\/figure>\n\n\n\n<figure class=\"wp-block-image size-large\"><img decoding=\"async\" width=\"1000\" height=\"753\" data-id=\"5711\" src=\"https:\/\/acquaviva.lavocedelpaese.info\/wp-content\/uploads\/2025\/09\/IMG_20250913_225813.jpg\" alt=\"\" class=\"wp-image-5711\" srcset=\"https:\/\/acquaviva.lavocedelpaese.info\/wp-content\/uploads\/2025\/09\/IMG_20250913_225813.jpg 1000w, https:\/\/acquaviva.lavocedelpaese.info\/wp-content\/uploads\/2025\/09\/IMG_20250913_225813-300x226.jpg 300w, https:\/\/acquaviva.lavocedelpaese.info\/wp-content\/uploads\/2025\/09\/IMG_20250913_225813-768x578.jpg 768w\" sizes=\"(max-width: 1000px) 100vw, 1000px\" \/><\/figure>\n\n\n\n<figure class=\"wp-block-image size-large\"><img decoding=\"async\" width=\"1000\" height=\"753\" data-id=\"5717\" src=\"https:\/\/acquaviva.lavocedelpaese.info\/wp-content\/uploads\/2025\/09\/IMG_20250913_230441.jpg\" alt=\"\" class=\"wp-image-5717\" srcset=\"https:\/\/acquaviva.lavocedelpaese.info\/wp-content\/uploads\/2025\/09\/IMG_20250913_230441.jpg 1000w, https:\/\/acquaviva.lavocedelpaese.info\/wp-content\/uploads\/2025\/09\/IMG_20250913_230441-300x226.jpg 300w, https:\/\/acquaviva.lavocedelpaese.info\/wp-content\/uploads\/2025\/09\/IMG_20250913_230441-768x578.jpg 768w\" sizes=\"(max-width: 1000px) 100vw, 1000px\" \/><\/figure>\n\n\n\n<figure class=\"wp-block-image size-large\"><img decoding=\"async\" width=\"1000\" height=\"753\" data-id=\"5719\" src=\"https:\/\/acquaviva.lavocedelpaese.info\/wp-content\/uploads\/2025\/09\/IMG_20250913_230442.jpg\" alt=\"\" class=\"wp-image-5719\" srcset=\"https:\/\/acquaviva.lavocedelpaese.info\/wp-content\/uploads\/2025\/09\/IMG_20250913_230442.jpg 1000w, https:\/\/acquaviva.lavocedelpaese.info\/wp-content\/uploads\/2025\/09\/IMG_20250913_230442-300x226.jpg 300w, https:\/\/acquaviva.lavocedelpaese.info\/wp-content\/uploads\/2025\/09\/IMG_20250913_230442-768x578.jpg 768w\" sizes=\"(max-width: 1000px) 100vw, 1000px\" \/><\/figure>\n\n\n\n<figure class=\"wp-block-image size-large\"><img decoding=\"async\" width=\"1000\" height=\"753\" data-id=\"5725\" src=\"https:\/\/acquaviva.lavocedelpaese.info\/wp-content\/uploads\/2025\/09\/IMG_20250913_230445.jpg\" alt=\"\" class=\"wp-image-5725\" srcset=\"https:\/\/acquaviva.lavocedelpaese.info\/wp-content\/uploads\/2025\/09\/IMG_20250913_230445.jpg 1000w, https:\/\/acquaviva.lavocedelpaese.info\/wp-content\/uploads\/2025\/09\/IMG_20250913_230445-300x226.jpg 300w, https:\/\/acquaviva.lavocedelpaese.info\/wp-content\/uploads\/2025\/09\/IMG_20250913_230445-768x578.jpg 768w\" sizes=\"(max-width: 1000px) 100vw, 1000px\" \/><\/figure>\n\n\n\n<figure class=\"wp-block-image size-large\"><img decoding=\"async\" width=\"1000\" height=\"753\" data-id=\"5730\" src=\"https:\/\/acquaviva.lavocedelpaese.info\/wp-content\/uploads\/2025\/09\/IMG_20250913_230509.jpg\" alt=\"\" class=\"wp-image-5730\" srcset=\"https:\/\/acquaviva.lavocedelpaese.info\/wp-content\/uploads\/2025\/09\/IMG_20250913_230509.jpg 1000w, https:\/\/acquaviva.lavocedelpaese.info\/wp-content\/uploads\/2025\/09\/IMG_20250913_230509-300x226.jpg 300w, https:\/\/acquaviva.lavocedelpaese.info\/wp-content\/uploads\/2025\/09\/IMG_20250913_230509-768x578.jpg 768w\" sizes=\"(max-width: 1000px) 100vw, 1000px\" \/><\/figure>\n\n\n\n<figure class=\"wp-block-image size-large\"><img decoding=\"async\" width=\"1000\" height=\"753\" data-id=\"5729\" src=\"https:\/\/acquaviva.lavocedelpaese.info\/wp-content\/uploads\/2025\/09\/IMG_20250913_230510.jpg\" alt=\"\" class=\"wp-image-5729\" srcset=\"https:\/\/acquaviva.lavocedelpaese.info\/wp-content\/uploads\/2025\/09\/IMG_20250913_230510.jpg 1000w, https:\/\/acquaviva.lavocedelpaese.info\/wp-content\/uploads\/2025\/09\/IMG_20250913_230510-300x226.jpg 300w, https:\/\/acquaviva.lavocedelpaese.info\/wp-content\/uploads\/2025\/09\/IMG_20250913_230510-768x578.jpg 768w\" sizes=\"(max-width: 1000px) 100vw, 1000px\" \/><\/figure>\n\n\n\n<figure class=\"wp-block-image size-large\"><img decoding=\"async\" width=\"1000\" height=\"753\" data-id=\"5710\" src=\"https:\/\/acquaviva.lavocedelpaese.info\/wp-content\/uploads\/2025\/09\/IMG_20250913_230733.jpg\" alt=\"\" class=\"wp-image-5710\" srcset=\"https:\/\/acquaviva.lavocedelpaese.info\/wp-content\/uploads\/2025\/09\/IMG_20250913_230733.jpg 1000w, https:\/\/acquaviva.lavocedelpaese.info\/wp-content\/uploads\/2025\/09\/IMG_20250913_230733-300x226.jpg 300w, https:\/\/acquaviva.lavocedelpaese.info\/wp-content\/uploads\/2025\/09\/IMG_20250913_230733-768x578.jpg 768w\" sizes=\"(max-width: 1000px) 100vw, 1000px\" \/><\/figure>\n<\/figure>\n","protected":false},"excerpt":{"rendered":"<p>La rassegna di cortometraggi d&#8217;autore al Teatro Comunale &#8220;Luciani&#8221; di Isabella Giorgio Grande partecipazione al Teatro Luciani per la prima<\/p>\n","protected":false},"author":4,"featured_media":5736,"comment_status":"open","ping_status":"closed","sticky":false,"template":"","format":"standard","meta":{"colormag_page_container_layout":"default_layout","colormag_page_sidebar_layout":"default_layout","_monsterinsights_skip_tracking":false,"_monsterinsights_sitenote_active":false,"_monsterinsights_sitenote_note":"","_monsterinsights_sitenote_category":0,"footnotes":""},"categories":[5,33],"tags":[],"class_list":["post-5692","post","type-post","status-publish","format-standard","has-post-thumbnail","hentry","category-cultura","category-spalla"],"_links":{"self":[{"href":"https:\/\/acquaviva.lavocedelpaese.info\/index.php\/wp-json\/wp\/v2\/posts\/5692","targetHints":{"allow":["GET"]}}],"collection":[{"href":"https:\/\/acquaviva.lavocedelpaese.info\/index.php\/wp-json\/wp\/v2\/posts"}],"about":[{"href":"https:\/\/acquaviva.lavocedelpaese.info\/index.php\/wp-json\/wp\/v2\/types\/post"}],"author":[{"embeddable":true,"href":"https:\/\/acquaviva.lavocedelpaese.info\/index.php\/wp-json\/wp\/v2\/users\/4"}],"replies":[{"embeddable":true,"href":"https:\/\/acquaviva.lavocedelpaese.info\/index.php\/wp-json\/wp\/v2\/comments?post=5692"}],"version-history":[{"count":4,"href":"https:\/\/acquaviva.lavocedelpaese.info\/index.php\/wp-json\/wp\/v2\/posts\/5692\/revisions"}],"predecessor-version":[{"id":5743,"href":"https:\/\/acquaviva.lavocedelpaese.info\/index.php\/wp-json\/wp\/v2\/posts\/5692\/revisions\/5743"}],"wp:featuredmedia":[{"embeddable":true,"href":"https:\/\/acquaviva.lavocedelpaese.info\/index.php\/wp-json\/wp\/v2\/media\/5736"}],"wp:attachment":[{"href":"https:\/\/acquaviva.lavocedelpaese.info\/index.php\/wp-json\/wp\/v2\/media?parent=5692"}],"wp:term":[{"taxonomy":"category","embeddable":true,"href":"https:\/\/acquaviva.lavocedelpaese.info\/index.php\/wp-json\/wp\/v2\/categories?post=5692"},{"taxonomy":"post_tag","embeddable":true,"href":"https:\/\/acquaviva.lavocedelpaese.info\/index.php\/wp-json\/wp\/v2\/tags?post=5692"}],"curies":[{"name":"wp","href":"https:\/\/api.w.org\/{rel}","templated":true}]}}