{"id":5636,"date":"2025-07-23T19:16:00","date_gmt":"2025-07-23T19:16:00","guid":{"rendered":"https:\/\/acquaviva.lavocedelpaese.info\/?p=5636"},"modified":"2025-07-26T06:18:58","modified_gmt":"2025-07-26T06:18:58","slug":"al-via-estate-social-e-2025","status":"publish","type":"post","link":"https:\/\/acquaviva.lavocedelpaese.info\/index.php\/2025\/07\/23\/al-via-estate-social-e-2025\/","title":{"rendered":"Al via &#8220;Estate SOCIAL&#8230;\u00e8&#8221; 2025"},"content":{"rendered":"\n<p>\ud835\udc0f\ud835\udc1a\ud835\udc2b\ud835\udc2d\ud835\udc1e &#8220;\ud835\udc04\ud835\udc2c\ud835\udc2d\ud835\udc1a\ud835\udc2d\ud835\udc1e \ud835\udc12\ud835\udc0e\ud835\udc02\ud835\udc08\ud835\udc00\ud835\udc0b&#8230;\ud835\udc1e\u0300&#8221; \ud835\udfd0\ud835\udfce\ud835\udfd0\ud835\udfd3 con iniziative pensate dall&#8217;Amministrazione comunale di Acquaviva delle Fonti e dedicate a bambine, bambini e famiglie!<br>Si parte con 4 laboratori creativi in Piazza!<br>\ud835\udc12&#8230;\ud835\udc0f\ud835\udc08\ud835\udc00\ud835\udc19\ud835\udc19\ud835\udc00 \ud835\udc25\ud835\udc1a \ud835\udc1f\ud835\udc1a\ud835\udc27\ud835\udc2d\ud835\udc1a\ud835\udc2c\ud835\udc22\ud835\udc1a!!<\/p>\n\n\n\n<p>Il Centro Servizi al Volontariato \u201cSan Nicola\u201d di Bari, da anni punto di riferimento per il sostegno e la valorizzazione del volontariato nel territorio metropolitano, si \u00e8 distinto per la sua capacit\u00e0 di attivare reti solidali e progettare iniziative a forte impatto sociale, in particolare in favore delle fasce pi\u00f9 fragili della popolazione.<br>Per questo, desidero esprimere gratitudine e soddisfazione per le quattro iniziative laboratoriali che il C.S.V. realizzer\u00e0 per le bambine ed i bambini della nostra comunit\u00e0.<br>Si tratta di attivit\u00e0 pensate per stimolare l&#8217;espressione emotiva, la fantasia, il linguaggio e la socializzazione. Tutte gratuite ed all&#8217;aperto, per favorire la pi\u00f9 ampia partecipazione.<br>Consiglio a tutti vivamente di prenotarsi e partecipare!!<br>\ud835\udc03\ud835\udc1a\ud835\udc25 \ud835\udfd0\ud835\udfd3 \ud835\udc25\ud835\udc2e\ud835\udc20\ud835\udc25\ud835\udc22\ud835\udc28 \ud835\udc1a\ud835\udc25 \ud835\udfd5 \ud835\udc1a\ud835\udc20\ud835\udc28\ud835\udc2c\ud835\udc2d\ud835\udc28!<br>\ud835\udc03\ud835\udc1a\ud835\udc25\ud835\udc25\ud835\udc1e \ud835\udfcf\ud835\udfd5.\ud835\udfd1\ud835\udfce \ud835\udc1a\ud835\udc25\ud835\udc25\ud835\udc1e \ud835\udfcf\ud835\udfd7.\ud835\udfd1\ud835\udfce<br>\ud835\udc08\ud835\udc27 \ud835\udc25\ud835\udc28\ud835\udc1c\ud835\udc1a\ud835\udc27\ud835\udc1d\ud835\udc22\ud835\udc27\ud835\udc1a \ud835\udc2d\ud835\udc2e\ud835\udc2d\ud835\udc2d\ud835\udc1e \ud835\udc25\ud835\udc1e \ud835\udc22\ud835\udc27\ud835\udc1f\ud835\udc28<\/p>\n\n\n\n<p><a href=\"https:\/\/www.facebook.com\/csvbari?__cft__[0]=AZXHjQHA38qIy5XI-jXDKX-HcLObpeyhTdh_VxYpiuwLOr7T1GnhdFYg-UbKaxl8vcrzdh0wMC7JERS3IuWq7mpR8ypoTWqJWB_3K3-fTi9pm5LBxMgtWjSObohznAA7_PI0tgTUR8RKQam1xOzsZ7PLdCjzJVJf8_2uEwLBsRYwuz2ZwvK6qnY8UlPPi7pnZ5jycn5O8JrjPIysn22hGjYrYeq5bpQDEhgpamDVPhO8pQ&amp;__tn__=-]K*F\">CSV San Nicola<\/a><a href=\"https:\/\/www.facebook.com\/comunediacquavivadellefonti?__cft__[0]=AZXHjQHA38qIy5XI-jXDKX-HcLObpeyhTdh_VxYpiuwLOr7T1GnhdFYg-UbKaxl8vcrzdh0wMC7JERS3IuWq7mpR8ypoTWqJWB_3K3-fTi9pm5LBxMgtWjSObohznAA7_PI0tgTUR8RKQam1xOzsZ7PLdCjzJVJf8_2uEwLBsRYwuz2ZwvK6qnY8UlPPi7pnZ5jycn5O8JrjPIysn22hGjYrYeq5bpQDEhgpamDVPhO8pQ&amp;__tn__=-]K*F\">Comune di Acquaviva Delle Fonti<\/a><a href=\"https:\/\/www.facebook.com\/marcolenocisindacoacquaviva?__cft__[0]=AZXHjQHA38qIy5XI-jXDKX-HcLObpeyhTdh_VxYpiuwLOr7T1GnhdFYg-UbKaxl8vcrzdh0wMC7JERS3IuWq7mpR8ypoTWqJWB_3K3-fTi9pm5LBxMgtWjSObohznAA7_PI0tgTUR8RKQam1xOzsZ7PLdCjzJVJf8_2uEwLBsRYwuz2ZwvK6qnY8UlPPi7pnZ5jycn5O8JrjPIysn22hGjYrYeq5bpQDEhgpamDVPhO8pQ&amp;__tn__=-]K*F\">Marco Lenoci &#8211; Sindaco di Acquaviva<\/a><br><a href=\"https:\/\/www.facebook.com\/hashtag\/estatesocial?__eep__=6&amp;__cft__[0]=AZXHjQHA38qIy5XI-jXDKX-HcLObpeyhTdh_VxYpiuwLOr7T1GnhdFYg-UbKaxl8vcrzdh0wMC7JERS3IuWq7mpR8ypoTWqJWB_3K3-fTi9pm5LBxMgtWjSObohznAA7_PI0tgTUR8RKQam1xOzsZ7PLdCjzJVJf8_2uEwLBsRYwuz2ZwvK6qnY8UlPPi7pnZ5jycn5O8JrjPIysn22hGjYrYeq5bpQDEhgpamDVPhO8pQ&amp;__tn__=*NK*F\">#ESTATESOCIAL<\/a>&#8230;\u00e8&nbsp;<a href=\"https:\/\/www.facebook.com\/hashtag\/laboratoricreativi?__eep__=6&amp;__cft__[0]=AZXHjQHA38qIy5XI-jXDKX-HcLObpeyhTdh_VxYpiuwLOr7T1GnhdFYg-UbKaxl8vcrzdh0wMC7JERS3IuWq7mpR8ypoTWqJWB_3K3-fTi9pm5LBxMgtWjSObohznAA7_PI0tgTUR8RKQam1xOzsZ7PLdCjzJVJf8_2uEwLBsRYwuz2ZwvK6qnY8UlPPi7pnZ5jycn5O8JrjPIysn22hGjYrYeq5bpQDEhgpamDVPhO8pQ&amp;__tn__=*NK*F\">#laboratoricreativi<\/a><a href=\"https:\/\/www.facebook.com\/hashtag\/spiazzalafantasia?__eep__=6&amp;__cft__[0]=AZXHjQHA38qIy5XI-jXDKX-HcLObpeyhTdh_VxYpiuwLOr7T1GnhdFYg-UbKaxl8vcrzdh0wMC7JERS3IuWq7mpR8ypoTWqJWB_3K3-fTi9pm5LBxMgtWjSObohznAA7_PI0tgTUR8RKQam1xOzsZ7PLdCjzJVJf8_2uEwLBsRYwuz2ZwvK6qnY8UlPPi7pnZ5jycn5O8JrjPIysn22hGjYrYeq5bpQDEhgpamDVPhO8pQ&amp;__tn__=*NK*F\">#Spiazzalafantasia<\/a><\/p>\n\n\n\n<p>Mostra meno<\/p>\n\n\n\n<p><\/p>\n\n\n\n<figure class=\"wp-block-image size-full\"><img decoding=\"async\" src=\"https:\/\/acquaviva.lavocedelpaese.info\/wp-content\/uploads\/2025\/07\/520892782_122268889688023606_4827780682731165134_n.jpg\" alt=\"\" class=\"wp-image-5637\" \/><\/figure>\n","protected":false},"excerpt":{"rendered":"<p>\ud835\udc0f\ud835\udc1a\ud835\udc2b\ud835\udc2d\ud835\udc1e &#8220;\ud835\udc04\ud835\udc2c\ud835\udc2d\ud835\udc1a\ud835\udc2d\ud835\udc1e \ud835\udc12\ud835\udc0e\ud835\udc02\ud835\udc08\ud835\udc00\ud835\udc0b&#8230;\ud835\udc1e\u0300&#8221; \ud835\udfd0\ud835\udfce\ud835\udfd0\ud835\udfd3 con iniziative pensate dall&#8217;Amministrazione comunale di Acquaviva delle Fonti e dedicate a bambine, bambini e famiglie!Si<\/p>\n","protected":false},"author":4,"featured_media":5637,"comment_status":"open","ping_status":"closed","sticky":false,"template":"","format":"standard","meta":{"colormag_page_container_layout":"default_layout","colormag_page_sidebar_layout":"default_layout","_monsterinsights_skip_tracking":false,"_monsterinsights_sitenote_active":false,"_monsterinsights_sitenote_note":"","_monsterinsights_sitenote_category":0,"footnotes":""},"categories":[1],"tags":[],"class_list":["post-5636","post","type-post","status-publish","format-standard","has-post-thumbnail","hentry","category-uncategorized"],"_links":{"self":[{"href":"https:\/\/acquaviva.lavocedelpaese.info\/index.php\/wp-json\/wp\/v2\/posts\/5636","targetHints":{"allow":["GET"]}}],"collection":[{"href":"https:\/\/acquaviva.lavocedelpaese.info\/index.php\/wp-json\/wp\/v2\/posts"}],"about":[{"href":"https:\/\/acquaviva.lavocedelpaese.info\/index.php\/wp-json\/wp\/v2\/types\/post"}],"author":[{"embeddable":true,"href":"https:\/\/acquaviva.lavocedelpaese.info\/index.php\/wp-json\/wp\/v2\/users\/4"}],"replies":[{"embeddable":true,"href":"https:\/\/acquaviva.lavocedelpaese.info\/index.php\/wp-json\/wp\/v2\/comments?post=5636"}],"version-history":[{"count":1,"href":"https:\/\/acquaviva.lavocedelpaese.info\/index.php\/wp-json\/wp\/v2\/posts\/5636\/revisions"}],"predecessor-version":[{"id":5638,"href":"https:\/\/acquaviva.lavocedelpaese.info\/index.php\/wp-json\/wp\/v2\/posts\/5636\/revisions\/5638"}],"wp:featuredmedia":[{"embeddable":true,"href":"https:\/\/acquaviva.lavocedelpaese.info\/index.php\/wp-json\/wp\/v2\/media\/5637"}],"wp:attachment":[{"href":"https:\/\/acquaviva.lavocedelpaese.info\/index.php\/wp-json\/wp\/v2\/media?parent=5636"}],"wp:term":[{"taxonomy":"category","embeddable":true,"href":"https:\/\/acquaviva.lavocedelpaese.info\/index.php\/wp-json\/wp\/v2\/categories?post=5636"},{"taxonomy":"post_tag","embeddable":true,"href":"https:\/\/acquaviva.lavocedelpaese.info\/index.php\/wp-json\/wp\/v2\/tags?post=5636"}],"curies":[{"name":"wp","href":"https:\/\/api.w.org\/{rel}","templated":true}]}}