{"id":5613,"date":"2025-07-26T05:38:49","date_gmt":"2025-07-26T05:38:49","guid":{"rendered":"https:\/\/acquaviva.lavocedelpaese.info\/?p=5613"},"modified":"2025-07-26T05:38:49","modified_gmt":"2025-07-26T05:38:49","slug":"incontro-pubblico-sullo-stato-dei-lavori-in-piazza-vittorio-emanuele-ii","status":"publish","type":"post","link":"https:\/\/acquaviva.lavocedelpaese.info\/index.php\/2025\/07\/26\/incontro-pubblico-sullo-stato-dei-lavori-in-piazza-vittorio-emanuele-ii\/","title":{"rendered":"Incontro pubblico sullo stato dei lavori in piazza Vittorio Emanuele II"},"content":{"rendered":"\n<p><\/p>\n\n\n\n<p>A<strong>ppuntamento il 29 luglio nella sala Angelillo<\/strong><\/p>\n\n\n\n<p>Marted\u00ec 29 luglio alle ore 18, nella sala Angelillo di Palazzo di Citt\u00e0, si terr\u00e0 un incontro pubblico aperto alla cittadinanza di Acquaviva delle Fonti per fare il punto sullo stato di avanzamento dei lavori di riqualificazione di piazza Vittorio Emanuele II.<\/p>\n\n\n\n<p>All\u2019incontro parteciperanno il sindaco Marco Lenoci, gli amministratori comunali e i tecnici incaricati, che relazioneranno sull\u2019intervento in corso, illustrando in modo dettagliato il programma aggiornato dei lavori, gli obiettivi, le tempistiche e le motivazioni dei rallentamenti registrati.<\/p>\n\n\n\n<p>Il cantiere ha infatti subito ritardi legati al ritrovamento di reperti archeologici, che hanno reso necessario un confronto con la Soprintendenza Archeologia, Belle Arti e Paesaggio e la conseguente redazione di varianti progettuali. Solo dopo questo complesso lavoro di revisione, i lavori hanno potuto riprendere nel pieno rispetto delle prescrizioni archeologiche.<\/p>\n\n\n\n<p>Marco Lenoci, sindaco di Acquaviva delle Fonti: \u00abQuesto incontro \u00e8 un momento di confronto e chiarezza con i cittadini. Il cantiere della piazza, per la sua centralit\u00e0 e importanza, merita di essere raccontato con trasparenza, spiegando le ragioni dei ritardi e condividendo il percorso fatto, anche in sinergia con la Soprintendenza. Vogliamo che ogni cittadino sia informato, partecipe e consapevole delle scelte che riguardano la propria citt\u00e0.\u00bb<\/p>\n","protected":false},"excerpt":{"rendered":"<p>Appuntamento il 29 luglio nella sala Angelillo Marted\u00ec 29 luglio alle ore 18, nella sala Angelillo di Palazzo di Citt\u00e0,<\/p>\n","protected":false},"author":4,"featured_media":5614,"comment_status":"open","ping_status":"closed","sticky":false,"template":"","format":"standard","meta":{"colormag_page_container_layout":"default_layout","colormag_page_sidebar_layout":"default_layout","_monsterinsights_skip_tracking":false,"_monsterinsights_sitenote_active":false,"_monsterinsights_sitenote_note":"","_monsterinsights_sitenote_category":0,"footnotes":""},"categories":[3,33],"tags":[],"class_list":["post-5613","post","type-post","status-publish","format-standard","has-post-thumbnail","hentry","category-politica","category-spalla"],"_links":{"self":[{"href":"https:\/\/acquaviva.lavocedelpaese.info\/index.php\/wp-json\/wp\/v2\/posts\/5613","targetHints":{"allow":["GET"]}}],"collection":[{"href":"https:\/\/acquaviva.lavocedelpaese.info\/index.php\/wp-json\/wp\/v2\/posts"}],"about":[{"href":"https:\/\/acquaviva.lavocedelpaese.info\/index.php\/wp-json\/wp\/v2\/types\/post"}],"author":[{"embeddable":true,"href":"https:\/\/acquaviva.lavocedelpaese.info\/index.php\/wp-json\/wp\/v2\/users\/4"}],"replies":[{"embeddable":true,"href":"https:\/\/acquaviva.lavocedelpaese.info\/index.php\/wp-json\/wp\/v2\/comments?post=5613"}],"version-history":[{"count":1,"href":"https:\/\/acquaviva.lavocedelpaese.info\/index.php\/wp-json\/wp\/v2\/posts\/5613\/revisions"}],"predecessor-version":[{"id":5615,"href":"https:\/\/acquaviva.lavocedelpaese.info\/index.php\/wp-json\/wp\/v2\/posts\/5613\/revisions\/5615"}],"wp:featuredmedia":[{"embeddable":true,"href":"https:\/\/acquaviva.lavocedelpaese.info\/index.php\/wp-json\/wp\/v2\/media\/5614"}],"wp:attachment":[{"href":"https:\/\/acquaviva.lavocedelpaese.info\/index.php\/wp-json\/wp\/v2\/media?parent=5613"}],"wp:term":[{"taxonomy":"category","embeddable":true,"href":"https:\/\/acquaviva.lavocedelpaese.info\/index.php\/wp-json\/wp\/v2\/categories?post=5613"},{"taxonomy":"post_tag","embeddable":true,"href":"https:\/\/acquaviva.lavocedelpaese.info\/index.php\/wp-json\/wp\/v2\/tags?post=5613"}],"curies":[{"name":"wp","href":"https:\/\/api.w.org\/{rel}","templated":true}]}}