{"id":5610,"date":"2025-07-23T15:44:02","date_gmt":"2025-07-23T15:44:02","guid":{"rendered":"https:\/\/acquaviva.lavocedelpaese.info\/?p=5610"},"modified":"2025-07-26T05:29:45","modified_gmt":"2025-07-26T05:29:45","slug":"la-rivoluzione-del-sud-di-davide-carlucci-2","status":"publish","type":"post","link":"https:\/\/acquaviva.lavocedelpaese.info\/index.php\/2025\/07\/23\/la-rivoluzione-del-sud-di-davide-carlucci-2\/","title":{"rendered":"&#8220;La Rivoluzione del Sud&#8221; di Davide Carlucci"},"content":{"rendered":"\n<p>Incontro con l&#8217;autore<\/p>\n\n\n\n<p>Appuntamento da non perdere questa sera alle ore 19.00 presso la Biblioteca Comunale \u201cMaselli Campagna\u201d in via Togliatti 2, per la presentazione del libro \u201cLa rivoluzione del Sud\u201d di Davide Carlucci. <\/p>\n\n\n\n<p>Trama del libro:<\/p>\n\n\n\n<p>&#8220;Esiste un Sud ancora poco visibile, che sfida gli stereotipi. \u00c8 il Mezzogiorno che ha scelto di reagire alla marginalizzazione e alla colonizzazione imposte da una parte della politica e dell&#8217;economia. Il racconto di un giornalista che, diventato amministratore, ha dato vita alla prima rete di sindaci meridionali, rivendicando una distribuzione equa dei fondi del pnrr, lo strumento che oggi sta trasformando le citt\u00e0 del Sud. I sindaci si sono ribellati, guidando la protesta contro l&#8217;autonomia differenziata &#8211; il tentativo di dividere l&#8217;Italia in base alla ricchezza &#8211; e chiedendo una nuova agenda politica nazionale che rimetta il Mezzogiorno al centro. Una parte del Paese che, in questi anni, ha saputo opporsi alle mafie, valorizzare i beni confiscati alla criminalit\u00e0 e riscoprire la propria identit\u00e0 attraverso la letteratura e la musica. Oggi, questo Mezzogiorno \u00e8 in grado di proporre all&#8217;Europa un modello di sviluppo alternativo. Prefazione di Marco Esposito&#8221;.<\/p>\n\n\n\n<p>Saluti istituzionali del Sindaco di Acquaviva delle Fonti avv. Marco Lenoci e dell&#8217;Assessora alla Cultura  Mariagrazia Barbieri.<\/p>\n\n\n\n<p>Dialoga con l&#8217;autore Antonio Decaro, europarlamentare, Francesca Pietroforte, consigliera comunale, Antonio Piangiolino, componente Rete Recovery Sud.<\/p>\n\n\n\n<p>Letture di Tony Vavalle.<\/p>\n\n\n\n<p>Modera Marilda Tria.<\/p>\n\n\n\n<p><\/p>\n\n\n\n<p><\/p>\n\n\n\n<figure class=\"wp-block-image size-full\"><img decoding=\"async\" src=\"https:\/\/acquaviva.lavocedelpaese.info\/wp-content\/uploads\/2025\/07\/522621388_10237646292445596_2148772849979696979_n.jpg\" alt=\"\" class=\"wp-image-5611\" \/><\/figure>\n","protected":false},"excerpt":{"rendered":"<p>Incontro con l&#8217;autore Appuntamento da non perdere questa sera alle ore 19.00 presso la Biblioteca Comunale \u201cMaselli Campagna\u201d in via<\/p>\n","protected":false},"author":4,"featured_media":5611,"comment_status":"open","ping_status":"closed","sticky":false,"template":"","format":"standard","meta":{"colormag_page_container_layout":"default_layout","colormag_page_sidebar_layout":"default_layout","_monsterinsights_skip_tracking":false,"_monsterinsights_sitenote_active":false,"_monsterinsights_sitenote_note":"","_monsterinsights_sitenote_category":0,"footnotes":""},"categories":[2,5],"tags":[],"class_list":["post-5610","post","type-post","status-publish","format-standard","has-post-thumbnail","hentry","category-attualita","category-cultura"],"_links":{"self":[{"href":"https:\/\/acquaviva.lavocedelpaese.info\/index.php\/wp-json\/wp\/v2\/posts\/5610","targetHints":{"allow":["GET"]}}],"collection":[{"href":"https:\/\/acquaviva.lavocedelpaese.info\/index.php\/wp-json\/wp\/v2\/posts"}],"about":[{"href":"https:\/\/acquaviva.lavocedelpaese.info\/index.php\/wp-json\/wp\/v2\/types\/post"}],"author":[{"embeddable":true,"href":"https:\/\/acquaviva.lavocedelpaese.info\/index.php\/wp-json\/wp\/v2\/users\/4"}],"replies":[{"embeddable":true,"href":"https:\/\/acquaviva.lavocedelpaese.info\/index.php\/wp-json\/wp\/v2\/comments?post=5610"}],"version-history":[{"count":1,"href":"https:\/\/acquaviva.lavocedelpaese.info\/index.php\/wp-json\/wp\/v2\/posts\/5610\/revisions"}],"predecessor-version":[{"id":5612,"href":"https:\/\/acquaviva.lavocedelpaese.info\/index.php\/wp-json\/wp\/v2\/posts\/5610\/revisions\/5612"}],"wp:featuredmedia":[{"embeddable":true,"href":"https:\/\/acquaviva.lavocedelpaese.info\/index.php\/wp-json\/wp\/v2\/media\/5611"}],"wp:attachment":[{"href":"https:\/\/acquaviva.lavocedelpaese.info\/index.php\/wp-json\/wp\/v2\/media?parent=5610"}],"wp:term":[{"taxonomy":"category","embeddable":true,"href":"https:\/\/acquaviva.lavocedelpaese.info\/index.php\/wp-json\/wp\/v2\/categories?post=5610"},{"taxonomy":"post_tag","embeddable":true,"href":"https:\/\/acquaviva.lavocedelpaese.info\/index.php\/wp-json\/wp\/v2\/tags?post=5610"}],"curies":[{"name":"wp","href":"https:\/\/api.w.org\/{rel}","templated":true}]}}