{"id":5599,"date":"2025-07-16T15:52:39","date_gmt":"2025-07-16T15:52:39","guid":{"rendered":"https:\/\/acquaviva.lavocedelpaese.info\/?p=5599"},"modified":"2025-07-16T15:52:40","modified_gmt":"2025-07-16T15:52:40","slug":"festa-della-cipolla-rossa-di-acquaviva-delle-fonti-2025","status":"publish","type":"post","link":"https:\/\/acquaviva.lavocedelpaese.info\/index.php\/2025\/07\/16\/festa-della-cipolla-rossa-di-acquaviva-delle-fonti-2025\/","title":{"rendered":"Festa della Cipolla Rossa di Acquaviva delle Fonti 2025"},"content":{"rendered":"\n<p>LA FESTA \u00c8 ANCHE TUA!<br><br>Come ogni anno, nel terzo weekend di luglio, Acquaviva delle Fonti si prepara ad accogliere la Festa<br>della Cipolla Rossa, uno degli appuntamenti pi\u00f9 attesi dell\u2019estate pugliese. L\u2019edizione 2025 si terr\u00e0<br>sabato 19 e domenica 20 luglio, lungo l\u2019Estramurale Pozzo Zuccaro, ed \u00e8 organizzata dalla Pro Loco<br>\u201cCurtomartino\u201d con il contributo della Regione Puglia &#8211; Assessorato all\u2019agricoltura e del Comune di<br>Acquaviva delle Fonti, patrocinata dalla Citt\u00e0 Metropolitana di Bari, Parco Nazionale dell\u2019Alta Murgia<br>e Murgeopark, GAL Sud-Est Barese e UNPLI Puglia.<br>La Festa \u00e8 molto pi\u00f9 di una semplice sagra: \u00e8 un omaggio collettivo a un prodotto agricolo che<br>vorremmo diventasse emblema di identit\u00e0 territoriale, orgoglio contadino e coesione sociale. La cipolla<br>rossa di Acquaviva non \u00e8 solo un\u2019eccellenza gastronomica riconosciuta per il suo sapore dolce e la sua<br>straordinaria digeribilit\u00e0: \u00e8 un prodotto della comunit\u00e0, coltivato con cura e tramandato con passione<br>da generazioni. \u00c8 un simbolo che ci unisce, che racconta storie di terra e di fatica, ma anche di festa, di<br>convivialit\u00e0, di appartenenza.<br>La cipolla rossa \u00e8 ci\u00f2 che ci somiglia: dolce e forte, semplice e complessa, popolare e preziosa. Nelle<br>sue sfumature, nei suoi strati, nel suo profumo persistente, si nasconde la memoria di un territorio<br>agricolo che non ha mai smesso di credere nella qualit\u00e0, nella cooperazione e nel rispetto della terra.<br>Per questo motivo, la Festa della Cipolla Rossa non \u00e8 solo un evento gastronomico: \u00e8 un rito laico di<br>riconoscimento collettivo, in cui ogni cittadino pu\u00f2 ritrovare un pezzo di s\u00e9.<br>Per l\u2019edizione 2025, la campagna di comunicazione \u00e8 volutamente provocatoria, ironica e spiazzante:<br>tre slogan dal sapore pungente che mirano a scuotere l\u2019opinione pubblica e a far riflettere, sorridendo,<br>sull\u2019identit\u00e0 e sull\u2019immagine del paese.<\/p>\n\n\n\n<ol class=\"wp-block-list\">\n<li>\u201cTutti professori\u2026 con le cipolle degli altri!\u201d<br>Una frecciatina autoironica che gioca sul proverbio \u201cl\u2019erba del vicino \u00e8 sempre pi\u00f9 verde\u201d. Un invito a<br>riconoscere il valore di ci\u00f2 che \u00e8 nostro, senza complessi di inferiorit\u00e0, perch\u00e9 spesso si tende a<br>celebrare altrove ci\u00f2 che si ha sotto gli occhi ogni giorno. La nostra cipolla rossa non ha nulla da<br>invidiare a nessun altro prodotto: \u00e8 un\u2019eccellenza che merita rispetto e valorizzazione.<\/li>\n\n\n\n<li>\u201cFacciamo piangere. S\u00ec, come una cipolla.\u201d<br>Dietro questa frase c\u2019\u00e8 un doppio significato: emozione e fatica, lacrime di commozione ma anche di<br>resistenza. S\u00ec, la cipolla fa piangere, ma ci ricorda anche che ogni cosa bella richiede impegno. Le<br>nostre mani sanno lavorare, i nostri occhi sanno guardare lontano, anche con le lacrime.<\/li>\n\n\n\n<li>\u201cIl paese puzza? \u00c8 colpa della cipolla!\u201d<br>Associazione Turistica Pro Loco \u201cCurtomartino\u201d APS<br>Sede legale: Piazza Maria SS. di Costantinopoli n. 16 \u2013 70021 \u2013 Acquaviva delle Fonti \u2013 Bari<br>www.prolocoacquaviva.it \/ info@prolocoacquaviva.it \u2013 PEC : prolocoacquaviva@pec.it<br>P. IVA 06994500723 \u2013 C.F. 91034790724 &#8211; Registro RUNTS n. 142322<br>Un\u2019affermazione sfrontata, che ribalta con ironia un luogo comune: s\u00ec, la cipolla ha un odore forte,<br>inconfondibile. Ma \u00e8 l\u2019odore della vita vera, del lavoro nei campi, della cucina di casa. \u00c8 un profumo che<br>racconta di radici e di futuro. Non puzza: profuma di comunit\u00e0.<br>Durante i due giorni di Festa, il centro di Acquaviva sar\u00e0 animato da stand gastronomici, spettacoli<br>musicali, laboratori del gusto, incontri con agricoltori, visite guidate e momenti di racconto. Al centro<br>di tutto, naturalmente, lei: la cipolla rossa, protagonista indiscussa tra piatti della tradizione, ricette<br>rivisitate e creazioni originali degli chef locali.<br>La Festa della Cipolla Rossa \u00e8 un patrimonio della comunit\u00e0 e, come tale, vive grazie alla partecipazione<br>e al contributo di tutti. Per questo, per l\u2019edizione 2025, la Pro Loco \u201cCurtomartino\u201d ha deciso di lanciare<br>una campagna di crowdfunding aperta a chiunque voglia sostenere attivamente la buona riuscita<br>dell\u2019evento (per sostenere \u00e8 sufficiente cliccare qui: www.sostieni.link\/38397)<br>L\u2019obiettivo \u00e8 semplice ma ambizioso: rendere ogni cittadino partecipe e corresponsabile, anche con un<br>piccolo gesto, anche da lontano. Ogni contributo \u00e8 un messaggio di fiducia, un abbraccio simbolico, un<br>modo per dire \u201cio ci sono\u201d. Il denaro raccolto sar\u00e0 destinato interamente a coprire i costi organizzativi<br>della festa: allestimenti, eventi culturali, attivit\u00e0 per bambini, musica dal vivo, comunicazione e<br>logistica. Ma, soprattutto, sar\u00e0 una forma concreta di partecipazione attiva e collettiva, che rafforza il<br>senso di comunit\u00e0 e il legame tra cittadini, istituzioni e territorio.<br>Alessandro Macchia, Presidente della Pro Loco, si dice entusiasta dopo il successo dello scorso anno<br>che ha permesso di riaccedere i riflettori su questo evento, nonostante le numerose difficolt\u00e0<br>organizzative ed economiche. Quest\u2019anno torniamo con l\u2019intento di mettere al centro il prodotto e i<br>produttori, veri protagonisti e custodi di saperi e tradizioni della terra. Lo facciamo con spirito<br>associazionistico e di comunit\u00e0 che da sempre ci contraddistingue, che ci proietta verso l\u2019unione di<br>intenti di tanti attori del territorio. Crediamo che il dialogo tra noi sia fondamentale per crescere, fare<br>rete e soprattutto percorrere la stessa strada, anche se spesso l\u2019erba del vicino \u00e8 sempre pi\u00f9 verde.<br>Marco Lenoci, sindaco di Acquaviva delle Fonti<br>\u00abLa Festa della Cipolla Rossa \u00e8 molto pi\u00f9 di un evento gastronomico: \u00e8 un momento identitario, che<br>racconta la storia agricola e culturale della nostra comunit\u00e0. Valorizzare il prodotto simbolo di<br>Acquaviva significa dare dignit\u00e0 al lavoro dei nostri agricoltori e offrire un&#8217;occasione di promozione<br>turistica per l\u2019intera citt\u00e0. Un evento che coniuga tradizione, economia e bellezza, capace di attirare<br>visitatori da tutta la regione e oltre.\u00bb<br>Mariagrazia Barbieri, assessore all\u2019Agricoltura e alla Cultura<br>\u00abLa Cipolla Rossa di Acquaviva non \u00e8 solo un\u2019eccellenza del territorio, ma un ponte tra passato e futuro.<br>Con questa festa celebriamo una filiera che va difesa, raccontata e rilanciata. Vogliamo che la<br>manifestazione sia una vetrina per le nostre imprese agricole e per l\u2019offerta culturale e turistica di<br>Acquaviva, capace di attrarre residenti e visitatori con un programma ricco di gusto, musica, tradizione<br>e identit\u00e0 locale.\u00bb<br>Associazione Turistica Pro Loco \u201cCurtomartino\u201d APS<br>Sede legale: Piazza Maria SS. di Costantinopoli n. 16 \u2013 70021 \u2013 Acquaviva delle Fonti \u2013 Bari<br>www.prolocoacquaviva.it \/ info@prolocoacquaviva.it \u2013 PEC : prolocoacquaviva@pec.it<br>P. IVA 06994500723 \u2013 C.F. 91034790724 &#8211; Registro RUNTS n. 142322<br>La Festa della Cipolla Rossa di Acquaviva delle Fonti non \u00e8 solo una celebrazione di un prodotto tipico:<br>\u00e8 una dichiarazione d\u2019amore alla nostra terra e alla nostra identit\u00e0. Vi aspettiamo il 19 e 20 luglio per<br>condividere profumi, sapori, storie e sorrisi.<br>PROGRAMMA DELLA FESTA DELLA CIPOLLA ROSSA DI ACQUAVIVA DELLE FONTI 2025<\/li>\n<\/ol>\n\n\n\n<ul class=\"wp-block-list\">\n<li>Gioved\u00ec 17 luglio ore 11:00 presso Regione Puglia \u2013 Assessorato all\u2019agricoltura<br>Conferenza stampa di presentazione della Festa della Cipolla Rossa di Acquaviva delle Fonti alla<br>presenza delle autorit\u00e0 regionali e locali, nonch\u00e9 partner di progetto (Parco Nazionale dell\u2019Alta Murgia,<br>Gal Sud-Est Barese e UNPLI Puglia), giornalisti e testate locali<\/li>\n\n\n\n<li>Sabato 19 luglio<br>Dalle ore 18:00: apertura stand gastronomici &#8211; Estramurale Pozzo Zuccaro<br>Ore 18:00: Tra Sacro e Profano &#8211; visita guidata gratuita al centro antico e al Museo Archeologico<br>&#8220;Austacio Busto&#8221; (partenza da Info Point Turistico)<br>Ore 21:00: 883 con Mauro Repetto in concerto in Dj Sole Tour Estate 2025 &#8211; Estramurale Pozzo Zuccaro<\/li>\n\n\n\n<li>Domenica 20 luglio<br>Dalle ore 18:00: apertura stand gastronomici &#8211; Estramurale Pozzo Zuccaro<br>Ore 18:00: Tra Sacro e Profano &#8211; visita guidata gratuita al centro antico e al Museo Archeologico<br>&#8220;Austacio Busto&#8221; (partenza da Info Point Turistico)<br>Ore 21:00: i Lumied in concerto &#8211; Estramurale Pozzo Zuccaro<br>Ore 23:00: Leo Sportelli dj &#8211; Estramurale Pozzo Zuccaro<br>Un evento organizzato da:<br>ASSOCIAZIONE TURISTICA PRO LOCO \u201cCURTOMARTINO\u201d APS<br>Piazza Maria SS. Di Costantinopoli, 16 \u2013 Acquaviva delle Fonti (BA)<br>Con il contributo e il patrocinio della Regione Puglia e del Comune di Acquaviva delle Fonti<br>Con il patrocinio e in collaborazione con Citt\u00e0 Metropolitana di Bari, Parco Nazionale dell\u2019Alta Murgia, Gal Sud-Est Barese e UNPLI Puglia<\/li>\n\n\n\n<li><br>INFORMAZIONI:<br>Info-Point Turistico di Acquaviva delle Fonti<br>P.zza Maria SS. di Costantinopoli 16 \u2013 Acquaviva delle Fonti<br>Da gioved\u00ec a domenica | 9:00-13:00 e 16:00-20:00<br>+39.392.3369394 (Tel. Sms o Whatsapp) \u2022 info@prolocoacquaviva.it<\/li>\n<\/ul>\n\n\n\n<figure class=\"wp-block-image size-full\"><img decoding=\"async\" src=\"https:\/\/acquaviva.lavocedelpaese.info\/wp-content\/uploads\/2025\/07\/b75823b2-271f-40b6-be76-5991e2e8d2e2.jpg\" alt=\"\" class=\"wp-image-5600\" \/><\/figure>\n\n\n\n<figure class=\"wp-block-image size-full\"><img decoding=\"async\" width=\"1000\" height=\"380\" src=\"https:\/\/acquaviva.lavocedelpaese.info\/wp-content\/uploads\/2025\/07\/a04cbf4b-40d1-49ad-a412-9b4fdd5ef926.jpg\" alt=\"\" class=\"wp-image-5601\" srcset=\"https:\/\/acquaviva.lavocedelpaese.info\/wp-content\/uploads\/2025\/07\/a04cbf4b-40d1-49ad-a412-9b4fdd5ef926.jpg 1000w, https:\/\/acquaviva.lavocedelpaese.info\/wp-content\/uploads\/2025\/07\/a04cbf4b-40d1-49ad-a412-9b4fdd5ef926-300x114.jpg 300w, https:\/\/acquaviva.lavocedelpaese.info\/wp-content\/uploads\/2025\/07\/a04cbf4b-40d1-49ad-a412-9b4fdd5ef926-768x292.jpg 768w\" sizes=\"(max-width: 1000px) 100vw, 1000px\" \/><\/figure>\n\n\n\n<figure class=\"wp-block-image size-full\"><img decoding=\"async\" width=\"566\" height=\"800\" src=\"https:\/\/acquaviva.lavocedelpaese.info\/wp-content\/uploads\/2025\/07\/817eaa4a-f4f8-4361-a4d1-98dc5f81373d.jpg\" alt=\"\" class=\"wp-image-5603\" srcset=\"https:\/\/acquaviva.lavocedelpaese.info\/wp-content\/uploads\/2025\/07\/817eaa4a-f4f8-4361-a4d1-98dc5f81373d.jpg 566w, https:\/\/acquaviva.lavocedelpaese.info\/wp-content\/uploads\/2025\/07\/817eaa4a-f4f8-4361-a4d1-98dc5f81373d-212x300.jpg 212w\" sizes=\"(max-width: 566px) 100vw, 566px\" \/><\/figure>\n\n\n\n<figure class=\"wp-block-image size-full\"><img decoding=\"async\" width=\"566\" height=\"800\" src=\"https:\/\/acquaviva.lavocedelpaese.info\/wp-content\/uploads\/2025\/07\/2eaea7ed-e719-4b11-abda-826fb0b4e20d.jpg\" alt=\"\" class=\"wp-image-5604\" srcset=\"https:\/\/acquaviva.lavocedelpaese.info\/wp-content\/uploads\/2025\/07\/2eaea7ed-e719-4b11-abda-826fb0b4e20d.jpg 566w, https:\/\/acquaviva.lavocedelpaese.info\/wp-content\/uploads\/2025\/07\/2eaea7ed-e719-4b11-abda-826fb0b4e20d-212x300.jpg 212w\" sizes=\"(max-width: 566px) 100vw, 566px\" \/><\/figure>\n\n\n\n<figure class=\"wp-block-image size-full\"><img decoding=\"async\" width=\"566\" height=\"800\" src=\"https:\/\/acquaviva.lavocedelpaese.info\/wp-content\/uploads\/2025\/07\/744aeb26-229d-40a5-9cea-b430fbc613ec.jpg\" alt=\"\" class=\"wp-image-5605\" srcset=\"https:\/\/acquaviva.lavocedelpaese.info\/wp-content\/uploads\/2025\/07\/744aeb26-229d-40a5-9cea-b430fbc613ec.jpg 566w, https:\/\/acquaviva.lavocedelpaese.info\/wp-content\/uploads\/2025\/07\/744aeb26-229d-40a5-9cea-b430fbc613ec-212x300.jpg 212w\" sizes=\"(max-width: 566px) 100vw, 566px\" \/><\/figure>\n","protected":false},"excerpt":{"rendered":"<p>LA FESTA \u00c8 ANCHE TUA! Come ogni anno, nel terzo weekend di luglio, Acquaviva delle Fonti si prepara ad accogliere<\/p>\n","protected":false},"author":4,"featured_media":5600,"comment_status":"open","ping_status":"closed","sticky":false,"template":"","format":"standard","meta":{"colormag_page_container_layout":"default_layout","colormag_page_sidebar_layout":"default_layout","_monsterinsights_skip_tracking":false,"_monsterinsights_sitenote_active":false,"_monsterinsights_sitenote_note":"","_monsterinsights_sitenote_category":0,"footnotes":""},"categories":[2,6,28],"tags":[],"class_list":["post-5599","post","type-post","status-publish","format-standard","has-post-thumbnail","hentry","category-attualita","category-eventi","category-primo-piano"],"_links":{"self":[{"href":"https:\/\/acquaviva.lavocedelpaese.info\/index.php\/wp-json\/wp\/v2\/posts\/5599","targetHints":{"allow":["GET"]}}],"collection":[{"href":"https:\/\/acquaviva.lavocedelpaese.info\/index.php\/wp-json\/wp\/v2\/posts"}],"about":[{"href":"https:\/\/acquaviva.lavocedelpaese.info\/index.php\/wp-json\/wp\/v2\/types\/post"}],"author":[{"embeddable":true,"href":"https:\/\/acquaviva.lavocedelpaese.info\/index.php\/wp-json\/wp\/v2\/users\/4"}],"replies":[{"embeddable":true,"href":"https:\/\/acquaviva.lavocedelpaese.info\/index.php\/wp-json\/wp\/v2\/comments?post=5599"}],"version-history":[{"count":1,"href":"https:\/\/acquaviva.lavocedelpaese.info\/index.php\/wp-json\/wp\/v2\/posts\/5599\/revisions"}],"predecessor-version":[{"id":5606,"href":"https:\/\/acquaviva.lavocedelpaese.info\/index.php\/wp-json\/wp\/v2\/posts\/5599\/revisions\/5606"}],"wp:featuredmedia":[{"embeddable":true,"href":"https:\/\/acquaviva.lavocedelpaese.info\/index.php\/wp-json\/wp\/v2\/media\/5600"}],"wp:attachment":[{"href":"https:\/\/acquaviva.lavocedelpaese.info\/index.php\/wp-json\/wp\/v2\/media?parent=5599"}],"wp:term":[{"taxonomy":"category","embeddable":true,"href":"https:\/\/acquaviva.lavocedelpaese.info\/index.php\/wp-json\/wp\/v2\/categories?post=5599"},{"taxonomy":"post_tag","embeddable":true,"href":"https:\/\/acquaviva.lavocedelpaese.info\/index.php\/wp-json\/wp\/v2\/tags?post=5599"}],"curies":[{"name":"wp","href":"https:\/\/api.w.org\/{rel}","templated":true}]}}