{"id":5563,"date":"2025-06-30T18:00:00","date_gmt":"2025-06-30T18:00:00","guid":{"rendered":"https:\/\/acquaviva.lavocedelpaese.info\/?p=5563"},"modified":"2025-07-10T04:49:11","modified_gmt":"2025-07-10T04:49:11","slug":"al-via-le-iscrizioni-al-centro-estivo-comunale-2025","status":"publish","type":"post","link":"https:\/\/acquaviva.lavocedelpaese.info\/index.php\/2025\/06\/30\/al-via-le-iscrizioni-al-centro-estivo-comunale-2025\/","title":{"rendered":"Al via le iscrizioni al Centro Estivo Comunale 2025"},"content":{"rendered":"\n<p><\/p>\n\n\n\n<p>U<strong>n sostegno concreto per famiglie e bambini<\/strong><\/p>\n\n\n\n<p>Acquaviva delle Fonti, 30 giugno 2025 \u2013 Offrire uno spazio educativo gratuito per bambini e ragazzi e sostenere concretamente le famiglie durante la pausa scolastica, dal 21 luglio all\u20198 agosto. Il Comune di Acquaviva delle Fonti ha pubblicato l\u2019avviso per la partecipazione al Centro Estivo Comunale 2025, un\u2019iniziativa rivolta alle famiglie con figli di et\u00e0 compresa tra i 6 e i 14 anni, residenti nel territorio comunale e con un ISEE non superiore a 20.000 euro.<\/p>\n\n\n\n<p>Il servizio, gestito dalla cooperativa Sociale SoleLuna, prender\u00e0 il via nelle prossime settimane e rappresenta un importante intervento a sostegno della comunit\u00e0, offrendo ai pi\u00f9 piccoli occasioni di socializzazione e apprendimento anche durante la pausa scolastica.<\/p>\n\n\n\n<p>Le domande di partecipazione possono essere presentate fino alle ore 12.00 del 10 luglio 2025, secondo le modalit\u00e0 indicate sull\u2019avviso disponibile sul sito istituzionale del Comune di Acquaviva delle Fonti.<\/p>\n\n\n\n<p>\u00abSiamo consapevoli delle difficolt\u00e0 che molte famiglie affrontano durante i mesi estivi \u2013 ha dichiarato il sindaco Marco Lenoci \u2013. I centri estivi non sono solo un luogo di gioco per i bambini, ma un presidio educativo e sociale fondamentale. Il Comune continuer\u00e0 a investire in servizi che aiutano concretamente le famiglie a conciliare lavoro e cura dei figli.\u00bb<\/p>\n\n\n\n<p>A ribadire il valore sociale del progetto \u00e8 anche l\u2019assessora alle Politiche Sociali, Imma Morano: \u00abSostenere le famiglie significa prendersi cura del benessere dei pi\u00f9 piccoli e, al tempo stesso, alleviare il carico che molti genitori vivono nel periodo estivo. Questo centro estivo \u00e8 pensato per offrire inclusione, divertimento e supporto concreto, soprattutto a chi si trova in una situazione di fragilit\u00e0.\u00bb<\/p>\n","protected":false},"excerpt":{"rendered":"<p>Un sostegno concreto per famiglie e bambini Acquaviva delle Fonti, 30 giugno 2025 \u2013 Offrire uno spazio educativo gratuito per<\/p>\n","protected":false},"author":4,"featured_media":5564,"comment_status":"open","ping_status":"closed","sticky":false,"template":"","format":"standard","meta":{"colormag_page_container_layout":"default_layout","colormag_page_sidebar_layout":"default_layout","_monsterinsights_skip_tracking":false,"_monsterinsights_sitenote_active":false,"_monsterinsights_sitenote_note":"","_monsterinsights_sitenote_category":0,"footnotes":""},"categories":[2,33],"tags":[],"class_list":["post-5563","post","type-post","status-publish","format-standard","has-post-thumbnail","hentry","category-attualita","category-spalla"],"_links":{"self":[{"href":"https:\/\/acquaviva.lavocedelpaese.info\/index.php\/wp-json\/wp\/v2\/posts\/5563","targetHints":{"allow":["GET"]}}],"collection":[{"href":"https:\/\/acquaviva.lavocedelpaese.info\/index.php\/wp-json\/wp\/v2\/posts"}],"about":[{"href":"https:\/\/acquaviva.lavocedelpaese.info\/index.php\/wp-json\/wp\/v2\/types\/post"}],"author":[{"embeddable":true,"href":"https:\/\/acquaviva.lavocedelpaese.info\/index.php\/wp-json\/wp\/v2\/users\/4"}],"replies":[{"embeddable":true,"href":"https:\/\/acquaviva.lavocedelpaese.info\/index.php\/wp-json\/wp\/v2\/comments?post=5563"}],"version-history":[{"count":1,"href":"https:\/\/acquaviva.lavocedelpaese.info\/index.php\/wp-json\/wp\/v2\/posts\/5563\/revisions"}],"predecessor-version":[{"id":5565,"href":"https:\/\/acquaviva.lavocedelpaese.info\/index.php\/wp-json\/wp\/v2\/posts\/5563\/revisions\/5565"}],"wp:featuredmedia":[{"embeddable":true,"href":"https:\/\/acquaviva.lavocedelpaese.info\/index.php\/wp-json\/wp\/v2\/media\/5564"}],"wp:attachment":[{"href":"https:\/\/acquaviva.lavocedelpaese.info\/index.php\/wp-json\/wp\/v2\/media?parent=5563"}],"wp:term":[{"taxonomy":"category","embeddable":true,"href":"https:\/\/acquaviva.lavocedelpaese.info\/index.php\/wp-json\/wp\/v2\/categories?post=5563"},{"taxonomy":"post_tag","embeddable":true,"href":"https:\/\/acquaviva.lavocedelpaese.info\/index.php\/wp-json\/wp\/v2\/tags?post=5563"}],"curies":[{"name":"wp","href":"https:\/\/api.w.org\/{rel}","templated":true}]}}