{"id":5552,"date":"2025-06-29T04:56:12","date_gmt":"2025-06-29T04:56:12","guid":{"rendered":"https:\/\/acquaviva.lavocedelpaese.info\/?p=5552"},"modified":"2025-06-29T04:56:12","modified_gmt":"2025-06-29T04:56:12","slug":"letica-stanca-dialoghi-sulletica-pubblica","status":"publish","type":"post","link":"https:\/\/acquaviva.lavocedelpaese.info\/index.php\/2025\/06\/29\/letica-stanca-dialoghi-sulletica-pubblica\/","title":{"rendered":"&#8220;L&#8217;Etica stanca. Dialoghi sull&#8217;Etica pubblica&#8221;"},"content":{"rendered":"\n<p>L&#8217;Ufficio Nazionale per i problemi sociali e il lavoro, la Parrocchia Santa Maria Maggiore e l&#8217;Oratorio ANSPI Santa Maria Maggiore presentano mercoled\u00ec 2 luglio 2025 alle ore 19:30 il libro di Don Rocco D&#8217;Ambrosio &#8220;L&#8217;Etica stanca. Dialoghi sull&#8217;etica pubblica&#8221; pubblicato da Edizioni Studium.<\/p>\n\n\n\n<p>Dialogano con l&#8217;autore Don Rocco D&#8217;Ambrosio: Doriana Nuzzi, Antonio Piangiolino e Silvana Ferrante.<\/p>\n\n\n\n<p>&#8220;Si entra nella sfera pubblica ogni qualvolta usciamo di casa, a piedi, o in auto o con i mezzi pubblici, per raggiungere il luogo di lavoro o di incontro con amici e conoscenti, sedi di istituzioni politiche, amministrative, culturali, di volontariato, comunit\u00e0 di fede religiosa. Entriamo nella sfera pubblica, in maniera del tutto diversa, anche ogni qualvolta usiamo il nostro smartphone o computer per navigare o essere presenti sui social. Tutte queste azioni pubbliche pongono tanti questioni e dubbi etici. Questo saggio cerca di rispondere ad alcuni di essi, delineando un percorso di etica pubblica, ossia una riflessione su come ci comportiamo nelle reti di relazioni che frequentiamo e quali principi etici ci aiutano a risolvere piccoli e grandi dilemmi. Si tratta di scoprire se l\u2019etica pubblica stanca, annoia o infastidisce; oppure se l\u2019etica pubblica si \u00e8 \u201cstancata\u201d di essere trascurata o maltrattata&#8221;.<\/p>\n\n\n\n<h2 class=\"wp-block-heading\">Rocco D&#8217;ambrosio<\/h2>\n\n\n\n<p>(<a href=\"http:\/\/www.rocda.it\/\">www.rocda.it<\/a>) \u00e8 ordinario di Filosofia Politica presso la Facolt\u00e0 di Filosofia della Pontificia Universit\u00e0 Gregoriana di Roma; docente di Etica della Pubblica Amministrazione presso il Ministero dell\u2019Interno (ex SSAI) e presso l\u2019Accademia Alfonsiana (PUL, Roma).<\/p>\n\n\n\n<figure class=\"wp-block-image size-full\"><img decoding=\"async\" src=\"https:\/\/acquaviva.lavocedelpaese.info\/wp-content\/uploads\/2025\/06\/513756487_10236825309601538_8751992916023390610_n.jpg\" alt=\"\" class=\"wp-image-5553\" \/><\/figure>\n","protected":false},"excerpt":{"rendered":"<p>L&#8217;Ufficio Nazionale per i problemi sociali e il lavoro, la Parrocchia Santa Maria Maggiore e l&#8217;Oratorio ANSPI Santa Maria Maggiore<\/p>\n","protected":false},"author":4,"featured_media":5553,"comment_status":"open","ping_status":"closed","sticky":false,"template":"","format":"standard","meta":{"colormag_page_container_layout":"default_layout","colormag_page_sidebar_layout":"default_layout","_monsterinsights_skip_tracking":false,"_monsterinsights_sitenote_active":false,"_monsterinsights_sitenote_note":"","_monsterinsights_sitenote_category":0,"footnotes":""},"categories":[5,33],"tags":[],"class_list":["post-5552","post","type-post","status-publish","format-standard","has-post-thumbnail","hentry","category-cultura","category-spalla"],"_links":{"self":[{"href":"https:\/\/acquaviva.lavocedelpaese.info\/index.php\/wp-json\/wp\/v2\/posts\/5552","targetHints":{"allow":["GET"]}}],"collection":[{"href":"https:\/\/acquaviva.lavocedelpaese.info\/index.php\/wp-json\/wp\/v2\/posts"}],"about":[{"href":"https:\/\/acquaviva.lavocedelpaese.info\/index.php\/wp-json\/wp\/v2\/types\/post"}],"author":[{"embeddable":true,"href":"https:\/\/acquaviva.lavocedelpaese.info\/index.php\/wp-json\/wp\/v2\/users\/4"}],"replies":[{"embeddable":true,"href":"https:\/\/acquaviva.lavocedelpaese.info\/index.php\/wp-json\/wp\/v2\/comments?post=5552"}],"version-history":[{"count":1,"href":"https:\/\/acquaviva.lavocedelpaese.info\/index.php\/wp-json\/wp\/v2\/posts\/5552\/revisions"}],"predecessor-version":[{"id":5554,"href":"https:\/\/acquaviva.lavocedelpaese.info\/index.php\/wp-json\/wp\/v2\/posts\/5552\/revisions\/5554"}],"wp:featuredmedia":[{"embeddable":true,"href":"https:\/\/acquaviva.lavocedelpaese.info\/index.php\/wp-json\/wp\/v2\/media\/5553"}],"wp:attachment":[{"href":"https:\/\/acquaviva.lavocedelpaese.info\/index.php\/wp-json\/wp\/v2\/media?parent=5552"}],"wp:term":[{"taxonomy":"category","embeddable":true,"href":"https:\/\/acquaviva.lavocedelpaese.info\/index.php\/wp-json\/wp\/v2\/categories?post=5552"},{"taxonomy":"post_tag","embeddable":true,"href":"https:\/\/acquaviva.lavocedelpaese.info\/index.php\/wp-json\/wp\/v2\/tags?post=5552"}],"curies":[{"name":"wp","href":"https:\/\/api.w.org\/{rel}","templated":true}]}}