{"id":5545,"date":"2025-06-29T04:27:03","date_gmt":"2025-06-29T04:27:03","guid":{"rendered":"https:\/\/acquaviva.lavocedelpaese.info\/?p=5545"},"modified":"2025-06-29T04:56:47","modified_gmt":"2025-06-29T04:56:47","slug":"presentazione-del-libro-concepirai-nel-grembo","status":"publish","type":"post","link":"https:\/\/acquaviva.lavocedelpaese.info\/index.php\/2025\/06\/29\/presentazione-del-libro-concepirai-nel-grembo\/","title":{"rendered":"Presentazione del libro &#8220;Concepirai nel grembo&#8221;"},"content":{"rendered":"\n<p>Appuntamento da non perdere luned\u00ec 30 giugno alle ore 19:30 presso la Sala \u201cCesare Colafemmina\u201d del Comune di Acquaviva delle Fonti con la presentazione del libro di Nicola Lenoci \u201cConcepirai nel grembo (Lc 1,31) Ricerca di un ingegnere\u201d pubblicato da Edizioni Viverein.<\/p>\n\n\n\n<figure class=\"wp-block-image size-full\"><img decoding=\"async\" width=\"800\" height=\"800\" src=\"https:\/\/acquaviva.lavocedelpaese.info\/wp-content\/uploads\/2025\/06\/513827434_4043188632613491_1756033656428264110_n-1.jpg\" alt=\"\" class=\"wp-image-5550\" srcset=\"https:\/\/acquaviva.lavocedelpaese.info\/wp-content\/uploads\/2025\/06\/513827434_4043188632613491_1756033656428264110_n-1.jpg 800w, https:\/\/acquaviva.lavocedelpaese.info\/wp-content\/uploads\/2025\/06\/513827434_4043188632613491_1756033656428264110_n-1-300x300.jpg 300w, https:\/\/acquaviva.lavocedelpaese.info\/wp-content\/uploads\/2025\/06\/513827434_4043188632613491_1756033656428264110_n-1-150x150.jpg 150w, https:\/\/acquaviva.lavocedelpaese.info\/wp-content\/uploads\/2025\/06\/513827434_4043188632613491_1756033656428264110_n-1-768x768.jpg 768w\" sizes=\"(max-width: 800px) 100vw, 800px\" \/><\/figure>\n\n\n\n<p>&#8220;Il testo in esame, parte da una citazione biblica, appartenente all\u2019evangelista san Luca \u201cConcepirai nel grembo\u201d (Lc 1,31). La Parola di Dio ispirata pur essendo stata scritta da uomini, porta in s\u00e9 la vitalit\u00e0 di Dio, le sue tracce. Essa dovrebbe poter essere sempre il punto di partenza in ogni ricerca e in ogni aspetto della nostra vita. Emerge come l\u2019autore continuamente fa riferimento alla Scrittura usata non solo come prova di alcune riflessioni, ma come fonte dalla quale poter attingere sempre l\u2019acqua fresca della vita di Dio che da questa Parola fluisce continuamente.<\/p>\n\n\n\n<p>Altro tassello importante nella panoramica del testo di Lenoci \u00e8 il riferimento ai grandi sistemi teologici dal medioevo in poi. La variet\u00e0 di prospettive ci ricorda come ogni realt\u00e0 e anche la Verit\u00e0 di Dio non \u00e8 un monolite ma ci si approccia e avvicina ad essa in punta di piedi e da esperienze e vissuti differenti. Questo \u00e8 un ulteriore prova del, fatto che Cristo si incarna in una umanit\u00e0 dalle differenti visioni!<\/p>\n\n\n\n<p>In definitiva \u00e8 bello pensare che l\u2019incarnazione di Cristo di cui Maria \u00e8 canale privilegiato, oggi continua nella nostra vita, con le nostre scelte, con il nostro credere e operare, con il nostro ricercare e approfondire il mistero infinito di Dio che in Ges\u00f9 Cristo si d\u00e0 a conoscere a noi, perch\u00e9 possiamo nella intimit\u00e0 con Lui diventare come Lui stesso&#8221;.<\/p>\n\n\n\n<p>Ai saluti istitutzionali del Sindaco del Comune di Acquaviva delle Fonti <strong>avv. Marco Lenoci<\/strong> seguiranno le relazioni di padre Giorgio Taneburgo ofm cap. Professore di Ecumenismo presso la Facolt\u00e0 Teologica Pugliese e dell&#8217;<strong>avv. Nicola Armenise<\/strong> del Foro di Bari e l&#8217;intervento dell&#8217;autore del libro <strong>ing. Nicola Lenoci<\/strong>. <\/p>\n\n\n\n<p>A moderare l&#8217;incontro <strong>Don Fabrizio Caponio<\/strong>, Parroco della Chiesa del SS. Rosario di Pompei di Altamura.<\/p>\n\n\n\n<p>Al termine seguir\u00e0 il dibattito con l&#8217;intervento del pubblico.<\/p>\n\n\n\n<p>Ingresso libero.<\/p>\n\n\n\n<figure class=\"wp-block-image size-full\"><img decoding=\"async\" width=\"800\" height=\"800\" src=\"https:\/\/acquaviva.lavocedelpaese.info\/wp-content\/uploads\/2025\/06\/513827434_4043188632613491_1756033656428264110_n.jpg\" alt=\"\" class=\"wp-image-5546\" srcset=\"https:\/\/acquaviva.lavocedelpaese.info\/wp-content\/uploads\/2025\/06\/513827434_4043188632613491_1756033656428264110_n.jpg 800w, https:\/\/acquaviva.lavocedelpaese.info\/wp-content\/uploads\/2025\/06\/513827434_4043188632613491_1756033656428264110_n-300x300.jpg 300w, https:\/\/acquaviva.lavocedelpaese.info\/wp-content\/uploads\/2025\/06\/513827434_4043188632613491_1756033656428264110_n-150x150.jpg 150w, https:\/\/acquaviva.lavocedelpaese.info\/wp-content\/uploads\/2025\/06\/513827434_4043188632613491_1756033656428264110_n-768x768.jpg 768w\" sizes=\"(max-width: 800px) 100vw, 800px\" \/><\/figure>\n\n\n\n<figure class=\"wp-block-image size-full\"><img decoding=\"async\" src=\"https:\/\/acquaviva.lavocedelpaese.info\/wp-content\/uploads\/2025\/06\/503497244_10236420855570440_1314033973913503783_n-1.jpg\" alt=\"\" class=\"wp-image-5547\" \/><\/figure>\n","protected":false},"excerpt":{"rendered":"<p>Appuntamento da non perdere luned\u00ec 30 giugno alle ore 19:30 presso la Sala \u201cCesare Colafemmina\u201d del Comune di Acquaviva delle<\/p>\n","protected":false},"author":4,"featured_media":5547,"comment_status":"open","ping_status":"closed","sticky":false,"template":"","format":"standard","meta":{"colormag_page_container_layout":"default_layout","colormag_page_sidebar_layout":"default_layout","_monsterinsights_skip_tracking":false,"_monsterinsights_sitenote_active":false,"_monsterinsights_sitenote_note":"","_monsterinsights_sitenote_category":0,"footnotes":""},"categories":[5,6,28],"tags":[],"class_list":["post-5545","post","type-post","status-publish","format-standard","has-post-thumbnail","hentry","category-cultura","category-eventi","category-primo-piano"],"_links":{"self":[{"href":"https:\/\/acquaviva.lavocedelpaese.info\/index.php\/wp-json\/wp\/v2\/posts\/5545","targetHints":{"allow":["GET"]}}],"collection":[{"href":"https:\/\/acquaviva.lavocedelpaese.info\/index.php\/wp-json\/wp\/v2\/posts"}],"about":[{"href":"https:\/\/acquaviva.lavocedelpaese.info\/index.php\/wp-json\/wp\/v2\/types\/post"}],"author":[{"embeddable":true,"href":"https:\/\/acquaviva.lavocedelpaese.info\/index.php\/wp-json\/wp\/v2\/users\/4"}],"replies":[{"embeddable":true,"href":"https:\/\/acquaviva.lavocedelpaese.info\/index.php\/wp-json\/wp\/v2\/comments?post=5545"}],"version-history":[{"count":2,"href":"https:\/\/acquaviva.lavocedelpaese.info\/index.php\/wp-json\/wp\/v2\/posts\/5545\/revisions"}],"predecessor-version":[{"id":5551,"href":"https:\/\/acquaviva.lavocedelpaese.info\/index.php\/wp-json\/wp\/v2\/posts\/5545\/revisions\/5551"}],"wp:featuredmedia":[{"embeddable":true,"href":"https:\/\/acquaviva.lavocedelpaese.info\/index.php\/wp-json\/wp\/v2\/media\/5547"}],"wp:attachment":[{"href":"https:\/\/acquaviva.lavocedelpaese.info\/index.php\/wp-json\/wp\/v2\/media?parent=5545"}],"wp:term":[{"taxonomy":"category","embeddable":true,"href":"https:\/\/acquaviva.lavocedelpaese.info\/index.php\/wp-json\/wp\/v2\/categories?post=5545"},{"taxonomy":"post_tag","embeddable":true,"href":"https:\/\/acquaviva.lavocedelpaese.info\/index.php\/wp-json\/wp\/v2\/tags?post=5545"}],"curies":[{"name":"wp","href":"https:\/\/api.w.org\/{rel}","templated":true}]}}