{"id":5540,"date":"2025-06-27T07:45:45","date_gmt":"2025-06-27T07:45:45","guid":{"rendered":"https:\/\/acquaviva.lavocedelpaese.info\/?p=5540"},"modified":"2025-06-27T07:45:46","modified_gmt":"2025-06-27T07:45:46","slug":"dal-brasile-al-grande-pop-internazionale","status":"publish","type":"post","link":"https:\/\/acquaviva.lavocedelpaese.info\/index.php\/2025\/06\/27\/dal-brasile-al-grande-pop-internazionale\/","title":{"rendered":"Dal Brasile al grande pop internazionale"},"content":{"rendered":"\n<p>Sabato 28 giugno ad Acquaviva delle Fonti per l\u2019associazione Colafemmina<br>Dal Brasile al grande pop internazionale<br>le escursioni del Maurizio Di Fulvio Trio<br>Con un repertorio che spazia da Jobim a Sting, da Chick Corea a Stevie Wonder<\/p>\n\n\n\n<p>Spazia dal \u00abchoro\u00bb brasiliano ai ritmi latini, dal pop internazionale alla canzone partenopea, il repertorio del trio capitanato dal chitarrista Maurizio Di Fulvio, che con la cantante Alessia Martegiani e il contrabbassista Ivano Sabatini sar\u00e0 di scena sabato 28 giugno, alle 20.30, a Palazzo de Mari, ad Acquaviva delle Fonti, per la stagione dell\u2019associazione Colafemmina diretta da Maurizio Matarrese e sostenuta dal Ministero della Cultura, dalla Regione Puglia e dal Comune di Acquaviva delle Fonti.<br>Il trio presenta il progetto \u00abClassical italian songs &amp; latin jazz\u00bb, un\u2019interessante carrellata musicale tra i generi nella quale, attraverso accostamenti singolari, viene proposta un\u2019interpretazione elegante e trascinante della musica centro e sudamericana, ma con uno sguardo eclettico e pulsante al grande pop internazionale, digressioni nella tradizione partenopea e in molti altri territori.<br>Il concerto si apre e chiude nel segno del Brasile con il \u00abritratto in bianco e nero\u00bb in forma di bossanova di Antonio Carlos Jobim (\u00abRetrato em branco e preto\u00bb) e con il campione del \u00abchoro\u00bb Zequinha de Abreu (\u00abTico tico\u00bb), mentre la restante parte della serata, oltre ad un omaggio ad un altro artista del Paese del samba, Paulinho Nogueira (\u00abBachianinha\u00bb), include il classico della cantante messicana Consuelo Vel\u00e1zquez (\u00abBesame Mucho\u00bb) ed escursioni nella produzione del padre del \u00abtango nuevo\u00bb Astor Piazzolla (\u00abOblivion\u00bb) e in quella di uno dei pi\u00f9 rappresentativi esponenti del latin-jazz e del fusion, Chick Corea (\u00abArmando\u2019s Rhumba\u00bb). Previste anche due hit internazionali di Sting (\u00abFragile\u00bb) e Stevie Wonder (\u00abIsn\u2019t She Lovely\u00bb), un classico della canzone napoletana di Eduardo Di Capua (\u00abI\u2019 te vurria vas\u00e0\u00bb) e un quartetto di composizioni dello stesso Maurizio Di Fulvio stilisticamente in linea con il resto del programma (\u00abRomance Style\u00bb, \u00abApple\u00bb, Django Memories\u00bb e \u00abSamba for Jobim\u00bb).<br>Di Fulvio \u00e8 considerato tra i chitarristi italiani pi\u00f9 interessanti sulla scena internazionale, la cui attivit\u00e0 \u00e8 sempre stata accompagna da ottimi riscontri da parte del pubblico e della critica, cos\u00ec come Alessia Martegiani continua ad essere tra delle voci pi\u00f9 richieste quando c\u2019\u00e8 da affrontare un certo tipo di repertorio vista la sua particolare sensibilit\u00e0 per i ritmi e le sonorit\u00e0 latino-americane e afroamericane. A sua volta, Ivano Sabatini \u00e8 un contrabbassista esperto e dalla solida preparazione e apprezzatissimo nella scena del jazz italiano, per la sua capacit\u00e0 di creare atmosfere ricche di bellezza melodica e pregevole musicalit\u00e0.<br>Biglietto intero 10 euro (ridotto 5 euro &#8211; 1 euro per i possessori della ColafemminaCard). Info 335.1406658 (anche con WhatsApp).<\/p>\n\n\n\n<figure class=\"wp-block-image size-full\"><img decoding=\"async\" width=\"482\" height=\"233\" src=\"https:\/\/acquaviva.lavocedelpaese.info\/wp-content\/uploads\/2025\/06\/3e4bd23b-bea6-476b-a509-bec76122802b.jpg\" alt=\"\" class=\"wp-image-5542\" srcset=\"https:\/\/acquaviva.lavocedelpaese.info\/wp-content\/uploads\/2025\/06\/3e4bd23b-bea6-476b-a509-bec76122802b.jpg 482w, https:\/\/acquaviva.lavocedelpaese.info\/wp-content\/uploads\/2025\/06\/3e4bd23b-bea6-476b-a509-bec76122802b-300x145.jpg 300w\" sizes=\"(max-width: 482px) 100vw, 482px\" \/><\/figure>\n\n\n\n<figure class=\"wp-block-image size-full\"><img decoding=\"async\" width=\"1000\" height=\"589\" src=\"https:\/\/acquaviva.lavocedelpaese.info\/wp-content\/uploads\/2025\/06\/453a51cd-a071-48f1-9710-85eca67750c9-1.jpg\" alt=\"\" class=\"wp-image-5543\" srcset=\"https:\/\/acquaviva.lavocedelpaese.info\/wp-content\/uploads\/2025\/06\/453a51cd-a071-48f1-9710-85eca67750c9-1.jpg 1000w, https:\/\/acquaviva.lavocedelpaese.info\/wp-content\/uploads\/2025\/06\/453a51cd-a071-48f1-9710-85eca67750c9-1-300x177.jpg 300w, https:\/\/acquaviva.lavocedelpaese.info\/wp-content\/uploads\/2025\/06\/453a51cd-a071-48f1-9710-85eca67750c9-1-768x452.jpg 768w\" sizes=\"(max-width: 1000px) 100vw, 1000px\" \/><\/figure>\n","protected":false},"excerpt":{"rendered":"<p>Sabato 28 giugno ad Acquaviva delle Fonti per l\u2019associazione ColafemminaDal Brasile al grande pop internazionalele escursioni del Maurizio Di Fulvio<\/p>\n","protected":false},"author":4,"featured_media":5541,"comment_status":"open","ping_status":"closed","sticky":false,"template":"","format":"standard","meta":{"colormag_page_container_layout":"default_layout","colormag_page_sidebar_layout":"default_layout","_monsterinsights_skip_tracking":false,"_monsterinsights_sitenote_active":false,"_monsterinsights_sitenote_note":"","_monsterinsights_sitenote_category":0,"footnotes":""},"categories":[5,6,33],"tags":[],"class_list":["post-5540","post","type-post","status-publish","format-standard","has-post-thumbnail","hentry","category-cultura","category-eventi","category-spalla"],"_links":{"self":[{"href":"https:\/\/acquaviva.lavocedelpaese.info\/index.php\/wp-json\/wp\/v2\/posts\/5540","targetHints":{"allow":["GET"]}}],"collection":[{"href":"https:\/\/acquaviva.lavocedelpaese.info\/index.php\/wp-json\/wp\/v2\/posts"}],"about":[{"href":"https:\/\/acquaviva.lavocedelpaese.info\/index.php\/wp-json\/wp\/v2\/types\/post"}],"author":[{"embeddable":true,"href":"https:\/\/acquaviva.lavocedelpaese.info\/index.php\/wp-json\/wp\/v2\/users\/4"}],"replies":[{"embeddable":true,"href":"https:\/\/acquaviva.lavocedelpaese.info\/index.php\/wp-json\/wp\/v2\/comments?post=5540"}],"version-history":[{"count":1,"href":"https:\/\/acquaviva.lavocedelpaese.info\/index.php\/wp-json\/wp\/v2\/posts\/5540\/revisions"}],"predecessor-version":[{"id":5544,"href":"https:\/\/acquaviva.lavocedelpaese.info\/index.php\/wp-json\/wp\/v2\/posts\/5540\/revisions\/5544"}],"wp:featuredmedia":[{"embeddable":true,"href":"https:\/\/acquaviva.lavocedelpaese.info\/index.php\/wp-json\/wp\/v2\/media\/5541"}],"wp:attachment":[{"href":"https:\/\/acquaviva.lavocedelpaese.info\/index.php\/wp-json\/wp\/v2\/media?parent=5540"}],"wp:term":[{"taxonomy":"category","embeddable":true,"href":"https:\/\/acquaviva.lavocedelpaese.info\/index.php\/wp-json\/wp\/v2\/categories?post=5540"},{"taxonomy":"post_tag","embeddable":true,"href":"https:\/\/acquaviva.lavocedelpaese.info\/index.php\/wp-json\/wp\/v2\/tags?post=5540"}],"curies":[{"name":"wp","href":"https:\/\/api.w.org\/{rel}","templated":true}]}}