{"id":5537,"date":"2025-06-21T21:11:00","date_gmt":"2025-06-21T21:11:00","guid":{"rendered":"https:\/\/acquaviva.lavocedelpaese.info\/?p=5537"},"modified":"2025-06-24T16:15:20","modified_gmt":"2025-06-24T16:15:20","slug":"inaugurato-il-nuovo-polo-culturale-di-acquaviva-una-biblioteca-per-tutti-dai-piu-piccoli-agli-adulti","status":"publish","type":"post","link":"https:\/\/acquaviva.lavocedelpaese.info\/index.php\/2025\/06\/21\/inaugurato-il-nuovo-polo-culturale-di-acquaviva-una-biblioteca-per-tutti-dai-piu-piccoli-agli-adulti\/","title":{"rendered":"Inaugurato il nuovo polo culturale di Acquaviva: una biblioteca per tutti, dai pi\u00f9 piccoli agli adulti"},"content":{"rendered":"\n<p><\/p>\n\n\n\n<p><strong>Restaurati gli spazi dell\u2019ex macello grazie ai fondi Sisus<\/strong><\/p>\n\n\n\n<p> \u00c8 stato inaugurato lo scorso 20 giugno il nuovo polo culturale di Acquaviva delle Fonti, realizzato nei locali ristrutturati dell\u2019ex macello comunale grazie ai fondi del programma SISUS (Strategia Integrata di Sviluppo Urbano Sostenibile). Un intervento importante che ha restituito alla comunit\u00e0 uno spazio rinnovato e inclusivo, oggi sede della nuova biblioteca comunale.<\/p>\n\n\n\n<p>Il polo si compone di due ambienti distinti ma complementari: la biblioteca per adulti, intitolata all\u2019avvocato Giuseppe Maselli Campagna, e la biblioteca per bambini, dedicata a Daniele Milano, giovane cittadino scomparso prematuramente a causa della distrofia di Duchenne.<\/p>\n\n\n\n<p>La biblioteca per adulti ospita un ampio patrimonio librario, consultabile in un ambiente attrezzato con postazioni per la lettura e spazi di studio. Quella dedicata ai bambini \u00e8 pensata come un luogo accogliente, stimolante e su misura per i pi\u00f9 piccoli, che potranno avvicinarsi alla lettura sin dalla tenera et\u00e0.<\/p>\n\n\n\n<p>L\u2019intervento ha interessato il recupero strutturale di due edifici dell\u2019ex macello e della parte esterna dell\u2019atrio, trasformando un complesso in disuso in un centro vivo e accessibile. Il polo culturale sar\u00e0 successivamente intitolato con una denominazione unitaria.<\/p>\n\n\n\n<p>\u00abQuesta inaugurazione rappresenta un momento simbolico e concreto per la nostra comunit\u00e0 \u2013 ha dichiarato il sindaco Marco Lenoci \u2013. Restituire nuova vita a uno spazio abbandonato, rigenerarlo con finalit\u00e0 culturali e portare un presidio di sapere in una zona periferica della citt\u00e0 significa investire sul futuro, sull\u2019inclusione e sull\u2019identit\u00e0 collettiva di Acquaviva.\u00bb<\/p>\n\n\n\n<p>A curare la gestione del nuovo polo culturale sar\u00e0 l\u2019associazione Pro Loco Curtomartino, che gi\u00e0 da dieci anni anima il territorio con eventi e iniziative. La programmazione della biblioteca includer\u00e0 presentazioni di libri, letture pubbliche e attivit\u00e0 educative per ogni fascia d\u2019et\u00e0. Primo appuntamento \u00e8 stata la presentazione del libro \u201cDi madre in figlia\u201d della giornalista Concita De Gregorio.<\/p>\n\n\n\n<p>\u00ab\u00c8 bello vedere rinascere un luogo che sembrava dimenticato, e che oggi torna a vivere come cuore pulsante della cultura cittadina \u2013 ha aggiunto l\u2019assessora alla Cultura, Mariagrazia Barbieri \u2013. Intitolare questi spazi a figure significative per la nostra comunit\u00e0 \u00e8 un modo per onorare la memoria e trasmettere valori alle nuove generazioni.\u00bb<\/p>\n","protected":false},"excerpt":{"rendered":"<p>Restaurati gli spazi dell\u2019ex macello grazie ai fondi Sisus \u00c8 stato inaugurato lo scorso 20 giugno il nuovo polo culturale<\/p>\n","protected":false},"author":4,"featured_media":5538,"comment_status":"open","ping_status":"closed","sticky":false,"template":"","format":"standard","meta":{"colormag_page_container_layout":"default_layout","colormag_page_sidebar_layout":"default_layout","_monsterinsights_skip_tracking":false,"_monsterinsights_sitenote_active":false,"_monsterinsights_sitenote_note":"","_monsterinsights_sitenote_category":0,"footnotes":""},"categories":[2,33],"tags":[],"class_list":["post-5537","post","type-post","status-publish","format-standard","has-post-thumbnail","hentry","category-attualita","category-spalla"],"_links":{"self":[{"href":"https:\/\/acquaviva.lavocedelpaese.info\/index.php\/wp-json\/wp\/v2\/posts\/5537","targetHints":{"allow":["GET"]}}],"collection":[{"href":"https:\/\/acquaviva.lavocedelpaese.info\/index.php\/wp-json\/wp\/v2\/posts"}],"about":[{"href":"https:\/\/acquaviva.lavocedelpaese.info\/index.php\/wp-json\/wp\/v2\/types\/post"}],"author":[{"embeddable":true,"href":"https:\/\/acquaviva.lavocedelpaese.info\/index.php\/wp-json\/wp\/v2\/users\/4"}],"replies":[{"embeddable":true,"href":"https:\/\/acquaviva.lavocedelpaese.info\/index.php\/wp-json\/wp\/v2\/comments?post=5537"}],"version-history":[{"count":1,"href":"https:\/\/acquaviva.lavocedelpaese.info\/index.php\/wp-json\/wp\/v2\/posts\/5537\/revisions"}],"predecessor-version":[{"id":5539,"href":"https:\/\/acquaviva.lavocedelpaese.info\/index.php\/wp-json\/wp\/v2\/posts\/5537\/revisions\/5539"}],"wp:featuredmedia":[{"embeddable":true,"href":"https:\/\/acquaviva.lavocedelpaese.info\/index.php\/wp-json\/wp\/v2\/media\/5538"}],"wp:attachment":[{"href":"https:\/\/acquaviva.lavocedelpaese.info\/index.php\/wp-json\/wp\/v2\/media?parent=5537"}],"wp:term":[{"taxonomy":"category","embeddable":true,"href":"https:\/\/acquaviva.lavocedelpaese.info\/index.php\/wp-json\/wp\/v2\/categories?post=5537"},{"taxonomy":"post_tag","embeddable":true,"href":"https:\/\/acquaviva.lavocedelpaese.info\/index.php\/wp-json\/wp\/v2\/tags?post=5537"}],"curies":[{"name":"wp","href":"https:\/\/api.w.org\/{rel}","templated":true}]}}