{"id":5533,"date":"2025-06-24T16:10:53","date_gmt":"2025-06-24T16:10:53","guid":{"rendered":"https:\/\/acquaviva.lavocedelpaese.info\/?p=5533"},"modified":"2025-06-29T04:57:04","modified_gmt":"2025-06-29T04:57:04","slug":"nasce-anche-ad-acquaviva-delle-fonti-il-circolo-di-nazione-futura","status":"publish","type":"post","link":"https:\/\/acquaviva.lavocedelpaese.info\/index.php\/2025\/06\/24\/nasce-anche-ad-acquaviva-delle-fonti-il-circolo-di-nazione-futura\/","title":{"rendered":"Nasce anche ad Acquaviva delle Fonti il circolo di Nazione Futura"},"content":{"rendered":"\n<p>Il primo think tank culturale dei conservatori italiani<\/p>\n\n\n\n<p>L\u2019associazione&nbsp;Nazione Futura&nbsp;apre un circolo anche a Acquaviva delle Fonti. Nata a Roma nella primavera del 2017 e diffusasi in tutta Italia grazie all\u2019impegno del presidente nazionale,&nbsp;l\u2019editore&nbsp;ed intellettuale, dott. Francesco Giubilei, Nazione Futura \u00e8 un&nbsp;think tank culturale&nbsp;dei conservatori italiani&nbsp;che si propone l\u2019obiettivo di favorire l\u2019approfondimento culturale e politico, il pubblico confronto e l\u2019aggregazione di varie anime della societ\u00e0 civile.<\/p>\n\n\n\n<p>Il coordinatore regionale di Nazione Futura \u00e8 l\u2019avv. Ciro Miale, il quale esprime la propria soddisfazione:<em>&nbsp;\u201c<\/em><em>mi preme sottolineare &nbsp;la crescita dell\u2019associazione in regione, gi\u00e0 radicata in molte citt\u00e0 pugliesi, a conferma del valore che ha acquisito Nazione Futura in questi anni e<\/em>&nbsp;dell\u2019ottimo lavoro che stiamo portando avanti come associazione culturale.&nbsp;<em>A Pasquale Leontino vanno i migliori auguri di buon lavoro, per tutte le attivit\u00e0 che si andranno a definire e realizzare nella citt\u00e0 di Acquaviva delle Fonti\u201d.<\/em><\/p>\n\n\n\n<p>ll neo coordinatore di Nazione Futura ad Acquaviva delle Fonti,&nbsp;<em>Pasquale Leontino, dichiara:<\/em>&nbsp;&nbsp;\u201cin questo momento cruciale, sento forte la responsabilit\u00e0 di mettermi al servizio del Paese, con passione e determinazione. Il mio impegno sar\u00e0 dedicato a costruire ponti tra le persone, a risvegliare la voglia di partecipare e a ritrovare insieme il senso profondo di essere cittadini consapevoli e protagonisti del cambiamento. Vogliamo colmare la distanza tra la societ\u00e0 e le istituzioni, riportare la politica vicino alla vita reale, con un\u2019amministrazione trasparente, onesta ed efficiente, capace di ascoltare le esigenze di tutti. La cultura sar\u00e0 al centro del nostro progetto: una cultura viva, che non solo custodisce le nostre radici, ma ci spinge a crescere e a innovare. Una cultura dei valori, dei diritti e dei doveri, perch\u00e9 la vera libert\u00e0 nasce solo dal senso di responsabilit\u00e0 verso gli altri. In questo viaggio voglio che nessuno resti indietro. \u00c8 il momento di unire le forze, di guardare avanti con coraggio e speranza, per costruire insieme un futuro migliore per le nostre famiglie e le prossime generazioni. Con questo spirito mi metto al lavoro, pronto a collaborare con tutti coloro che hanno a cuore il bene del territorio. Costruiamo insieme il domani che vogliamo, passo dopo passo. Desidero ringraziare di cuore Francesco Giubilei e Ciro Miale per la fiducia e l\u2019opportunit\u00e0 che mi hanno concesso nominandomi responsabile di Nazione Futura per Acquaviva delle Fonti, ed&nbsp; accolgo questo incarico con profondo senso di gratitudine e con la consapevolezza della responsabilit\u00e0 che esso comporta&#8221;.<\/p>\n\n\n\n<p>Conclude il coordinatore di Nazione Futura per la provincia di Bari,&nbsp;rag. Onofrio Laera:&nbsp;<em>\u201c<\/em>sono molto entusiasta della costituzione del circolo ad Acquaviva delle Fonti, e formulo i migliori auguri all&#8217;amico Pasquale Leontino, nominato neo coordinatore. Sono sicuro che sapr\u00e0 far bene per il suo territorio, cos\u00ec come ha sempre fatto nel suo lavoro e nella vita, sempre a disposizione della sua comunit\u00e0 e delle fasce pi\u00f9 deboli della societ\u00e0<em>\u201d.<\/em><\/p>\n\n\n\n<p>Per aderire a Nazione Futura ed avere maggiori informazioni \u00e8 possibile scrivere a:&nbsp;<a href=\"mailto:info@nazionefutura.it\" target=\"_blank\" rel=\"noreferrer noopener\">info@nazionefutura.it<\/a>&nbsp;o visitare il sito&nbsp;<a href=\"https:\/\/www.viveremartinafranca.it\/2024\/10\/09\/nasce-anche-a-martina-franca-il-circolo-di-nazione-futura\/356915\/www.nazionefutura.it\" target=\"_blank\" rel=\"noreferrer noopener\">www.nazionefutura.it<\/a><\/p>\n\n\n\n<figure class=\"wp-block-image size-full\"><img decoding=\"async\" width=\"225\" height=\"225\" src=\"https:\/\/acquaviva.lavocedelpaese.info\/wp-content\/uploads\/2025\/06\/logo-Nazione-Futura-1.png\" alt=\"\" class=\"wp-image-5535\" srcset=\"https:\/\/acquaviva.lavocedelpaese.info\/wp-content\/uploads\/2025\/06\/logo-Nazione-Futura-1.png 225w, https:\/\/acquaviva.lavocedelpaese.info\/wp-content\/uploads\/2025\/06\/logo-Nazione-Futura-1-150x150.png 150w\" sizes=\"(max-width: 225px) 100vw, 225px\" \/><\/figure>\n","protected":false},"excerpt":{"rendered":"<p>Il primo think tank culturale dei conservatori italiani L\u2019associazione&nbsp;Nazione Futura&nbsp;apre un circolo anche a Acquaviva delle Fonti. Nata a Roma<\/p>\n","protected":false},"author":4,"featured_media":5535,"comment_status":"open","ping_status":"closed","sticky":false,"template":"","format":"standard","meta":{"colormag_page_container_layout":"default_layout","colormag_page_sidebar_layout":"default_layout","_monsterinsights_skip_tracking":false,"_monsterinsights_sitenote_active":false,"_monsterinsights_sitenote_note":"","_monsterinsights_sitenote_category":0,"footnotes":""},"categories":[3,33],"tags":[],"class_list":["post-5533","post","type-post","status-publish","format-standard","has-post-thumbnail","hentry","category-politica","category-spalla"],"_links":{"self":[{"href":"https:\/\/acquaviva.lavocedelpaese.info\/index.php\/wp-json\/wp\/v2\/posts\/5533","targetHints":{"allow":["GET"]}}],"collection":[{"href":"https:\/\/acquaviva.lavocedelpaese.info\/index.php\/wp-json\/wp\/v2\/posts"}],"about":[{"href":"https:\/\/acquaviva.lavocedelpaese.info\/index.php\/wp-json\/wp\/v2\/types\/post"}],"author":[{"embeddable":true,"href":"https:\/\/acquaviva.lavocedelpaese.info\/index.php\/wp-json\/wp\/v2\/users\/4"}],"replies":[{"embeddable":true,"href":"https:\/\/acquaviva.lavocedelpaese.info\/index.php\/wp-json\/wp\/v2\/comments?post=5533"}],"version-history":[{"count":1,"href":"https:\/\/acquaviva.lavocedelpaese.info\/index.php\/wp-json\/wp\/v2\/posts\/5533\/revisions"}],"predecessor-version":[{"id":5536,"href":"https:\/\/acquaviva.lavocedelpaese.info\/index.php\/wp-json\/wp\/v2\/posts\/5533\/revisions\/5536"}],"wp:featuredmedia":[{"embeddable":true,"href":"https:\/\/acquaviva.lavocedelpaese.info\/index.php\/wp-json\/wp\/v2\/media\/5535"}],"wp:attachment":[{"href":"https:\/\/acquaviva.lavocedelpaese.info\/index.php\/wp-json\/wp\/v2\/media?parent=5533"}],"wp:term":[{"taxonomy":"category","embeddable":true,"href":"https:\/\/acquaviva.lavocedelpaese.info\/index.php\/wp-json\/wp\/v2\/categories?post=5533"},{"taxonomy":"post_tag","embeddable":true,"href":"https:\/\/acquaviva.lavocedelpaese.info\/index.php\/wp-json\/wp\/v2\/tags?post=5533"}],"curies":[{"name":"wp","href":"https:\/\/api.w.org\/{rel}","templated":true}]}}