{"id":5524,"date":"2025-06-14T04:56:51","date_gmt":"2025-06-14T04:56:51","guid":{"rendered":"https:\/\/acquaviva.lavocedelpaese.info\/?p=5524"},"modified":"2025-06-14T04:56:51","modified_gmt":"2025-06-14T04:56:51","slug":"acquaviva-e-altamura-lultimo-assedio","status":"publish","type":"post","link":"https:\/\/acquaviva.lavocedelpaese.info\/index.php\/2025\/06\/14\/acquaviva-e-altamura-lultimo-assedio\/","title":{"rendered":"&#8220;Acquaviva e Altamura l&#8217;ultimo assedio&#8221;"},"content":{"rendered":"\n<p>Sabato 14 giugno 2025 &#8220;Acquaviva e Altamura l&#8217;ultimo assedio&#8221; alle ore 17:00 presso la sala D\u2019Ambrosio-Angelillo di Palazzo De Mari, in occasione della ricorrenza della caduta della Repubblica Napoletana del 1799, si terr\u00e0 la conferenza sui moti repubblicani del 1799 nelle due citt\u00e0: \u201cRivoluzione, Resistenza, Assedio e Caduta, nel nome della Libert\u00e0\u201d<br>Interverranno:<br>Bianca Tragni \u2013 Presidente del Club Federiciano di Altamura<br>Marco F. Bruno \u2013 Presidente dell\u2019Associazione Archeoclub di Acquaviva<br>Davide Carlucci, Giornalista \u201cla Repubblica\u201d<br>Moderatore Pasquale Cordasco &#8211; Universit\u00e0 di Bari<br>Saluti istituzionali: Assessora alla Cultura Maria Grazia Barbieri<br>In questa occasione ci sar\u00e0 il gemellaggio tra due Associazioni.<br>Sar\u00e0 una giornata, che comincer\u00e0 dalla mattina, dedicata ad uno scambio culturale tra le due associazioni, con una lunga visita guidata, al nostro palazzo De Mari, al Museo Archeologico AMA \u201cAustacio Busto\u201d, alla Concattedrale, ai pozzi, ed al borgo antico.<br>Avremo anche il piacere di pranzare insieme, e poi, la sera ci sar\u00e0 il gemellaggio tra le due associazioni, nel nome della comune storia di resistenza e libert\u00e0 e per finire la conferenza, alla quale siete tutti invitati.<br><\/p>\n\n\n\n<p><\/p>\n\n\n\n<figure class=\"wp-block-image size-full\"><img decoding=\"async\" src=\"https:\/\/acquaviva.lavocedelpaese.info\/wp-content\/uploads\/2025\/06\/504428921_10230311678720932_5908672821828017095_n.jpg\" alt=\"\" class=\"wp-image-5525\" \/><\/figure>\n","protected":false},"excerpt":{"rendered":"<p>Sabato 14 giugno 2025 &#8220;Acquaviva e Altamura l&#8217;ultimo assedio&#8221; alle ore 17:00 presso la sala D\u2019Ambrosio-Angelillo di Palazzo De Mari,<\/p>\n","protected":false},"author":4,"featured_media":5525,"comment_status":"open","ping_status":"closed","sticky":false,"template":"","format":"standard","meta":{"colormag_page_container_layout":"default_layout","colormag_page_sidebar_layout":"default_layout","_monsterinsights_skip_tracking":false,"_monsterinsights_sitenote_active":false,"_monsterinsights_sitenote_note":"","_monsterinsights_sitenote_category":0,"footnotes":""},"categories":[5,33],"tags":[],"class_list":["post-5524","post","type-post","status-publish","format-standard","has-post-thumbnail","hentry","category-cultura","category-spalla"],"_links":{"self":[{"href":"https:\/\/acquaviva.lavocedelpaese.info\/index.php\/wp-json\/wp\/v2\/posts\/5524","targetHints":{"allow":["GET"]}}],"collection":[{"href":"https:\/\/acquaviva.lavocedelpaese.info\/index.php\/wp-json\/wp\/v2\/posts"}],"about":[{"href":"https:\/\/acquaviva.lavocedelpaese.info\/index.php\/wp-json\/wp\/v2\/types\/post"}],"author":[{"embeddable":true,"href":"https:\/\/acquaviva.lavocedelpaese.info\/index.php\/wp-json\/wp\/v2\/users\/4"}],"replies":[{"embeddable":true,"href":"https:\/\/acquaviva.lavocedelpaese.info\/index.php\/wp-json\/wp\/v2\/comments?post=5524"}],"version-history":[{"count":1,"href":"https:\/\/acquaviva.lavocedelpaese.info\/index.php\/wp-json\/wp\/v2\/posts\/5524\/revisions"}],"predecessor-version":[{"id":5526,"href":"https:\/\/acquaviva.lavocedelpaese.info\/index.php\/wp-json\/wp\/v2\/posts\/5524\/revisions\/5526"}],"wp:featuredmedia":[{"embeddable":true,"href":"https:\/\/acquaviva.lavocedelpaese.info\/index.php\/wp-json\/wp\/v2\/media\/5525"}],"wp:attachment":[{"href":"https:\/\/acquaviva.lavocedelpaese.info\/index.php\/wp-json\/wp\/v2\/media?parent=5524"}],"wp:term":[{"taxonomy":"category","embeddable":true,"href":"https:\/\/acquaviva.lavocedelpaese.info\/index.php\/wp-json\/wp\/v2\/categories?post=5524"},{"taxonomy":"post_tag","embeddable":true,"href":"https:\/\/acquaviva.lavocedelpaese.info\/index.php\/wp-json\/wp\/v2\/tags?post=5524"}],"curies":[{"name":"wp","href":"https:\/\/api.w.org\/{rel}","templated":true}]}}