{"id":5510,"date":"2025-06-14T04:36:30","date_gmt":"2025-06-14T04:36:30","guid":{"rendered":"https:\/\/acquaviva.lavocedelpaese.info\/?p=5510"},"modified":"2025-06-18T04:18:55","modified_gmt":"2025-06-18T04:18:55","slug":"di-madre-in-figlia-di-concita-de-gregorio","status":"publish","type":"post","link":"https:\/\/acquaviva.lavocedelpaese.info\/index.php\/2025\/06\/14\/di-madre-in-figlia-di-concita-de-gregorio\/","title":{"rendered":"&#8220;Di madre in figlia&#8221; di Concita De Gregorio"},"content":{"rendered":"\n<p><\/p>\n\n\n\n<p>La Pro Loco Curtomartino assieme a Mondadori Bookstore di Acquaviva delle Fonti, con il patrocinio del Comune di Acquaviva delle Fonti, \u00e8 lieta dare il benvenuto a Concita De Gregorio, editorialista di Repubblica, conduttrice di programmi radiofonici e televisivi su RAI 3 e La7, scrittrice con il suo ultimo lavoro Di Madre in Figlia.<br>Una sinergia con la Mondadori Bookstore, che ha visto nell&#8217;ultimo anno la presenza di altri numerosi autori, come Roberto Emanuelli, Filippo Ceccarelli, Francesco Carofiglio, Lorenza Gentile, Erri De Luca e Federica Manzon.<br>La presentazione dell\u2019ultimo lavoro di Concita De Greogorio &#8220;Di Madre in figlia\u201d edito da Feltrinelli, si svolger\u00e0 il 20 giugno 2025 alle ore 19:00 all&#8217;esterno della nuova sede della Biblioteca Comunale &#8220;Maselli Campagna&#8221; in Via Palmiro Togliatti 2 (ex macello).<\/p>\n\n\n\n<p>Dialogher\u00e0 con l&#8217;autrice Anna Rita Martellotta.<\/p>\n\n\n\n<p>&nbsp;La partecipazione \u00e8 gratuita&nbsp;<\/p>\n\n\n\n<p>Laureata all&#8217;Universit\u00e0 di Pisa in Scienze Politiche, ha iniziato la professione nelle radio e tv locali toscane passando poi a \u00abil Tirreno\u00bb dove, per otto anni, ha lavorato nelle redazioni di Piombino, Livorno, Lucca e Pistoia. Nel 1990 \u00e8 passata al quotidiano la Repubblica, dove si \u00e8 occupata di cronaca e di politica interna. Dal 2008 al 2011 \u00e8 stata direttore de \u00abl&#8217;Unit\u00e0\u00bb.<br>Tra le sue pubblicazioni si ricordano Non lavate questo sangue (Laterza, 2001); Una madre lo sa. Tutte le ombre dell&#8217;amore perfetto (Mondadori, 2006); Malamore. Esercizi di resistenza al dolore (Mondadori, 2008); Cos\u00ec \u00e8 la vita (Einaudi, 2011); Un giorno sull&#8217;isola (Einaudi, 2014); Mi sa che fuori \u00e8 primavera (Feltrinelli, 2015); Cosa pensano le ragazze (Einaudi, 2016) e Nella notte (Feltrinelli, 2019).<\/p>\n\n\n\n<p>\ud835\uddd7\ud835\udddc \ud835\udde0\ud835\uddd4\ud835\uddd7\ud835\udde5\ud835\uddd8 \ud835\udddc\ud835\udde1 \ud835\uddd9\ud835\udddc\ud835\uddda\ud835\udddf\ud835\udddc\ud835\uddd4<br>Concita De Gregorio intreccia tre generazioni, tre epoche della storia e tre stagioni della vita nelle voci di Maril\u00f9, Angela e Ad\u00e8: subito cos\u00ec vere, cos\u00ec vulnerabili e vive da risuonare immediatamente intime.<\/p>\n\n\n\n<p>Un farmaco \u00e8 veleno o salvezza. Ogni cura lo \u00e8. Anche l\u2019amore: pu\u00f2 soffocare, condannare o liberare. La giusta misura. Il calibro. Le dosi. Quanto di quanto somministrare. Quando. \u00c8 tutto qui.<\/p>\n\n\n\n<p>\u00abNel nuovo romanzo il racconto d&#8217;una genealogia tutta femminile: tra una nonna, Maril\u00f9, &#8220;bella come un giaguaro&#8221; e una nipote, Adelaide, che imparer\u00e0 da lei a non temere la vita.\u00bb &#8211; laRepubblica<\/p>\n\n\n\n<p>\u00abDi madre in figlia \u00e8 un romanzo breve, a tratti rapidissimo nel susseguirsi delle voci delle tre donne che compongono i capitoli come elementi solo apparentemente distinti di un unico discorso. Un romanzo capace di raccontare con la tenerezza e con la fatica della tenerezza quel segreto che \u00e8 proprio delle streghe. Che ha la forma della torta della nonna. Un gusto riconoscibilissimo che contiene magicamente il sapore e la voce di tutte e tre: la voce e il segreto della luna.\u00bb &#8211; Annalena Benini, Il Foglio<\/p>\n\n\n\n<p>Ci\u00f2 che ti isola ti salva, \u00e8 la vita che ti mette in pericolo. Maril\u00f9 abita in cima a un\u2019isola: sotto c\u2019\u00e8 il villaggio, in mezzo il bosco e infine la radura con la sua casa, dove nemmeno i frequenti incendi estivi possono raggiungerla. \u00c8 una donna che affascina ma un po\u2019 spaventa, perch\u00e9 porta con s\u00e9 il fatto di essere stata molto libera negli anni pi\u00f9 liberi del secolo scorso, gli psichedelici Settanta. Fin troppo, pensa sua figlia Angela, che sente di averne ricevuto soltanto trascuratezza. Ora Angela si trova costretta a malincuore ad affidarle per tre mesi la figlia Adelaide \u2013 che si fa chiamare Ad\u00e8 \u2013, adolescente tanto attiva in Rete quanto insicura nel mondo e nel proprio corpo. In questa lunga estate nonna e nipote si ritrovano insieme dopo dieci anni, si conoscono e si riconoscono, mentre la madre irrompe con telefonate ansiose sul fisso di casa perch\u00e9, come primo gesto, Maril\u00f9 ha requisito il cellulare alla ragazza. Per Ad\u00e8 la vacanza non potrebbe cominciare peggio, invece a poco a poco diventa un\u2019avventura. C\u2019\u00e8 un segreto di cui la nonna non vuole parlare, qualcosa che riguarda la sua storia familiare, la linea femminile che la precede \u2013 sua madre, farmacista in un paesino del Sud, e la madre di sua madre, una guaritrice che \u00e8 finita a vivere in un convento. Un\u2019antica colpa in questa storia senza colpevoli. Sul delicato confine fra amare, proteggere e lasciare andare, fra prendersi cura e avvelenare, le tre, di madre in figlia, provano a capirsi. Ciascuna ha agito con le migliori intenzioni, anche se a volte il rancore, il dolore, l\u2019amore accecano.<\/p>\n\n\n\n<figure class=\"wp-block-image size-full\"><img decoding=\"async\" src=\"https:\/\/acquaviva.lavocedelpaese.info\/wp-content\/uploads\/2025\/06\/506304727_1277911427671097_111318508337404146_n.jpg\" alt=\"\" class=\"wp-image-5511\" \/><\/figure>\n\n\n\n<figure class=\"wp-block-image size-full\"><img decoding=\"async\" width=\"566\" height=\"800\" src=\"https:\/\/acquaviva.lavocedelpaese.info\/wp-content\/uploads\/2025\/06\/505490845_1277933524335554_4235481373353059962_n.jpg\" alt=\"\" class=\"wp-image-5512\" srcset=\"https:\/\/acquaviva.lavocedelpaese.info\/wp-content\/uploads\/2025\/06\/505490845_1277933524335554_4235481373353059962_n.jpg 566w, https:\/\/acquaviva.lavocedelpaese.info\/wp-content\/uploads\/2025\/06\/505490845_1277933524335554_4235481373353059962_n-212x300.jpg 212w\" sizes=\"(max-width: 566px) 100vw, 566px\" \/><\/figure>\n\n\n\n<p><\/p>\n\n\n\n<p><\/p>\n\n\n\n<p><em><br><br><\/em><\/p>\n","protected":false},"excerpt":{"rendered":"<p>La Pro Loco Curtomartino assieme a Mondadori Bookstore di Acquaviva delle Fonti, con il patrocinio del Comune di Acquaviva delle<\/p>\n","protected":false},"author":4,"featured_media":5511,"comment_status":"open","ping_status":"closed","sticky":false,"template":"","format":"standard","meta":{"colormag_page_container_layout":"default_layout","colormag_page_sidebar_layout":"default_layout","_monsterinsights_skip_tracking":false,"_monsterinsights_sitenote_active":false,"_monsterinsights_sitenote_note":"","_monsterinsights_sitenote_category":0,"footnotes":""},"categories":[5,6,33],"tags":[],"class_list":["post-5510","post","type-post","status-publish","format-standard","has-post-thumbnail","hentry","category-cultura","category-eventi","category-spalla"],"_links":{"self":[{"href":"https:\/\/acquaviva.lavocedelpaese.info\/index.php\/wp-json\/wp\/v2\/posts\/5510","targetHints":{"allow":["GET"]}}],"collection":[{"href":"https:\/\/acquaviva.lavocedelpaese.info\/index.php\/wp-json\/wp\/v2\/posts"}],"about":[{"href":"https:\/\/acquaviva.lavocedelpaese.info\/index.php\/wp-json\/wp\/v2\/types\/post"}],"author":[{"embeddable":true,"href":"https:\/\/acquaviva.lavocedelpaese.info\/index.php\/wp-json\/wp\/v2\/users\/4"}],"replies":[{"embeddable":true,"href":"https:\/\/acquaviva.lavocedelpaese.info\/index.php\/wp-json\/wp\/v2\/comments?post=5510"}],"version-history":[{"count":2,"href":"https:\/\/acquaviva.lavocedelpaese.info\/index.php\/wp-json\/wp\/v2\/posts\/5510\/revisions"}],"predecessor-version":[{"id":5531,"href":"https:\/\/acquaviva.lavocedelpaese.info\/index.php\/wp-json\/wp\/v2\/posts\/5510\/revisions\/5531"}],"wp:featuredmedia":[{"embeddable":true,"href":"https:\/\/acquaviva.lavocedelpaese.info\/index.php\/wp-json\/wp\/v2\/media\/5511"}],"wp:attachment":[{"href":"https:\/\/acquaviva.lavocedelpaese.info\/index.php\/wp-json\/wp\/v2\/media?parent=5510"}],"wp:term":[{"taxonomy":"category","embeddable":true,"href":"https:\/\/acquaviva.lavocedelpaese.info\/index.php\/wp-json\/wp\/v2\/categories?post=5510"},{"taxonomy":"post_tag","embeddable":true,"href":"https:\/\/acquaviva.lavocedelpaese.info\/index.php\/wp-json\/wp\/v2\/tags?post=5510"}],"curies":[{"name":"wp","href":"https:\/\/api.w.org\/{rel}","templated":true}]}}