{"id":5351,"date":"2025-03-15T18:06:17","date_gmt":"2025-03-15T18:06:17","guid":{"rendered":"https:\/\/acquaviva.lavocedelpaese.info\/?p=5351"},"modified":"2025-03-18T18:14:11","modified_gmt":"2025-03-18T18:14:11","slug":"i-grandi-classici-thiollier-in-puglia-con-orchestra","status":"publish","type":"post","link":"https:\/\/acquaviva.lavocedelpaese.info\/index.php\/2025\/03\/15\/i-grandi-classici-thiollier-in-puglia-con-orchestra\/","title":{"rendered":"I Grandi Classici: Thiollier, in Puglia con Orchestra"},"content":{"rendered":"\n<p>Domenica 23 marzo nell\u2019auditorium del \u00abDon Milani\u00bb di Acquaviva delle Fonti per l\u2019inaugurazione della stagione musicale dell\u2019associazione Colafemmina<br><br>Quarant\u2019anni dopo l\u2019ultima volta il celebre pianista franco-americano di scena con la Filarmonica pugliese<br><br><br><br>Sar\u00e0 Fran\u00e7ois-Jo\u00ebl Thiollier il grande protagonista del concerto con cui, domenica 23 marzo (ore 19), nell\u2019auditorium del Liceo Don Milani di Acquaviva delle Fonti, l\u2019associazione Colafemmina diretta da Maurizio Matarrese inaugurer\u00e0 la stagione musicale 2025 sostenuta dal Ministero della Cultura, dalla Regione Puglia e dal Comune di Acquaviva delle Fonti. Un evento speciale che vede il celebre pianista franco-americano esibirsi in Puglia con un\u2019orchestra dopo quasi quarant\u2019anni dall\u2019ultima volta. Per l\u2019occasione Thiollier sar\u00e0 affiancato dall\u2019Orchestra Filarmonica Pugliese diretta da Giovanni Pellegrini nell\u2019esecuzione del Concerto per pianoforte n. 24 in do minore K. 491 di Wolfgang Amadeus Mozart, pagina profonda e accattivante del 1786 che si distingue dalle altre opere del genio di Salisburgo per il suo carattere oscuro e introspettivo. La Filarmonica Pugliese completer\u00e0 il programma con due capolavori di Beethoven, l\u2019Ouverture op. 63 \u00abCoriolano\u00bb e la Settima Sinfonia, e con la prima assoluta di \u00abFebliaux per orchestra\u00bb del diciassettenne compositore pugliese Davide Dentuti.<\/p>\n\n\n\n<p>Pianista tra due mondi, non solo per il fatto di essere nato a Parigi e vissuto tra la capitale francese e New York, dove ha debuttato da bambino prodigio a soli cinque anni, Thiollier ha fatto la spola tra una sponda all\u2019altra dell\u2019Atlantico tanto da poter parlare nel suo caso di doppia ascendenza anagrafica, culturale e formativa. D\u2019altro canto, Thiollier deve molto a Robert Casadesus, il pianista e compositore parigino (che collabor\u00f2 anche con Ravel) dal quale ha ricevuto l\u2019imprinting in Francia, prima del perfezionamento negli States, alla Juilliard School of Music, con Sascha Gorodnitziki, docente che con Josef e Rosina Levin, Nadia Reisenberg, Gy\u00f6rgy S\u00e1ndor e molti altri ancora, ha fatto la storia del leggendario istituto americano.<\/p>\n\n\n\n<p>L\u2019ingresso al concerto \u00e8 con prenotazione obbligatoria al 335.1406658 (anche con WhatsApp) sino ad esaurimento dei posti.<\/p>\n\n\n\n<figure class=\"wp-block-image size-full\"><img decoding=\"async\" src=\"https:\/\/acquaviva.lavocedelpaese.info\/wp-content\/uploads\/2025\/03\/f8a7b1af-d70b-4ef7-a34c-3723f7c377fb.jpg\" alt=\"\" class=\"wp-image-5352\" \/><\/figure>\n\n\n\n<figure class=\"wp-block-image size-full\"><img decoding=\"async\" width=\"575\" height=\"800\" src=\"https:\/\/acquaviva.lavocedelpaese.info\/wp-content\/uploads\/2025\/03\/386610e7-7d6a-4679-ab95-9f185a0623f8.jpg\" alt=\"\" class=\"wp-image-5353\" srcset=\"https:\/\/acquaviva.lavocedelpaese.info\/wp-content\/uploads\/2025\/03\/386610e7-7d6a-4679-ab95-9f185a0623f8.jpg 575w, https:\/\/acquaviva.lavocedelpaese.info\/wp-content\/uploads\/2025\/03\/386610e7-7d6a-4679-ab95-9f185a0623f8-216x300.jpg 216w\" sizes=\"(max-width: 575px) 100vw, 575px\" \/><\/figure>\n","protected":false},"excerpt":{"rendered":"<p>Domenica 23 marzo nell\u2019auditorium del \u00abDon Milani\u00bb di Acquaviva delle Fonti per l\u2019inaugurazione della stagione musicale dell\u2019associazione Colafemmina Quarant\u2019anni dopo<\/p>\n","protected":false},"author":4,"featured_media":5352,"comment_status":"open","ping_status":"closed","sticky":false,"template":"","format":"standard","meta":{"colormag_page_container_layout":"default_layout","colormag_page_sidebar_layout":"default_layout","_monsterinsights_skip_tracking":false,"_monsterinsights_sitenote_active":false,"_monsterinsights_sitenote_note":"","_monsterinsights_sitenote_category":0,"footnotes":""},"categories":[5,6,33],"tags":[],"class_list":["post-5351","post","type-post","status-publish","format-standard","has-post-thumbnail","hentry","category-cultura","category-eventi","category-spalla"],"_links":{"self":[{"href":"https:\/\/acquaviva.lavocedelpaese.info\/index.php\/wp-json\/wp\/v2\/posts\/5351","targetHints":{"allow":["GET"]}}],"collection":[{"href":"https:\/\/acquaviva.lavocedelpaese.info\/index.php\/wp-json\/wp\/v2\/posts"}],"about":[{"href":"https:\/\/acquaviva.lavocedelpaese.info\/index.php\/wp-json\/wp\/v2\/types\/post"}],"author":[{"embeddable":true,"href":"https:\/\/acquaviva.lavocedelpaese.info\/index.php\/wp-json\/wp\/v2\/users\/4"}],"replies":[{"embeddable":true,"href":"https:\/\/acquaviva.lavocedelpaese.info\/index.php\/wp-json\/wp\/v2\/comments?post=5351"}],"version-history":[{"count":1,"href":"https:\/\/acquaviva.lavocedelpaese.info\/index.php\/wp-json\/wp\/v2\/posts\/5351\/revisions"}],"predecessor-version":[{"id":5354,"href":"https:\/\/acquaviva.lavocedelpaese.info\/index.php\/wp-json\/wp\/v2\/posts\/5351\/revisions\/5354"}],"wp:featuredmedia":[{"embeddable":true,"href":"https:\/\/acquaviva.lavocedelpaese.info\/index.php\/wp-json\/wp\/v2\/media\/5352"}],"wp:attachment":[{"href":"https:\/\/acquaviva.lavocedelpaese.info\/index.php\/wp-json\/wp\/v2\/media?parent=5351"}],"wp:term":[{"taxonomy":"category","embeddable":true,"href":"https:\/\/acquaviva.lavocedelpaese.info\/index.php\/wp-json\/wp\/v2\/categories?post=5351"},{"taxonomy":"post_tag","embeddable":true,"href":"https:\/\/acquaviva.lavocedelpaese.info\/index.php\/wp-json\/wp\/v2\/tags?post=5351"}],"curies":[{"name":"wp","href":"https:\/\/api.w.org\/{rel}","templated":true}]}}