{"id":5343,"date":"2025-03-10T18:19:11","date_gmt":"2025-03-10T18:19:11","guid":{"rendered":"https:\/\/acquaviva.lavocedelpaese.info\/?p=5343"},"modified":"2025-03-10T18:19:12","modified_gmt":"2025-03-10T18:19:12","slug":"lo-stato-della-ricerca-sulla-xylella-fastidiosa","status":"publish","type":"post","link":"https:\/\/acquaviva.lavocedelpaese.info\/index.php\/2025\/03\/10\/lo-stato-della-ricerca-sulla-xylella-fastidiosa\/","title":{"rendered":"Lo stato della ricerca sulla Xylella Fastidiosa"},"content":{"rendered":"\n<p><\/p>\n\n\n\n<p>IL GAL PROMUOVE UN CICLO DI CONVEGNI PER SENSIBILIZZARE LE IMPRESE NELLA LOTTA ALLA XYLELLA FASTIDIOSA. <\/p>\n\n\n\n<p>IL 13 MARZO IL NUOVO APPUNTAMENTO AL CASTELLO DI BITRITTO<\/p>\n\n\n\n<p><em><strong>Il GAL Sud Est Barese con il supporto delle Amministrazioni di Polignano a Mare e Bitritto ha avviato una serie di iniziative informative sul tema della Xylella fastidiosa. Gli eventi rientrano nel programma di formazione sulla sicurezza delle filiere agroalimentari promosso dal GAL con il Piano di Azione Locale 2014-2022.&nbsp;<\/strong><\/em><\/p>\n\n\n\n<hr class=\"wp-block-separator has-alpha-channel-opacity\" \/>\n\n\n\n<p>L&#8217;obiettivo dei convegni \u00e8 sensibilizzare le imprese olivicole del sud est barese in merito alle ultime novit\u00e0 scoperte sul fronte della ricerca scientifica, con un focus sulle variet\u00e0 pi\u00f9 resistenti al patogeno. Il primo evento \u00e8 andato in scena lo scorso 28 gennaio a Polignano a Mare mentre il prossimo appuntamento \u00e8 in programma gioved\u00ec 13 marzo 2025 a Bitritto nella Sala Convegni del Castello.&nbsp;<\/p>\n\n\n\n<p>L&#8217;evento di Bitritto, organizzato dal GAL con il supporto dell&#8217;Assessorato all&#8217;Agricoltura del Comune di Bitritto, prevede l&#8217;intervento di diverse rappresentanze del mondo scientifico ed universitario al fine di aggiornare il territorio sull&#8217;avanzamento della ricerca e sui nuovi risultati raggiunti.&nbsp;<\/p>\n\n\n\n<p>Tra gli interventi attesi si evidenzia quello di&nbsp;<strong>Cinzia Montemurro<\/strong>, docente del&nbsp;<strong>Dipartimento di Scienze del Suolo, della Pianta e degli Alimenti dell&#8217;Universit\u00e0 degli Studi di Bari,&nbsp;<\/strong>con una relazione dedicata agli approcci integrati per il miglioramento genetico, la selezione e l\u2019ottenimento di materiali vegetali resistenti alla Xylella fastidiosa studiati nell\u2019ambito del progetto RIGENERA.<\/p>\n\n\n\n<p>Prevista inoltre la relazione di&nbsp;<strong>Maria Saponari<\/strong>, ricercatrice presso&nbsp;<strong>l\u2019Istituto per la Protezione Sostenibile delle Piante del CNR<\/strong>, con un approfondimento sull&#8217;evoluzione del quadro fitosanitario e delle potenzialit\u00e0 delle risorse genetiche nelle strategie di lotta alla Xylella studiate nell&#8217;ambito del progetto OMIBREED.<\/p>\n\n\n\n<p>Conclude la parte scientifica&nbsp;<strong>Elena Santilli,<\/strong>&nbsp;ricercatrice presso il&nbsp;<strong>Centro di Ricerca Olivicoltura, Frutticoltura e Agrumicoltura del CREA,<\/strong>&nbsp;con un intervento sulle nuove prospettive di sviluppo per l\u2019olivicoltura italiana attraverso la valorizzazione della biodiversit\u00e0 e la selezione di materiale genetico d\u2019olivo tollerante a Xylella fastidiosa e azioni mirate a prevenire il possibile impatto sulla viticoltura studiate nell\u2019ambito del progetto NOVIXGEN.<\/p>\n\n\n\n<p>Tra gli interventi in programma anche quello di&nbsp;<strong>Salvatore Infantino,<\/strong>&nbsp;dirigente<strong>&nbsp;<\/strong>dell&#8217;<strong>Osservatorio Fitosanitario di Regione Puglia,<\/strong>&nbsp;con un aggiornamento sulle ricerca e trasferimento di innovazioni in ambito fitosanitario.<\/p>\n\n\n\n<p>L&#8217;obiettivo di questa nuovo pacchetto di iniziative \u00e8 dunque offrire alla filiera olivicola un approfondimento, il pi\u00f9 possibile aggiornato e scientifico, sulle tematiche legate alla Xylella, con attenzione alle nuove cultivar e agli strumenti messi in campo dal&nbsp;<strong>Piano Straordinario per la Rigenerazione Olivicola della Regione Puglia<\/strong>&nbsp;per ripristinare il patrimonio olivicolo.<\/p>\n\n\n\n<p>Commenta il Sindaco di Bitritto,&nbsp;<strong>Giuseppe Giulitto<\/strong>&nbsp;\u201c<em>La filiera olivicola \u00e8 una delle eccellenze produttive del nostro territorio e per questo abbiamo deciso di sostenere l&#8217;iniziativa del GAL e fornire alle nostre imprese le ultime novit\u00e0 e strategie sull&#8217;argomento. Anche perch\u00e9, nonostante oggi la Xylella prosegua la sua avanzata, il fronte della ricerca ha acquisito nuove conoscenze e studi innovativi. Al contempo la Regione si \u00e8 dotata di un vero e proprio piano di rigenerazione olivicola a cui l&#8217;amministrazione comunale ha il dovere di guardare<\/em>\u201d.<\/p>\n\n\n\n<p>Aggiunge il Presidente del GAL Sud Est Barese,&nbsp;<strong>Pasquale Redavid<\/strong>&nbsp;\u201c<em>Il GAL continua a sostenere la formazione delle imprese agricole e agroalimentari coinvolgendo prestigiosi partner scientifici come l\u2019Universit\u00e0 di Bari, il CNR ed il CREA e rafforzando la sua missione di agente di sviluppo locale. Sulla Xylella, che ormai non coinvolge pi\u00f9 solo l\u2019Ulivo ma anche altre cultivar, siamo pronti a sostenere sempre pi\u00f9 iniziative di formazione e sensibilizzazione<\/em>\u201d.<\/p>\n\n\n\n<p>La partecipazione attiva degli olivicoltori a questi incontri \u00e8 dunque fondamentale per garantire una diffusione capillare delle informazioni e per promuovere l&#8217;adozione di pratiche agricole innovative e sostenibili, indispensabili nella lotta contro la Xylella fastidiosa e nella salvaguardia del patrimonio olivicolo pugliese.<\/p>\n\n\n\n<p>L\u2019appuntamento \u00e8 per il 13 marzo alle ore 18:00 presso la Sala Convegni del Castello di Bitritto.<\/p>\n\n\n\n<figure class=\"wp-block-image size-full\"><img decoding=\"async\" width=\"565\" height=\"800\" src=\"https:\/\/acquaviva.lavocedelpaese.info\/wp-content\/uploads\/2025\/03\/70x100_13mar_page-0001.jpg\" alt=\"\" class=\"wp-image-5344\" srcset=\"https:\/\/acquaviva.lavocedelpaese.info\/wp-content\/uploads\/2025\/03\/70x100_13mar_page-0001.jpg 565w, https:\/\/acquaviva.lavocedelpaese.info\/wp-content\/uploads\/2025\/03\/70x100_13mar_page-0001-212x300.jpg 212w\" sizes=\"(max-width: 565px) 100vw, 565px\" \/><\/figure>\n","protected":false},"excerpt":{"rendered":"<p>IL GAL PROMUOVE UN CICLO DI CONVEGNI PER SENSIBILIZZARE LE IMPRESE NELLA LOTTA ALLA XYLELLA FASTIDIOSA. IL 13 MARZO IL<\/p>\n","protected":false},"author":4,"featured_media":5345,"comment_status":"open","ping_status":"closed","sticky":false,"template":"","format":"standard","meta":{"colormag_page_container_layout":"default_layout","colormag_page_sidebar_layout":"default_layout","_monsterinsights_skip_tracking":false,"_monsterinsights_sitenote_active":false,"_monsterinsights_sitenote_note":"","_monsterinsights_sitenote_category":0,"footnotes":""},"categories":[2,33],"tags":[],"class_list":["post-5343","post","type-post","status-publish","format-standard","has-post-thumbnail","hentry","category-attualita","category-spalla"],"_links":{"self":[{"href":"https:\/\/acquaviva.lavocedelpaese.info\/index.php\/wp-json\/wp\/v2\/posts\/5343","targetHints":{"allow":["GET"]}}],"collection":[{"href":"https:\/\/acquaviva.lavocedelpaese.info\/index.php\/wp-json\/wp\/v2\/posts"}],"about":[{"href":"https:\/\/acquaviva.lavocedelpaese.info\/index.php\/wp-json\/wp\/v2\/types\/post"}],"author":[{"embeddable":true,"href":"https:\/\/acquaviva.lavocedelpaese.info\/index.php\/wp-json\/wp\/v2\/users\/4"}],"replies":[{"embeddable":true,"href":"https:\/\/acquaviva.lavocedelpaese.info\/index.php\/wp-json\/wp\/v2\/comments?post=5343"}],"version-history":[{"count":1,"href":"https:\/\/acquaviva.lavocedelpaese.info\/index.php\/wp-json\/wp\/v2\/posts\/5343\/revisions"}],"predecessor-version":[{"id":5346,"href":"https:\/\/acquaviva.lavocedelpaese.info\/index.php\/wp-json\/wp\/v2\/posts\/5343\/revisions\/5346"}],"wp:featuredmedia":[{"embeddable":true,"href":"https:\/\/acquaviva.lavocedelpaese.info\/index.php\/wp-json\/wp\/v2\/media\/5345"}],"wp:attachment":[{"href":"https:\/\/acquaviva.lavocedelpaese.info\/index.php\/wp-json\/wp\/v2\/media?parent=5343"}],"wp:term":[{"taxonomy":"category","embeddable":true,"href":"https:\/\/acquaviva.lavocedelpaese.info\/index.php\/wp-json\/wp\/v2\/categories?post=5343"},{"taxonomy":"post_tag","embeddable":true,"href":"https:\/\/acquaviva.lavocedelpaese.info\/index.php\/wp-json\/wp\/v2\/tags?post=5343"}],"curies":[{"name":"wp","href":"https:\/\/api.w.org\/{rel}","templated":true}]}}