{"id":5316,"date":"2025-02-18T18:22:27","date_gmt":"2025-02-18T18:22:27","guid":{"rendered":"https:\/\/acquaviva.lavocedelpaese.info\/?p=5316"},"modified":"2025-02-23T16:31:20","modified_gmt":"2025-02-23T16:31:20","slug":"fratres-acquaviva-assemblea-annuale-2025","status":"publish","type":"post","link":"https:\/\/acquaviva.lavocedelpaese.info\/index.php\/2025\/02\/18\/fratres-acquaviva-assemblea-annuale-2025\/","title":{"rendered":"Fratres Acquaviva: Assemblea Annuale 2025"},"content":{"rendered":"\n<p>45 Anni Uniti nella Solidariet\u00e0 1980- 2025<\/p>\n\n\n\n<p>di <strong>Isabella Giorgio<\/strong><\/p>\n\n\n\n<p>Domenica 23 febbraio 2025 alle ore 17.30, si terr\u00e0 presso la Sala Comunale \u201cAngelillo D\u2019Ambrosio\u201d (sala Anagrafe) in piazza Vitt. Emanuele III\u00b0 ad Acquaviva delle Fonti,\u00a0 la consueta Assemblea annuale dell\u2019Associazione Donatori di Sangue \u201cFRATRES\u201d di Acquaviva delle Fonti.\u00a0<\/p>\n\n\n\n<p>\u201cL&#8217;Assemblea &#8211; ci comunica la <em>dott.ssa <\/em><strong>Francesca Marchesano<\/strong>, Presidente del locale Gruppo dei Donatori di Sangue FRATRES -sar\u00e0 preceduta dalla celebrazione della S. Messa presso la Parrocchia di San Francesco di Acquaviva alle ore 11.00\u201d.<\/p>\n\n\n\n<p>L&#8217;incontro assembleare vedr\u00e0 oltre ai consueti adempimenti statutari legati all&#8217;approvazione del bilancio consuntivo e preventivo, il pi\u00f9 interessante momento di premiazione dei soci con la tradizionale medaglia d&#8217;argento e d&#8217;oro che si sono distinti per numero di donazioni di sangue.<\/p>\n\n\n\n<p>Durante l&#8217;assemblea si far\u00e0 il punto della situazione sulle attivit\u00e0 svolte durante l&#8217;anno e saranno condivise con tutti i soci le iniziative da porre in campo nel medio e lungo termine. Non mancher\u00e0, inoltre, la possibilit\u00e0 di accogliere anche nuove indicazioni e suggerimenti per migliorare le finalit\u00e0 dell&#8217;associazione.<\/p>\n\n\n\n<p>Ricordiamo che il Gruppo Donatori di Sangue FRATRES di Acquaviva delle Fonti da ben 45 anni \u00e8 impegnato con determinazione e costanza a promuovere nella nostra comunit\u00e0 la sensibilizzazione alla donazione del sangue ed emocomponenti fondamentali per salvare vite umane e al tempo stesso promuovere la medicina preventiva.<\/p>\n\n\n\n<p>L&#8217;invito della Presidente Francesca Marchesano e del Direttivo, rivolto in modo particolare a tutti i soci donatori, \u00e8 quello di partecipare attivamente a questo importante momento non facendo mancare la propria testimonianza e presenza\u201d.<\/p>\n\n\n\n<p class=\"has-text-align-right\"><strong>ISABELLA GIORGIO<\/strong><\/p>\n\n\n\n<p><\/p>\n\n\n\n<figure class=\"wp-block-image size-full\"><img decoding=\"async\" src=\"https:\/\/acquaviva.lavocedelpaese.info\/wp-content\/uploads\/2025\/02\/45-anni-uniti_-Fratres-Acquaviva.jpg\" alt=\"\" class=\"wp-image-5317\" \/><\/figure>\n","protected":false},"excerpt":{"rendered":"<p>45 Anni Uniti nella Solidariet\u00e0 1980- 2025 di Isabella Giorgio Domenica 23 febbraio 2025 alle ore 17.30, si terr\u00e0 presso<\/p>\n","protected":false},"author":4,"featured_media":5317,"comment_status":"open","ping_status":"closed","sticky":false,"template":"","format":"standard","meta":{"colormag_page_container_layout":"default_layout","colormag_page_sidebar_layout":"default_layout","_monsterinsights_skip_tracking":false,"_monsterinsights_sitenote_active":false,"_monsterinsights_sitenote_note":"","_monsterinsights_sitenote_category":0,"footnotes":""},"categories":[2,28,33],"tags":[],"class_list":["post-5316","post","type-post","status-publish","format-standard","has-post-thumbnail","hentry","category-attualita","category-primo-piano","category-spalla"],"_links":{"self":[{"href":"https:\/\/acquaviva.lavocedelpaese.info\/index.php\/wp-json\/wp\/v2\/posts\/5316","targetHints":{"allow":["GET"]}}],"collection":[{"href":"https:\/\/acquaviva.lavocedelpaese.info\/index.php\/wp-json\/wp\/v2\/posts"}],"about":[{"href":"https:\/\/acquaviva.lavocedelpaese.info\/index.php\/wp-json\/wp\/v2\/types\/post"}],"author":[{"embeddable":true,"href":"https:\/\/acquaviva.lavocedelpaese.info\/index.php\/wp-json\/wp\/v2\/users\/4"}],"replies":[{"embeddable":true,"href":"https:\/\/acquaviva.lavocedelpaese.info\/index.php\/wp-json\/wp\/v2\/comments?post=5316"}],"version-history":[{"count":1,"href":"https:\/\/acquaviva.lavocedelpaese.info\/index.php\/wp-json\/wp\/v2\/posts\/5316\/revisions"}],"predecessor-version":[{"id":5318,"href":"https:\/\/acquaviva.lavocedelpaese.info\/index.php\/wp-json\/wp\/v2\/posts\/5316\/revisions\/5318"}],"wp:featuredmedia":[{"embeddable":true,"href":"https:\/\/acquaviva.lavocedelpaese.info\/index.php\/wp-json\/wp\/v2\/media\/5317"}],"wp:attachment":[{"href":"https:\/\/acquaviva.lavocedelpaese.info\/index.php\/wp-json\/wp\/v2\/media?parent=5316"}],"wp:term":[{"taxonomy":"category","embeddable":true,"href":"https:\/\/acquaviva.lavocedelpaese.info\/index.php\/wp-json\/wp\/v2\/categories?post=5316"},{"taxonomy":"post_tag","embeddable":true,"href":"https:\/\/acquaviva.lavocedelpaese.info\/index.php\/wp-json\/wp\/v2\/tags?post=5316"}],"curies":[{"name":"wp","href":"https:\/\/api.w.org\/{rel}","templated":true}]}}