{"id":5310,"date":"2025-02-18T17:31:24","date_gmt":"2025-02-18T17:31:24","guid":{"rendered":"https:\/\/acquaviva.lavocedelpaese.info\/?p=5310"},"modified":"2025-02-18T17:31:25","modified_gmt":"2025-02-18T17:31:25","slug":"premiazione-del-concorso-fotografico-scatti-di-cioccolato","status":"publish","type":"post","link":"https:\/\/acquaviva.lavocedelpaese.info\/index.php\/2025\/02\/18\/premiazione-del-concorso-fotografico-scatti-di-cioccolato\/","title":{"rendered":"Premiazione del Concorso fotografico &#8220;Scatti di Cioccolato&#8221;"},"content":{"rendered":"\n<p class=\"has-text-align-left\">Il prossimo 21 febbraio alle 18.00 ad Acquaviva delle Fonti celebreremo la magia del Natale con la premiazione del concorso fotografico &#8220;Scatti di Cioccolato&#8221;.<br>L&#8217;evento, organizzato dal Caf\u00e9 Letterario e dalla associazione culturale circolo del grillo parlante , si terr\u00e0 presso la sala conferenze Colafemmina e rappresenta il culmine di un&#8217;iniziativa che ha visto i partecipanti immortalare, attraverso i loro scatti, la bellezza e l&#8217;atmosfera unica delle feste natalizie nel nostro paese.<br>Un concorso per celebrare la bellezza del Natale<br>Il concorso &#8220;Scatti di Cioccolato&#8221; ha invitato fotografi di tutte le et\u00e0 a catturare la magia del Natale attraverso i loro obiettivi. I partecipanti hanno saputo interpretare questo tema in modo creativo e originale, offrendo al pubblico una variet\u00e0 di immagini suggestive e ricche di significato.<br><\/p>\n\n\n\n<p class=\"has-text-align-left\">Caf\u00e9 Letterario: un&#8217;associazione culturale per i giovani<br>Il Caf\u00e9 Letterario \u00e8 un&#8217;associazione culturale composta da un gruppo di giovani lettori appassionati di cultura e desiderosi di promuovere la lettura e l&#8217;arte tra i loro coetanei. L&#8217;associazione \u00e8 nata con l&#8217;obiettivo di creare un punto di incontro per i giovani, un luogo dove poter condividere idee, passioni e interessi.<br><\/p>\n\n\n\n<p class=\"has-text-align-left\">Un evento da non perdere<br>Durante l&#8217;evento, i finalisti avranno l&#8217;opportunit\u00e0 di presentare le loro foto alla giuria e al pubblico, condividendo le emozioni e le storie che si celano dietro ogni scatto.<br><\/p>\n\n\n\n<p class=\"has-text-align-left\">Un premio speciale per il vincitore<\/p>\n\n\n\n<p class=\"has-text-align-left\">Il vincitore del concorso sar\u00e0 premiato con un buono del valore di 200\u20ac da utilizzare per l&#8217;acquisto di libri, musica e altri prodotti culturali. Un riconoscimento speciale per il talento e la creativit\u00e0 dimostrati nel saper catturare la magia del Natale.<br><\/p>\n\n\n\n<p class=\"has-text-align-left\">Vi aspettiamo numerosi!<\/p>\n\n\n\n<p class=\"has-text-align-left\"><br>Il Caf\u00e9 Letterario invita tutti a partecipare alla premiazione del concorso &#8220;Scatti di Cioccolato&#8221;. Sar\u00e0 un&#8217;occasione speciale per celebrare insieme la bellezza del Natale e per scoprire il talento dei giovani fotografi del nostro paese.<br>Non mancate!<\/p>\n\n\n\n<p class=\"has-text-align-left\">Il Team del Caf\u00e9 Letterario<\/p>\n\n\n\n<figure class=\"wp-block-image size-large\"><img decoding=\"async\" src=\"https:\/\/acquaviva.lavocedelpaese.info\/wp-content\/uploads\/2025\/02\/480672146_1186143106845197_5676697503312209245_n-1024x898.jpg\" alt=\"\" class=\"wp-image-5311\" \/><\/figure>\n","protected":false},"excerpt":{"rendered":"<p>Il prossimo 21 febbraio alle 18.00 ad Acquaviva delle Fonti celebreremo la magia del Natale con la premiazione del concorso<\/p>\n","protected":false},"author":4,"featured_media":5311,"comment_status":"open","ping_status":"closed","sticky":false,"template":"","format":"standard","meta":{"colormag_page_container_layout":"default_layout","colormag_page_sidebar_layout":"default_layout","_monsterinsights_skip_tracking":false,"_monsterinsights_sitenote_active":false,"_monsterinsights_sitenote_note":"","_monsterinsights_sitenote_category":0,"footnotes":""},"categories":[6,33],"tags":[],"class_list":["post-5310","post","type-post","status-publish","format-standard","has-post-thumbnail","hentry","category-eventi","category-spalla"],"_links":{"self":[{"href":"https:\/\/acquaviva.lavocedelpaese.info\/index.php\/wp-json\/wp\/v2\/posts\/5310","targetHints":{"allow":["GET"]}}],"collection":[{"href":"https:\/\/acquaviva.lavocedelpaese.info\/index.php\/wp-json\/wp\/v2\/posts"}],"about":[{"href":"https:\/\/acquaviva.lavocedelpaese.info\/index.php\/wp-json\/wp\/v2\/types\/post"}],"author":[{"embeddable":true,"href":"https:\/\/acquaviva.lavocedelpaese.info\/index.php\/wp-json\/wp\/v2\/users\/4"}],"replies":[{"embeddable":true,"href":"https:\/\/acquaviva.lavocedelpaese.info\/index.php\/wp-json\/wp\/v2\/comments?post=5310"}],"version-history":[{"count":1,"href":"https:\/\/acquaviva.lavocedelpaese.info\/index.php\/wp-json\/wp\/v2\/posts\/5310\/revisions"}],"predecessor-version":[{"id":5312,"href":"https:\/\/acquaviva.lavocedelpaese.info\/index.php\/wp-json\/wp\/v2\/posts\/5310\/revisions\/5312"}],"wp:featuredmedia":[{"embeddable":true,"href":"https:\/\/acquaviva.lavocedelpaese.info\/index.php\/wp-json\/wp\/v2\/media\/5311"}],"wp:attachment":[{"href":"https:\/\/acquaviva.lavocedelpaese.info\/index.php\/wp-json\/wp\/v2\/media?parent=5310"}],"wp:term":[{"taxonomy":"category","embeddable":true,"href":"https:\/\/acquaviva.lavocedelpaese.info\/index.php\/wp-json\/wp\/v2\/categories?post=5310"},{"taxonomy":"post_tag","embeddable":true,"href":"https:\/\/acquaviva.lavocedelpaese.info\/index.php\/wp-json\/wp\/v2\/tags?post=5310"}],"curies":[{"name":"wp","href":"https:\/\/api.w.org\/{rel}","templated":true}]}}