{"id":5285,"date":"2025-02-14T18:34:00","date_gmt":"2025-02-14T18:34:00","guid":{"rendered":"https:\/\/acquaviva.lavocedelpaese.info\/?p=5285"},"modified":"2025-02-17T04:38:04","modified_gmt":"2025-02-17T04:38:04","slug":"leta-sperimentale-di-erri-de-luca","status":"publish","type":"post","link":"https:\/\/acquaviva.lavocedelpaese.info\/index.php\/2025\/02\/14\/leta-sperimentale-di-erri-de-luca\/","title":{"rendered":"L&#8217;et\u00e0 sperimentale di Erri De Luca"},"content":{"rendered":"\n<p>La Pro Loco Curtomartino assieme a Mondadori Bookstore di Acquaviva delle Fonti, con il patrocinio del Comune di Acquaviva delle Fonti, \u00e8 lieta di ospitare uno dei pi\u00f9 importanti scrittori italiani degli ultimi decenni, Erri De Luca<\/p>\n\n\n\n<p>Una sinergia con la Mondadori Bookstore, che ha visto, nella scorsa estate, la presenza di altri numerosi autori, come Roberto Emanuelli, Filippo Ceccarelli, Francesco Carofiglio e Lorenza Gentile.<\/p>\n\n\n\n<p>La presentazione dell\u2019ultimo lavoro di Erri De Luca \u201cL\u2019et\u00e0 sperimentale\u201d edito da Feltrinelli si svolger\u00e0 il 3 marzo alle ore 18:30 presso il Teatro Comunale Luciani.<\/p>\n\n\n\n<p>\u2014-<\/p>\n\n\n\n<p>Erri De Luca<br>L\u2019esordio come scrittore avviene nel 1989, quando, all\u2019et\u00e0 di 40 anni, pubblica il suo primo libro, Non ora, non qui, in cui rievoca gli anni dell\u2019infanzia trascorsa nella sua Napoli. Da quel momento De Luca pubblica, sempre con successo, opere di narrativa che saranno tradotte in oltre 30 lingue.<\/p>\n\n\n\n<p>Si tratta di uno scrittore da sempre fortemente impegnato dal punto di vista sociale. Molto prolifica anche la sua produzione giornalistica, con editoriali sulle principali testate italiane e articoli sulla montagna, di cui lo scrittore \u00e8 particolare amante e conoscitore (e non ci riferiamo a semplici passeggiate: ha partecipato anche a una spedizione sull\u2019Himalaya).<\/p>\n\n\n\n<p>L&#8217;Et\u00e0 sperimentale<br>Grazie anche al contrappunto di Ines de la Fressange, celebre stilista e amica dell\u2019autore, L\u2019et\u00e0 sperimentale \u00e8 un libro e al tempo stesso un\u2019occasione, per scoprire quante possibilit\u00e0 racchiude la terza et\u00e0 \u2013 ciascuno trovi la propria, e De Luca ne cita molte \u2013, e tutto il vantaggio di aver guadagnato \u201clo slancio del tempo accumulato, potente catapulta del participio passato del verbo passare\u201d.<\/p>\n\n\n\n<p>\u201c\u00c8 un\u2019et\u00e0 sperimentale. Ho la strana sensazione che nessuno \u00e8 stato vecchio prima di me. La vecchiaia di chi mi ha preceduto non mi fa da modello e non mi prepara a niente. Per il corpo di ognuno, quando succede \u00e8 per la prima volta.\u201d<\/p>\n\n\n\n<p>Marchio: Giangiacomo Feltrinelli<br>Data d\u2019uscita: 12 Novembre 2024<br>Collana: I Narratori<br>Pagine: 128<\/p>\n\n\n\n<p>Sar\u00e0 possibile acquistare il ticket di ingresso con posto a sedere numerato al costo di&nbsp;<strong>\u20ac 5,00 + \u20ac 1,00 di prevendita<\/strong>&nbsp;presso l\u2019<strong>Info Point Turistico di Acquaviva delle Fonti (P.zza Maria SS. di Costantinopoli 16) dal luned\u00ec al mercoled\u00ec 16:00-20:00 e dal gioved\u00ec alla domenica 09:00-13:00 e 16:00-20:00<\/strong>, telefonicamente o su whatsapp al&nbsp;<a href=\"http:\/\/wa.me\/393923369394\">392.3369394<\/a>.<\/p>\n\n\n\n<p>\u2014-<\/p>\n\n\n\n<p>Informazioni e Prenotazioni:<br>Info-Point Turistico di Acquaviva delle Fonti<br>P.zza Maria SS. di Costantinopoli 16 \u2013 Acquaviva delle Fonti<br>&nbsp;Da giovedi alla domenica | 09:00-13:00 e 16:00-20:00<br>&nbsp;<a href=\"http:\/\/wa.me\/393923369394\">+39.392.3369394<\/a>&nbsp;(tel.\/Whatsapp) \u2022&nbsp;&nbsp;<a href=\"mailto:infopoint.acquaviva@gmail.com\">infopoint.acquaviva@gmail.com<\/a><\/p>\n\n\n\n<figure class=\"wp-block-image size-full\"><img decoding=\"async\" width=\"566\" height=\"800\" src=\"https:\/\/acquaviva.lavocedelpaese.info\/wp-content\/uploads\/2025\/02\/0d48b490-c874-4b98-8729-b57c09afb921.jpg\" alt=\"\" class=\"wp-image-5286\" srcset=\"https:\/\/acquaviva.lavocedelpaese.info\/wp-content\/uploads\/2025\/02\/0d48b490-c874-4b98-8729-b57c09afb921.jpg 566w, https:\/\/acquaviva.lavocedelpaese.info\/wp-content\/uploads\/2025\/02\/0d48b490-c874-4b98-8729-b57c09afb921-212x300.jpg 212w\" sizes=\"(max-width: 566px) 100vw, 566px\" \/><\/figure>\n","protected":false},"excerpt":{"rendered":"<p>La Pro Loco Curtomartino assieme a Mondadori Bookstore di Acquaviva delle Fonti, con il patrocinio del Comune di Acquaviva delle<\/p>\n","protected":false},"author":4,"featured_media":5287,"comment_status":"open","ping_status":"closed","sticky":false,"template":"","format":"standard","meta":{"colormag_page_container_layout":"default_layout","colormag_page_sidebar_layout":"default_layout","_monsterinsights_skip_tracking":false,"_monsterinsights_sitenote_active":false,"_monsterinsights_sitenote_note":"","_monsterinsights_sitenote_category":0,"footnotes":""},"categories":[5,6,33],"tags":[],"class_list":["post-5285","post","type-post","status-publish","format-standard","has-post-thumbnail","hentry","category-cultura","category-eventi","category-spalla"],"_links":{"self":[{"href":"https:\/\/acquaviva.lavocedelpaese.info\/index.php\/wp-json\/wp\/v2\/posts\/5285","targetHints":{"allow":["GET"]}}],"collection":[{"href":"https:\/\/acquaviva.lavocedelpaese.info\/index.php\/wp-json\/wp\/v2\/posts"}],"about":[{"href":"https:\/\/acquaviva.lavocedelpaese.info\/index.php\/wp-json\/wp\/v2\/types\/post"}],"author":[{"embeddable":true,"href":"https:\/\/acquaviva.lavocedelpaese.info\/index.php\/wp-json\/wp\/v2\/users\/4"}],"replies":[{"embeddable":true,"href":"https:\/\/acquaviva.lavocedelpaese.info\/index.php\/wp-json\/wp\/v2\/comments?post=5285"}],"version-history":[{"count":2,"href":"https:\/\/acquaviva.lavocedelpaese.info\/index.php\/wp-json\/wp\/v2\/posts\/5285\/revisions"}],"predecessor-version":[{"id":5289,"href":"https:\/\/acquaviva.lavocedelpaese.info\/index.php\/wp-json\/wp\/v2\/posts\/5285\/revisions\/5289"}],"wp:featuredmedia":[{"embeddable":true,"href":"https:\/\/acquaviva.lavocedelpaese.info\/index.php\/wp-json\/wp\/v2\/media\/5287"}],"wp:attachment":[{"href":"https:\/\/acquaviva.lavocedelpaese.info\/index.php\/wp-json\/wp\/v2\/media?parent=5285"}],"wp:term":[{"taxonomy":"category","embeddable":true,"href":"https:\/\/acquaviva.lavocedelpaese.info\/index.php\/wp-json\/wp\/v2\/categories?post=5285"},{"taxonomy":"post_tag","embeddable":true,"href":"https:\/\/acquaviva.lavocedelpaese.info\/index.php\/wp-json\/wp\/v2\/tags?post=5285"}],"curies":[{"name":"wp","href":"https:\/\/api.w.org\/{rel}","templated":true}]}}