{"id":5282,"date":"2025-02-14T19:26:00","date_gmt":"2025-02-14T19:26:00","guid":{"rendered":"https:\/\/acquaviva.lavocedelpaese.info\/?p=5282"},"modified":"2025-02-17T04:29:40","modified_gmt":"2025-02-17T04:29:40","slug":"inaugurazione-del-cohousing-libellula","status":"publish","type":"post","link":"https:\/\/acquaviva.lavocedelpaese.info\/index.php\/2025\/02\/14\/inaugurazione-del-cohousing-libellula\/","title":{"rendered":"Inaugurazione del cohousing &#8220;Libellula&#8221;"},"content":{"rendered":"\n<p>L\ud835\udc2e\ud835\udc27\ud835\udc1e\ud835\udc1d\ud835\udc22\u0300 \ud835\udfcf\ud835\udfd5 \ud835\udc1f\ud835\udc1e\ud835\udc1b\ud835\udc1b\ud835\udc2b\ud835\udc1a\ud835\udc22\ud835\udc28 \ud835\udc1a\ud835\udc25\ud835\udc25\ud835\udc1e \ud835\udc28\ud835\udc2b\ud835\udc1e \ud835\udfcf\ud835\udfd4.\ud835\udfce\ud835\udfce \ud835\udc1e\ud835\udc1d \ud835\udc1a\ud835\udc25\ud835\udc25\ud835\udc1e \ud835\udc28\ud835\udc2b\ud835\udc1e \ud835\udfcf\ud835\udfd6.\ud835\udfce\ud835\udfce \ud835\udc25\ud835\udc1a \ud835\udc27\ud835\udc28\ud835\udc2c\ud835\udc2d\ud835\udc2b\ud835\udc1a \ud835\udc1c\ud835\udc28\ud835\udc26\ud835\udc2e\ud835\udc27\ud835\udc22\ud835\udc2d\ud835\udc1a\u0300 \ud835\udc21\ud835\udc1a \ud835\udc1d\ud835\udc2e\ud835\udc1e \ud835\udc22\ud835\udc26\ud835\udc29\ud835\udc28\ud835\udc2b\ud835\udc2d\ud835\udc1a\ud835\udc27\ud835\udc2d\ud835\udc22 \ud835\udc26\ud835\udc28\ud835\udc26\ud835\udc1e\ud835\udc27\ud835\udc2d\ud835\udc22 \ud835\udc1d\ud835\udc1a \ud835\udc2f\ud835\udc22\ud835\udc2f\ud835\udc1e\ud835\udc2b\ud835\udc1e, \ud835\udc08\ud835\udc0d\ud835\udc12\ud835\udc08\ud835\udc04\ud835\udc0c\ud835\udc04.<\/p>\n\n\n\n<p>\ud835\udc08\ud835\udc27\ud835\udc2f\ud835\udc22\ud835\udc2d\ud835\udc22\ud835\udc1a\ud835\udc26\ud835\udc28 \ud835\udc1a \ud835\udc29\ud835\udc1a\ud835\udc2b\ud835\udc2d\ud835\udc1e\ud835\udc1c\ud835\udc22\ud835\udc29\ud835\udc1a\ud835\udc2b\ud835\udc1e \ud835\udc25\ud835\udc1a \ud835\udc1c\ud835\udc22\ud835\udc2d\ud835\udc2d\ud835\udc1a\ud835\udc1d\ud835\udc22\ud835\udc27\ud835\udc1a\ud835\udc27\ud835\udc33\ud835\udc1a \ud835\udc1e \ud835\udc2d\ud835\udc2e\ud835\udc2d\ud835\udc2d\ud835\udc1e \ud835\udc25\ud835\udc1e \ud835\udc1a\ud835\udc2c\ud835\udc2c\ud835\udc28\ud835\udc1c\ud835\udc22\ud835\udc1a\ud835\udc33\ud835\udc22\ud835\udc28\ud835\udc27\ud835\udc22 \ud835\udc25\ud835\udc28\ud835\udc1c\ud835\udc1a\ud835\udc25\ud835\udc22.<\/p>\n\n\n\n<p>Il Comune di Acquaviva delle Fonti ha organizzato l&#8217;\ud835\udc1a\ud835\udc29\ud835\udc1e\ud835\udc2b\ud835\udc2d\ud835\udc2e\ud835\udc2b\ud835\udc1a \ud835\udc1d\ud835\udc1e\ud835\udc25 \ud835\udc1c\ud835\udc28\ud835\udc21\ud835\udc28\ud835\udc2e\ud835\udc2c\ud835\udc22\ud835\udc27\ud835\udc20 \u201c\ud835\udc0b\ud835\udc22\ud835\udc1b\ud835\udc1e\ud835\udc25\ud835\udc25\ud835\udc2e\ud835\udc25\ud835\udc1a\u201d, \ud835\udc2e\ud835\udc27 \ud835\udc29\ud835\udc2b\ud835\udc28\ud835\udc20\ud835\udc1e\ud835\udc2d\ud835\udc2d\ud835\udc28 \ud835\udc22\ud835\udc27\ud835\udc27\ud835\udc28\ud835\udc2f\ud835\udc1a\ud835\udc2d\ud835\udc22\ud835\udc2f\ud835\udc28 \ud835\udc27\ud835\udc1a\ud835\udc2d\ud835\udc28 \ud835\udc29\ud835\udc1e\ud835\udc2b \ud835\udc28\ud835\udc1f\ud835\udc1f\ud835\udc2b\ud835\udc22\ud835\udc2b\ud835\udc1e \ud835\udc1a\ud835\udc1c\ud835\udc1c\ud835\udc28\ud835\udc20\ud835\udc25\ud835\udc22\ud835\udc1e\ud835\udc27\ud835\udc33\ud835\udc1a \ud835\udc1e \ud835\udc2c\ud835\udc2e\ud835\udc29\ud835\udc29\ud835\udc28\ud835\udc2b\ud835\udc2d\ud835\udc28 \ud835\udc1a\ud835\udc25\ud835\udc25\ud835\udc1e \ud835\udc1d\ud835\udc28\ud835\udc27\ud835\udc27\ud835\udc1e \ud835\udc2f\ud835\udc22\ud835\udc2d\ud835\udc2d\ud835\udc22\ud835\udc26\ud835\udc1e \ud835\udc1d\ud835\udc22 \ud835\udc2f\ud835\udc22\ud835\udc28\ud835\udc25\ud835\udc1e\ud835\udc27\ud835\udc33\ud835\udc1a \ud835\udc1e \ud835\udc1a\ud835\udc22 \ud835\udc25\ud835\udc28\ud835\udc2b\ud835\udc28 \ud835\udc1f\ud835\udc22\ud835\udc20\ud835\udc25\ud835\udc22. L\u2019evento si terr\u00e0:<\/p>\n\n\n\n<p> \ud835\udc0b\ud835\udc2e\ud835\udc27\ud835\udc1e\ud835\udc1d\ud835\udc22\u0300 \ud835\udfcf\ud835\udfd5 \ud835\udc1f\ud835\udc1e\ud835\udc1b\ud835\udc1b\ud835\udc2b\ud835\udc1a\ud835\udc22\ud835\udc28<\/p>\n\n\n\n<p> \ud835\udc15\ud835\udc22\ud835\udc1a \ud835\udc06\ud835\udc22\ud835\udc1a\ud835\udc27 \ud835\udc01\ud835\udc1a\ud835\udc2d\ud835\udc2d\ud835\udc22\ud835\udc2c\ud835\udc2d\ud835\udc1a \ud835\udc15\ud835\udc22\ud835\udc1c\ud835\udc28, \ud835\udc00\ud835\udc1c\ud835\udc2a\ud835\udc2e\ud835\udc1a\ud835\udc2f\ud835\udc22\ud835\udc2f\ud835\udc1a \ud835\udc1d\ud835\udc1e\ud835\udc25\ud835\udc25\ud835\udc1e \ud835\udc05\ud835\udc28\ud835\udc27\ud835\udc2d\ud835\udc22<\/p>\n\n\n\n<p> \ud835\udc0e\ud835\udc2b\ud835\udc1e \ud835\udfcf\ud835\udfd4:\ud835\udfce\ud835\udfce<\/p>\n\n\n\n<p>Il cohousing \u201cLibellula\u201d sorge in un immobile confiscato alla criminalit\u00e0 e restituito alla comunit\u00e0, trasformandosi in un simbolo di legalit\u00e0, riscatto e speranza. All\u2019inaugurazione saranno presenti autorit\u00e0 religiose, civili, militari e rappresentanti delle istituzioni territoriali.<\/p>\n\n\n\n<p>A seguire, alle \ud835\udc28\ud835\udc2b\ud835\udc1e \ud835\udfcf\ud835\udfd6:\ud835\udfce\ud835\udfce \ud835\udc27\ud835\udc1e\ud835\udc25\ud835\udc25\ud835\udc1a \ud835\udc2c\ud835\udc1a\ud835\udc25\ud835\udc1a \u201c\ud835\udc02.\ud835\udc02\ud835\udc28\ud835\udc25\ud835\udc1a\ud835\udc1f\ud835\udc1e\ud835\udc26\ud835\udc26\ud835\udc22\ud835\udc27\ud835\udc1a\u201d \ud835\udc1d\ud835\udc1e\ud835\udc25 \ud835\udc0f\ud835\udc1a\ud835\udc25\ud835\udc1a\ud835\udc33\ud835\udc33\ud835\udc28 \ud835\udc02\ud835\udc28\ud835\udc26\ud835\udc2e\ud835\udc27\ud835\udc1a\ud835\udc25\ud835\udc1e, \ud835\udc2c\ud835\udc22 \ud835\udc2d\ud835\udc1e\ud835\udc2b\ud835\udc2b\ud835\udc1a\u0300 \ud835\udc25\u2019\ud835\udc22\ud835\udc27\ud835\udc1c\ud835\udc28\ud835\udc27\ud835\udc2d\ud835\udc2b\ud835\udc28 \u201c\ud835\udc03\ud835\udc1a \ud835\udc1b\ud835\udc1e\ud835\udc27\ud835\udc1e \ud835\udc1c\ud835\udc28\ud835\udc27\ud835\udc1f\ud835\udc22\ud835\udc2c\ud835\udc1c\ud835\udc1a\ud835\udc2d\ud835\udc28 \ud835\udc1a \ud835\udc1b\ud835\udc1e\ud835\udc27\ud835\udc1e \ud835\udc2b\ud835\udc22\ud835\udc2e\ud835\udc2d\ud835\udc22\ud835\udc25\ud835\udc22\ud835\udc33\ud835\udc33\ud835\udc1a\ud835\udc2d\ud835\udc28 \ud835\udc1a\ud835\udc25 \ud835\udc1b\ud835\udc1e\ud835\udc27\ud835\udc1e \ud835\udc1c\ud835\udc28\ud835\udc26\ud835\udc2e\ud835\udc27\ud835\udc1e\u201d, un momento di confronto tra istituzioni e associazioni per promuovere il valore sociale del riutilizzo dei beni confiscati.<\/p>\n\n\n\n<p><a href=\"https:\/\/www.facebook.com\/hashtag\/amministrazionelenoci?__eep__=6&amp;__cft__[0]=AZXzBD2tBZUJ3EivMmu1byKfZUYaiKDFAjZxPCm4S8ofn0PptC-ivKpJJ1SXINgM3-fDDX13Ds5barC_QIYxNiyt5t1k9sVaOv3Gj3U05Uma0zhlHPxn4XKr4bdHj2SQVAXLZR1X4iCRM7aBR_Pb6xie9CL1Q2rnOcjWwihFfBeshQ&amp;__tn__=*NK-R\">#AmministrazioneLenoci<\/a><\/p>\n\n\n\n<p><a href=\"https:\/\/www.facebook.com\/hashtag\/acquavivadellefonti?__eep__=6&amp;__cft__[0]=AZXzBD2tBZUJ3EivMmu1byKfZUYaiKDFAjZxPCm4S8ofn0PptC-ivKpJJ1SXINgM3-fDDX13Ds5barC_QIYxNiyt5t1k9sVaOv3Gj3U05Uma0zhlHPxn4XKr4bdHj2SQVAXLZR1X4iCRM7aBR_Pb6xie9CL1Q2rnOcjWwihFfBeshQ&amp;__tn__=*NK-R\">#acquavivadellefonti<\/a><\/p>\n\n\n\n<p><a href=\"https:\/\/www.facebook.com\/hashtag\/beniconfiscati?__eep__=6&amp;__cft__[0]=AZXzBD2tBZUJ3EivMmu1byKfZUYaiKDFAjZxPCm4S8ofn0PptC-ivKpJJ1SXINgM3-fDDX13Ds5barC_QIYxNiyt5t1k9sVaOv3Gj3U05Uma0zhlHPxn4XKr4bdHj2SQVAXLZR1X4iCRM7aBR_Pb6xie9CL1Q2rnOcjWwihFfBeshQ&amp;__tn__=*NK-R\">#beniconfiscati<\/a><\/p>\n\n\n\n<p><\/p>\n\n\n\n<figure class=\"wp-block-image size-full\"><img decoding=\"async\" src=\"https:\/\/acquaviva.lavocedelpaese.info\/wp-content\/uploads\/2025\/02\/480151482_122239033928023606_2406917375050882907_n.jpg\" alt=\"\" class=\"wp-image-5283\" \/><\/figure>\n","protected":false},"excerpt":{"rendered":"<p>L\ud835\udc2e\ud835\udc27\ud835\udc1e\ud835\udc1d\ud835\udc22\u0300 \ud835\udfcf\ud835\udfd5 \ud835\udc1f\ud835\udc1e\ud835\udc1b\ud835\udc1b\ud835\udc2b\ud835\udc1a\ud835\udc22\ud835\udc28 \ud835\udc1a\ud835\udc25\ud835\udc25\ud835\udc1e \ud835\udc28\ud835\udc2b\ud835\udc1e \ud835\udfcf\ud835\udfd4.\ud835\udfce\ud835\udfce \ud835\udc1e\ud835\udc1d \ud835\udc1a\ud835\udc25\ud835\udc25\ud835\udc1e \ud835\udc28\ud835\udc2b\ud835\udc1e \ud835\udfcf\ud835\udfd6.\ud835\udfce\ud835\udfce \ud835\udc25\ud835\udc1a \ud835\udc27\ud835\udc28\ud835\udc2c\ud835\udc2d\ud835\udc2b\ud835\udc1a \ud835\udc1c\ud835\udc28\ud835\udc26\ud835\udc2e\ud835\udc27\ud835\udc22\ud835\udc2d\ud835\udc1a\u0300 \ud835\udc21\ud835\udc1a \ud835\udc1d\ud835\udc2e\ud835\udc1e \ud835\udc22\ud835\udc26\ud835\udc29\ud835\udc28\ud835\udc2b\ud835\udc2d\ud835\udc1a\ud835\udc27\ud835\udc2d\ud835\udc22 \ud835\udc26\ud835\udc28\ud835\udc26\ud835\udc1e\ud835\udc27\ud835\udc2d\ud835\udc22 \ud835\udc1d\ud835\udc1a \ud835\udc2f\ud835\udc22\ud835\udc2f\ud835\udc1e\ud835\udc2b\ud835\udc1e, \ud835\udc08\ud835\udc0d\ud835\udc12\ud835\udc08\ud835\udc04\ud835\udc0c\ud835\udc04.<\/p>\n","protected":false},"author":4,"featured_media":5283,"comment_status":"open","ping_status":"closed","sticky":false,"template":"","format":"standard","meta":{"colormag_page_container_layout":"default_layout","colormag_page_sidebar_layout":"default_layout","_monsterinsights_skip_tracking":false,"_monsterinsights_sitenote_active":false,"_monsterinsights_sitenote_note":"","_monsterinsights_sitenote_category":0,"footnotes":""},"categories":[2,28],"tags":[],"class_list":["post-5282","post","type-post","status-publish","format-standard","has-post-thumbnail","hentry","category-attualita","category-primo-piano"],"_links":{"self":[{"href":"https:\/\/acquaviva.lavocedelpaese.info\/index.php\/wp-json\/wp\/v2\/posts\/5282","targetHints":{"allow":["GET"]}}],"collection":[{"href":"https:\/\/acquaviva.lavocedelpaese.info\/index.php\/wp-json\/wp\/v2\/posts"}],"about":[{"href":"https:\/\/acquaviva.lavocedelpaese.info\/index.php\/wp-json\/wp\/v2\/types\/post"}],"author":[{"embeddable":true,"href":"https:\/\/acquaviva.lavocedelpaese.info\/index.php\/wp-json\/wp\/v2\/users\/4"}],"replies":[{"embeddable":true,"href":"https:\/\/acquaviva.lavocedelpaese.info\/index.php\/wp-json\/wp\/v2\/comments?post=5282"}],"version-history":[{"count":1,"href":"https:\/\/acquaviva.lavocedelpaese.info\/index.php\/wp-json\/wp\/v2\/posts\/5282\/revisions"}],"predecessor-version":[{"id":5284,"href":"https:\/\/acquaviva.lavocedelpaese.info\/index.php\/wp-json\/wp\/v2\/posts\/5282\/revisions\/5284"}],"wp:featuredmedia":[{"embeddable":true,"href":"https:\/\/acquaviva.lavocedelpaese.info\/index.php\/wp-json\/wp\/v2\/media\/5283"}],"wp:attachment":[{"href":"https:\/\/acquaviva.lavocedelpaese.info\/index.php\/wp-json\/wp\/v2\/media?parent=5282"}],"wp:term":[{"taxonomy":"category","embeddable":true,"href":"https:\/\/acquaviva.lavocedelpaese.info\/index.php\/wp-json\/wp\/v2\/categories?post=5282"},{"taxonomy":"post_tag","embeddable":true,"href":"https:\/\/acquaviva.lavocedelpaese.info\/index.php\/wp-json\/wp\/v2\/tags?post=5282"}],"curies":[{"name":"wp","href":"https:\/\/api.w.org\/{rel}","templated":true}]}}