{"id":5252,"date":"2025-01-29T18:45:00","date_gmt":"2025-01-29T18:45:00","guid":{"rendered":"https:\/\/acquaviva.lavocedelpaese.info\/?p=5252"},"modified":"2025-02-02T09:28:17","modified_gmt":"2025-02-02T09:28:17","slug":"nuova-coordinatrice-per-il-piano-sociale-di-zona","status":"publish","type":"post","link":"https:\/\/acquaviva.lavocedelpaese.info\/index.php\/2025\/01\/29\/nuova-coordinatrice-per-il-piano-sociale-di-zona\/","title":{"rendered":"Nuova Coordinatrice per il Piano Sociale di Zona"},"content":{"rendered":"\n<p><\/p>\n\n\n\n<p><em>La dr.ssa Paola Abbrescia \u00e8 la nuova coordinatrice del Piano Sociale di Zona.<\/em><\/p>\n\n\n\n<p><em>Ad annunciarlo \u00e8 stato il sindaco di Acquaviva delle Fonti avv. Marco Lenoci:<\/em><\/p>\n\n\n\n<p>\u201c<em>Con grande piacere che vi informo della nomina della dr.ssa Paola Abbrescia come nuova coordinatrice del Piano Sociale di Zona.<\/em><\/p>\n\n\n\n<p>La sua esperienza e dedizione saranno risorse preziose nel guidare e implementare le strategie di intervento sociale nella nostra comunit\u00e0.<\/p>\n\n\n\n<p>La dr.ssa Abbrescia avr\u00e0 il supporto continuativo del servizio sociale professionale di ogni comune e degli uffici Pua, garantendo cos\u00ec una gestione efficace e sensibile delle necessit\u00e0 sociali del nostro territorio.<\/p>\n\n\n\n<p><em>Il nostro auspicio, che con me condivide anche l&#8217;Assessora alle \u00e9politiche Sociali Imma Morano, \u00e8 che si possano affrontare subito le sfide pi\u00f9 complesse e promuovere il benessere dei nostri cittadini.<\/em><\/p>\n\n\n\n<p>Congratulazioni dr.ssa Abbrescia, la ringraziamo sin d&#8217;ora per il suo impegno a favore della nostra comunit\u00e0!\u201d<\/p>\n\n\n\n<p><\/p>\n\n\n\n<figure class=\"wp-block-image size-full\"><img decoding=\"async\" src=\"https:\/\/acquaviva.lavocedelpaese.info\/wp-content\/uploads\/2025\/02\/475335658_557195133987978_8919899577017144996_n.jpg\" alt=\"\" class=\"wp-image-5254\" \/><\/figure>\n\n\n\n<figure class=\"wp-block-image size-full\"><img decoding=\"async\" width=\"349\" height=\"330\" src=\"https:\/\/acquaviva.lavocedelpaese.info\/wp-content\/uploads\/2025\/02\/304180216_415813117317315_122288332487497885_n.jpg\" alt=\"\" class=\"wp-image-5253\" srcset=\"https:\/\/acquaviva.lavocedelpaese.info\/wp-content\/uploads\/2025\/02\/304180216_415813117317315_122288332487497885_n.jpg 349w, https:\/\/acquaviva.lavocedelpaese.info\/wp-content\/uploads\/2025\/02\/304180216_415813117317315_122288332487497885_n-300x284.jpg 300w\" sizes=\"(max-width: 349px) 100vw, 349px\" \/><\/figure>\n\n\n\n<p><\/p>\n","protected":false},"excerpt":{"rendered":"<p>La dr.ssa Paola Abbrescia \u00e8 la nuova coordinatrice del Piano Sociale di Zona. Ad annunciarlo \u00e8 stato il sindaco di<\/p>\n","protected":false},"author":4,"featured_media":5254,"comment_status":"open","ping_status":"closed","sticky":false,"template":"","format":"standard","meta":{"colormag_page_container_layout":"default_layout","colormag_page_sidebar_layout":"default_layout","_monsterinsights_skip_tracking":false,"_monsterinsights_sitenote_active":false,"_monsterinsights_sitenote_note":"","_monsterinsights_sitenote_category":0,"footnotes":""},"categories":[2,33],"tags":[],"class_list":["post-5252","post","type-post","status-publish","format-standard","has-post-thumbnail","hentry","category-attualita","category-spalla"],"_links":{"self":[{"href":"https:\/\/acquaviva.lavocedelpaese.info\/index.php\/wp-json\/wp\/v2\/posts\/5252","targetHints":{"allow":["GET"]}}],"collection":[{"href":"https:\/\/acquaviva.lavocedelpaese.info\/index.php\/wp-json\/wp\/v2\/posts"}],"about":[{"href":"https:\/\/acquaviva.lavocedelpaese.info\/index.php\/wp-json\/wp\/v2\/types\/post"}],"author":[{"embeddable":true,"href":"https:\/\/acquaviva.lavocedelpaese.info\/index.php\/wp-json\/wp\/v2\/users\/4"}],"replies":[{"embeddable":true,"href":"https:\/\/acquaviva.lavocedelpaese.info\/index.php\/wp-json\/wp\/v2\/comments?post=5252"}],"version-history":[{"count":1,"href":"https:\/\/acquaviva.lavocedelpaese.info\/index.php\/wp-json\/wp\/v2\/posts\/5252\/revisions"}],"predecessor-version":[{"id":5255,"href":"https:\/\/acquaviva.lavocedelpaese.info\/index.php\/wp-json\/wp\/v2\/posts\/5252\/revisions\/5255"}],"wp:featuredmedia":[{"embeddable":true,"href":"https:\/\/acquaviva.lavocedelpaese.info\/index.php\/wp-json\/wp\/v2\/media\/5254"}],"wp:attachment":[{"href":"https:\/\/acquaviva.lavocedelpaese.info\/index.php\/wp-json\/wp\/v2\/media?parent=5252"}],"wp:term":[{"taxonomy":"category","embeddable":true,"href":"https:\/\/acquaviva.lavocedelpaese.info\/index.php\/wp-json\/wp\/v2\/categories?post=5252"},{"taxonomy":"post_tag","embeddable":true,"href":"https:\/\/acquaviva.lavocedelpaese.info\/index.php\/wp-json\/wp\/v2\/tags?post=5252"}],"curies":[{"name":"wp","href":"https:\/\/api.w.org\/{rel}","templated":true}]}}