{"id":5184,"date":"2024-12-30T17:40:00","date_gmt":"2024-12-30T17:40:00","guid":{"rendered":"https:\/\/acquaviva.lavocedelpaese.info\/?p=5184"},"modified":"2025-01-01T17:28:31","modified_gmt":"2025-01-01T17:28:31","slug":"incanto-christmas-show-radio-100","status":"publish","type":"post","link":"https:\/\/acquaviva.lavocedelpaese.info\/index.php\/2024\/12\/30\/incanto-christmas-show-radio-100\/","title":{"rendered":"InCanto Christmas Show &#8211; Radio 100"},"content":{"rendered":"\n<p><\/p>\n\n\n\n<h1 class=\"wp-block-heading\"><\/h1>\n\n\n\n<p>Torna InCanto Christmas Show l\u2019appuntamento annuale legato al Natale e alla Solidariet\u00e0 a cura di\u00a0<strong>Natalizia Carone<\/strong><br><br>Giunta alla 9^ edizione l&#8217;<strong>InCanto Christmas Show &#8211; Radio <\/strong>\u00e8 l&#8217;edizione 2024 in occasione dei 100 anni della Radio.<br><br>L&#8217;evento \u00e8 patrocinato dal Comune di Acquaviva delle Fonti, dalla Citt\u00e0 Metropolitana di Bari e dalla Regione Puglia.<br>Organizzato in seno all&#8217;<strong>Ass. MUSInCanto<\/strong>\u00a0e al\u00a0<strong>Polo Formativo FestivalLab de Mari<\/strong>\u00a0di Acquaviva delle Fonti, l&#8217;evento (sotto la direzione artistica di Natalizia Carone) vede la partecipazione delle Voci della\u00a0<em><strong>Compagnia InCanto<\/strong><\/em>\u00a0costituita da alcuni allievi della\u00a0<strong>Scuola di Canto&amp;Voce<\/strong>\u00a0del\u00a0<em>soprano e coach della voce Natalizia Carone<\/em>.<br>Voci:<br><strong>GIANROCCO ABRUSCI<br>FRANCESCA BRUNO<br>MARIKA LUCIANA D\u2019ELIA<br>ELVIA LAERA<br>ROSANNA MARTIELLI<br>CARLO MILANO<br>MARIANGELA NUZZI<br>PAOLA SCALERA<br>DANIELA SETTE<br>GIUSEPPE SOLAZZO<\/strong><br>con la partecipazione di due\u00a0<em><strong>Special Guest<\/strong><\/em>,\u00a0<strong>MARIA COSTANZA SOLAZZO<\/strong>, in arte\u00a0<strong>MariSol<\/strong>, e l&#8217;attore comico\u00a0<strong>GIUSEPPE GUIDA <\/strong>e la presenza del giovanissimo\u00a0<strong>DOMENICO ABRUSCI<\/strong>\u00a0che affiancher\u00e0 Natalizia Carone nella presentazione dei cantanti della serata.<br>Anche quest&#8217;anno l&#8217;Ass. MUSInCanto ha una\u00a0<em><strong>mission solidale<\/strong><\/em>\u00a0per sostenere con la\u00a0<strong>Lotteria di Solidariet\u00e0<\/strong>\u00a0la \u201c<strong>CASA FAMIGLIA SAN FRANCESCO<\/strong>\u201d di\u00a0<strong>San Giovanni Rotondo nei 40 anni dalla sua fondazione.<\/strong><\/p>\n\n\n\n<p>Appuntamento da non perdere l<strong>uned\u00ec 30 dicembre &#8211; ore 20<\/strong> presso la\u00a0<strong>Sala Colafemmina<\/strong>\u00a0di Palazzo de Mari ad Acquaviva delle Fonti. Ingresso gratuito. <br><br><br>Info<br>www.festivaloperademari.it<br>3383965902<br>Web:\u00a0<a href=\"http:\/\/www.festivaloperademari.it\/\">www.festivaloperademari.it<\/a><\/p>\n\n\n\n<figure class=\"wp-block-image size-full\"><img decoding=\"async\" src=\"https:\/\/acquaviva.lavocedelpaese.info\/wp-content\/uploads\/2025\/01\/285727.jpg\" alt=\"\" class=\"wp-image-5185\" \/><\/figure>\n","protected":false},"excerpt":{"rendered":"<p>Torna InCanto Christmas Show l\u2019appuntamento annuale legato al Natale e alla Solidariet\u00e0 a cura di\u00a0Natalizia Carone Giunta alla 9^ edizione<\/p>\n","protected":false},"author":4,"featured_media":5185,"comment_status":"open","ping_status":"closed","sticky":false,"template":"","format":"standard","meta":{"colormag_page_container_layout":"default_layout","colormag_page_sidebar_layout":"default_layout","_monsterinsights_skip_tracking":false,"_monsterinsights_sitenote_active":false,"_monsterinsights_sitenote_note":"","_monsterinsights_sitenote_category":0,"footnotes":""},"categories":[5,6,28],"tags":[],"class_list":["post-5184","post","type-post","status-publish","format-standard","has-post-thumbnail","hentry","category-cultura","category-eventi","category-primo-piano"],"_links":{"self":[{"href":"https:\/\/acquaviva.lavocedelpaese.info\/index.php\/wp-json\/wp\/v2\/posts\/5184","targetHints":{"allow":["GET"]}}],"collection":[{"href":"https:\/\/acquaviva.lavocedelpaese.info\/index.php\/wp-json\/wp\/v2\/posts"}],"about":[{"href":"https:\/\/acquaviva.lavocedelpaese.info\/index.php\/wp-json\/wp\/v2\/types\/post"}],"author":[{"embeddable":true,"href":"https:\/\/acquaviva.lavocedelpaese.info\/index.php\/wp-json\/wp\/v2\/users\/4"}],"replies":[{"embeddable":true,"href":"https:\/\/acquaviva.lavocedelpaese.info\/index.php\/wp-json\/wp\/v2\/comments?post=5184"}],"version-history":[{"count":1,"href":"https:\/\/acquaviva.lavocedelpaese.info\/index.php\/wp-json\/wp\/v2\/posts\/5184\/revisions"}],"predecessor-version":[{"id":5186,"href":"https:\/\/acquaviva.lavocedelpaese.info\/index.php\/wp-json\/wp\/v2\/posts\/5184\/revisions\/5186"}],"wp:featuredmedia":[{"embeddable":true,"href":"https:\/\/acquaviva.lavocedelpaese.info\/index.php\/wp-json\/wp\/v2\/media\/5185"}],"wp:attachment":[{"href":"https:\/\/acquaviva.lavocedelpaese.info\/index.php\/wp-json\/wp\/v2\/media?parent=5184"}],"wp:term":[{"taxonomy":"category","embeddable":true,"href":"https:\/\/acquaviva.lavocedelpaese.info\/index.php\/wp-json\/wp\/v2\/categories?post=5184"},{"taxonomy":"post_tag","embeddable":true,"href":"https:\/\/acquaviva.lavocedelpaese.info\/index.php\/wp-json\/wp\/v2\/tags?post=5184"}],"curies":[{"name":"wp","href":"https:\/\/api.w.org\/{rel}","templated":true}]}}