{"id":5158,"date":"2024-12-20T17:16:00","date_gmt":"2024-12-20T17:16:00","guid":{"rendered":"https:\/\/acquaviva.lavocedelpaese.info\/?p=5158"},"modified":"2024-12-22T07:01:17","modified_gmt":"2024-12-22T07:01:17","slug":"acquaviva-il-comune-ottiene-400-mila-euro-per-il-nuovo-canile","status":"publish","type":"post","link":"https:\/\/acquaviva.lavocedelpaese.info\/index.php\/2024\/12\/20\/acquaviva-il-comune-ottiene-400-mila-euro-per-il-nuovo-canile\/","title":{"rendered":"Acquaviva, il Comune ottiene 400 mila euro per il nuovo canile"},"content":{"rendered":"\n<p><\/p>\n\n\n\n<p>Dall\u2019onta della chiusura del canile sanitario da parte della Asl a fiore all\u2019occhiello. E\u2019 questo il percorso che il Comune di Acquaviva intende compiere con il canile comunale. Nel corso dell\u2019ultima seduta del Consiglio regionale, infatti, \u00e8 stata approvato un finanziamento di 400 mila euro in favore dell\u2019ente per realizzare una nuova struttura per i cani, su proposta del consigliere regionale Saverio Tammacco.<\/p>\n\n\n\n<p>Un risultato storico, che risolve un problema annoso della citt\u00e0 e che ha raggiunto il suo culmine solo pochi mesi fa con la chiusura di parte della struttura, a causa di mancanze mai risolte negli anni. Ora, l\u2019amministrazione comunale che ha condotto un\u2019azione incessante verso il Consiglio regionale per raggiungere questo obiettivo, guarda con fiducia al futuro, nell\u2019ottica del benessere degli animali.<\/p>\n\n\n\n<p>Il nuovo canile comunale sar\u00e0 una struttura moderna e funzionale, progettata con spazi dedicati alla cura e alla degenza degli animali. Sar\u00e0 dotato di aree verdi, ambulatorio veterinario e spazi per attivit\u00e0 di adozione.<\/p>\n\n\n\n<p>L\u2019obiettivo del Comune \u00e8 quello di promuovere una gestione sostenibile del randagismo, in collaborazione con associazioni di volontariato e cittadini, e di creare un centro che diventi anche punto di riferimento per l\u2019educazione alla responsabilit\u00e0 verso gli animali.<\/p>\n\n\n\n<p>Il sindaco Marco Lenoci, nel ringraziare il consigliere Tammacco e i consiglieri comunali delegati, Alessandro Benevento e Pietro D\u2019Antini, rispettivamente ai fondi Pnrr e randagismo, fa il punto: &#8220;Questo finanziamento \u00e8 il risultato straordinario per la nostra comunit\u00e0 che arriva grazie a un lavoro di squadra. Soprattutto, rappresenta un segnale concreto di attenzione verso i nostri amici a quattro zampe, perch\u00e9 non \u00e8 solo una risposta a un problema di randagismo, ma anche un passo importante per rafforzare i valori di civilt\u00e0, sensibilit\u00e0 e rispetto che vogliamo promuovere. Il mio invito, ora, \u00e8 a tutte le realt\u00e0 locali che hanno a cuore gli interessi dei nostri amici a quattro zampe, a collaborare con noi per far s\u00ec che questo progetto diventi una realt\u00e0 al servizio degli animali e dei cittadini di Acquaviva delle Fonti&#8221;.<\/p>\n\n\n\n<p><\/p>\n\n\n\n<p><\/p>\n\n\n\n<figure class=\"wp-block-image size-full\"><img decoding=\"async\" src=\"https:\/\/acquaviva.lavocedelpaese.info\/wp-content\/uploads\/2024\/12\/canile-comunale-acquaviva-1.jpg\" alt=\"\" class=\"wp-image-5159\" \/><\/figure>\n","protected":false},"excerpt":{"rendered":"<p>Dall\u2019onta della chiusura del canile sanitario da parte della Asl a fiore all\u2019occhiello. E\u2019 questo il percorso che il Comune<\/p>\n","protected":false},"author":4,"featured_media":5159,"comment_status":"open","ping_status":"closed","sticky":false,"template":"","format":"standard","meta":{"colormag_page_container_layout":"default_layout","colormag_page_sidebar_layout":"default_layout","_monsterinsights_skip_tracking":false,"_monsterinsights_sitenote_active":false,"_monsterinsights_sitenote_note":"","_monsterinsights_sitenote_category":0,"footnotes":""},"categories":[3,33],"tags":[],"class_list":["post-5158","post","type-post","status-publish","format-standard","has-post-thumbnail","hentry","category-politica","category-spalla"],"_links":{"self":[{"href":"https:\/\/acquaviva.lavocedelpaese.info\/index.php\/wp-json\/wp\/v2\/posts\/5158","targetHints":{"allow":["GET"]}}],"collection":[{"href":"https:\/\/acquaviva.lavocedelpaese.info\/index.php\/wp-json\/wp\/v2\/posts"}],"about":[{"href":"https:\/\/acquaviva.lavocedelpaese.info\/index.php\/wp-json\/wp\/v2\/types\/post"}],"author":[{"embeddable":true,"href":"https:\/\/acquaviva.lavocedelpaese.info\/index.php\/wp-json\/wp\/v2\/users\/4"}],"replies":[{"embeddable":true,"href":"https:\/\/acquaviva.lavocedelpaese.info\/index.php\/wp-json\/wp\/v2\/comments?post=5158"}],"version-history":[{"count":1,"href":"https:\/\/acquaviva.lavocedelpaese.info\/index.php\/wp-json\/wp\/v2\/posts\/5158\/revisions"}],"predecessor-version":[{"id":5160,"href":"https:\/\/acquaviva.lavocedelpaese.info\/index.php\/wp-json\/wp\/v2\/posts\/5158\/revisions\/5160"}],"wp:featuredmedia":[{"embeddable":true,"href":"https:\/\/acquaviva.lavocedelpaese.info\/index.php\/wp-json\/wp\/v2\/media\/5159"}],"wp:attachment":[{"href":"https:\/\/acquaviva.lavocedelpaese.info\/index.php\/wp-json\/wp\/v2\/media?parent=5158"}],"wp:term":[{"taxonomy":"category","embeddable":true,"href":"https:\/\/acquaviva.lavocedelpaese.info\/index.php\/wp-json\/wp\/v2\/categories?post=5158"},{"taxonomy":"post_tag","embeddable":true,"href":"https:\/\/acquaviva.lavocedelpaese.info\/index.php\/wp-json\/wp\/v2\/tags?post=5158"}],"curies":[{"name":"wp","href":"https:\/\/api.w.org\/{rel}","templated":true}]}}