{"id":5139,"date":"2024-12-13T07:53:39","date_gmt":"2024-12-13T07:53:39","guid":{"rendered":"https:\/\/acquaviva.lavocedelpaese.info\/?p=5139"},"modified":"2024-12-13T07:53:39","modified_gmt":"2024-12-13T07:53:39","slug":"concorso-fotografico-2024-2025-scatti-di-cioccolato","status":"publish","type":"post","link":"https:\/\/acquaviva.lavocedelpaese.info\/index.php\/2024\/12\/13\/concorso-fotografico-2024-2025-scatti-di-cioccolato\/","title":{"rendered":"Concorso Fotografico 2024\/2025: &#8220;Scatti di cioccolato&#8221;"},"content":{"rendered":"\n<p><\/p>\n\n\n\n<p>Organizzato dal Caf\u00e8 Letterario, un gruppo di ragazzi appassionati di lettura e creativit\u00e0, con la voglia di vivere momenti di condivisione e bellezza lontani dalla tecnologia.<\/p>\n\n\n\n<p>Il Natale \u00e8 magia, dolcezza e dettagli unici\u2026 E tu? Sei pronto a catturarli in uno scatto?<\/p>\n\n\n\n<p>IL TEMA<\/p>\n\n\n\n<p>\u201cScatti di Cioccolato\u201d<\/p>\n\n\n\n<p>Un invito a raccontare il Natale con semplicit\u00e0 e creativit\u00e0, catturando quei momenti fatti di cioccolato e magia che rendono speciale questa festa. Ogni scatto deve trasmettere emozioni uniche e celebrare la bellezza del Natale.<\/p>\n\n\n\n<p>CHI PU\u00d2 PARTECIPARE?<\/p>\n\n\n\n<p>Il concorso \u00e8 aperto a tutti, senza limiti di et\u00e0! Che tu sia un principiante o un amante della fotografia, ci\u00f2 che conta \u00e8 la voglia di metterti in gioco.<\/p>\n\n\n\n<p>COME PARTECIPARE?<\/p>\n\n\n\n<p>Iscrizione:<\/p>\n\n\n\n<p>\u2022 Contatta i ragazzi del Caf\u00e8 Letterario.<\/p>\n\n\n\n<p>\u2022 Versa la quota di partecipazione di \u20ac5,00, che potrai consegnare:<\/p>\n\n\n\n<p>\u2022 Presso la Mondadori di Acquaviva delle Fonti<\/p>\n\n\n\n<p>\u2022 Presso l\u2019ambulatorio del dottore Saldutti (Piazza Vittorio Emanuele II).<\/p>\n\n\n\n<p>Modalit\u00e0 di scatto:<\/p>\n\n\n\n<p>\u2022 Le fotografie devono essere scattate esclusivamente con il telefono.<\/p>\n\n\n\n<p>\u2022 Si possono inviare da 1 a 3 foto (se pi\u00f9 di una, vanno inviate tutte insieme).<\/p>\n\n\n\n<p>\u2022 L\u2019obiettivo: rappresentare la magia del Natale in modo autentico e semplice, senza l\u2019uso di fotocamere professionali.<\/p>\n\n\n\n<p>Invio foto:<\/p>\n\n\n\n<p>Durante il periodo natalizio, invia le tue fotografie all\u2019email indicata nella locandina ufficiale del concorso.<\/p>\n\n\n\n<p>PERCH\u00c9 PARTECIPARE?<\/p>\n\n\n\n<p>\u2022 Per celebrare il Natale attraverso il tuo punto di vista.<\/p>\n\n\n\n<p>\u2022 Per condividere la bellezza e la magia del periodo pi\u00f9 dolce dell\u2019anno.<\/p>\n\n\n\n<p>\u2022 Per costruire ricordi indimenticabili insieme alla nostra comunit\u00e0.<\/p>\n\n\n\n<p>Unisciti a noi e cattura l\u2019essenza del Natale con uno scatto!<\/p>\n\n\n\n<p>Sar\u00e0 un\u2019esperienza unica, dolce e creativa che ci porter\u00e0 a riscoprire la bellezza delle piccole cose.<\/p>\n\n\n\n<p>Per informazioni e dettagli contatta i ragazzi del @caf\u00e8 letterario <a href=\"https:\/\/www.facebook.com\/profile.php?id=100063485563698&amp;__cft__[0]=AZUwo1SSyJgAkfGB69dbLdPhvlR_nlOpJRpmAYrdIQwGYNacaIbKTeCe1TaVo5iRR7auFS3ZgyhhWvMiQo3M2Inio_f12OxRmKb_FVj5OjbR_LvbTiENarzWrLIAzFYYiAJCwVAZj1yiN9o-RZum6mCtciLDvmPMZSmuxMLHjKD3oxVSCkxDHgdBCmCRnUhpfN4OMh-QnoGvzsDqZoGhXPJO&amp;__tn__=-]K-y-R\">Associazione Culturale Il Circolo del Grillo Parlante<\/a><\/p>\n\n\n\n<figure class=\"wp-block-image size-full\"><img decoding=\"async\" src=\"https:\/\/acquaviva.lavocedelpaese.info\/wp-content\/uploads\/2024\/12\/469875377_10225576915081531_1708665882198752155_n.jpg\" alt=\"\" class=\"wp-image-5140\" \/><\/figure>\n","protected":false},"excerpt":{"rendered":"<p>Organizzato dal Caf\u00e8 Letterario, un gruppo di ragazzi appassionati di lettura e creativit\u00e0, con la voglia di vivere momenti di<\/p>\n","protected":false},"author":4,"featured_media":5140,"comment_status":"open","ping_status":"closed","sticky":false,"template":"","format":"standard","meta":{"colormag_page_container_layout":"default_layout","colormag_page_sidebar_layout":"default_layout","_monsterinsights_skip_tracking":false,"_monsterinsights_sitenote_active":false,"_monsterinsights_sitenote_note":"","_monsterinsights_sitenote_category":0,"footnotes":""},"categories":[5,33],"tags":[],"class_list":["post-5139","post","type-post","status-publish","format-standard","has-post-thumbnail","hentry","category-cultura","category-spalla"],"_links":{"self":[{"href":"https:\/\/acquaviva.lavocedelpaese.info\/index.php\/wp-json\/wp\/v2\/posts\/5139","targetHints":{"allow":["GET"]}}],"collection":[{"href":"https:\/\/acquaviva.lavocedelpaese.info\/index.php\/wp-json\/wp\/v2\/posts"}],"about":[{"href":"https:\/\/acquaviva.lavocedelpaese.info\/index.php\/wp-json\/wp\/v2\/types\/post"}],"author":[{"embeddable":true,"href":"https:\/\/acquaviva.lavocedelpaese.info\/index.php\/wp-json\/wp\/v2\/users\/4"}],"replies":[{"embeddable":true,"href":"https:\/\/acquaviva.lavocedelpaese.info\/index.php\/wp-json\/wp\/v2\/comments?post=5139"}],"version-history":[{"count":1,"href":"https:\/\/acquaviva.lavocedelpaese.info\/index.php\/wp-json\/wp\/v2\/posts\/5139\/revisions"}],"predecessor-version":[{"id":5141,"href":"https:\/\/acquaviva.lavocedelpaese.info\/index.php\/wp-json\/wp\/v2\/posts\/5139\/revisions\/5141"}],"wp:featuredmedia":[{"embeddable":true,"href":"https:\/\/acquaviva.lavocedelpaese.info\/index.php\/wp-json\/wp\/v2\/media\/5140"}],"wp:attachment":[{"href":"https:\/\/acquaviva.lavocedelpaese.info\/index.php\/wp-json\/wp\/v2\/media?parent=5139"}],"wp:term":[{"taxonomy":"category","embeddable":true,"href":"https:\/\/acquaviva.lavocedelpaese.info\/index.php\/wp-json\/wp\/v2\/categories?post=5139"},{"taxonomy":"post_tag","embeddable":true,"href":"https:\/\/acquaviva.lavocedelpaese.info\/index.php\/wp-json\/wp\/v2\/tags?post=5139"}],"curies":[{"name":"wp","href":"https:\/\/api.w.org\/{rel}","templated":true}]}}