{"id":5070,"date":"2024-12-01T11:17:53","date_gmt":"2024-12-01T11:17:53","guid":{"rendered":"https:\/\/acquaviva.lavocedelpaese.info\/?p=5070"},"modified":"2024-12-01T11:22:50","modified_gmt":"2024-12-01T11:22:50","slug":"la-casa-delle-vedove","status":"publish","type":"post","link":"https:\/\/acquaviva.lavocedelpaese.info\/index.php\/2024\/12\/01\/la-casa-delle-vedove\/","title":{"rendered":"&#8220;La casa delle vedove&#8221;"},"content":{"rendered":"\n<p>Incontro con l&#8217;autore<\/p>\n\n\n\n<p>In occasione della Giornata internazionale per l&#8217;eliminazione della violenza contro le donne, svoltasi il 25 novembre scorso, la Pro Loco Curtomartino con il patrocinio del Comune di Acquaviva delle Fonti, incontra l&#8217;autrice Anna Tinta Valentini.<\/p>\n\n\n\n<p>L&#8217;evento che si terr\u00e0 venerd\u00ec 6 dicembre 2024 alle ore 18:00 presso la Sala Colafemmina di Acquaviva delle Fonti, vedr\u00e0 la presentazione del libro \u201cLa casa delle Vedove\u201daccompagnato dalla musica dal vivo di Anita Viesti.<\/p>\n\n\n\n<p>Dialogheranno con l&#8217;autrice avv. Nadia Spinelli e la Dott.ssa Rossana Spinelli, psicoterapeuta che non mancher\u00e0 anche di rispondere ad alcune domande poste dal pubblico.<\/p>\n\n\n\n<figure class=\"wp-block-gallery has-nested-images columns-default is-cropped wp-block-gallery-1 is-layout-flex wp-block-gallery-is-layout-flex\">\n<figure class=\"wp-block-image size-large\"><img decoding=\"async\" data-id=\"5071\" src=\"https:\/\/acquaviva.lavocedelpaese.info\/wp-content\/uploads\/2024\/12\/468663642_1115668523895389_6231055549151104124_n.jpg\" alt=\"\" class=\"wp-image-5071\" \/><\/figure>\n<\/figure>\n","protected":false},"excerpt":{"rendered":"<p>Incontro con l&#8217;autore In occasione della Giornata internazionale per l&#8217;eliminazione della violenza contro le donne, svoltasi il 25 novembre scorso,<\/p>\n","protected":false},"author":4,"featured_media":5071,"comment_status":"open","ping_status":"closed","sticky":false,"template":"","format":"standard","meta":{"colormag_page_container_layout":"default_layout","colormag_page_sidebar_layout":"default_layout","_monsterinsights_skip_tracking":false,"_monsterinsights_sitenote_active":false,"_monsterinsights_sitenote_note":"","_monsterinsights_sitenote_category":0,"footnotes":""},"categories":[5,6,30],"tags":[],"class_list":["post-5070","post","type-post","status-publish","format-standard","has-post-thumbnail","hentry","category-cultura","category-eventi","category-news"],"_links":{"self":[{"href":"https:\/\/acquaviva.lavocedelpaese.info\/index.php\/wp-json\/wp\/v2\/posts\/5070","targetHints":{"allow":["GET"]}}],"collection":[{"href":"https:\/\/acquaviva.lavocedelpaese.info\/index.php\/wp-json\/wp\/v2\/posts"}],"about":[{"href":"https:\/\/acquaviva.lavocedelpaese.info\/index.php\/wp-json\/wp\/v2\/types\/post"}],"author":[{"embeddable":true,"href":"https:\/\/acquaviva.lavocedelpaese.info\/index.php\/wp-json\/wp\/v2\/users\/4"}],"replies":[{"embeddable":true,"href":"https:\/\/acquaviva.lavocedelpaese.info\/index.php\/wp-json\/wp\/v2\/comments?post=5070"}],"version-history":[{"count":1,"href":"https:\/\/acquaviva.lavocedelpaese.info\/index.php\/wp-json\/wp\/v2\/posts\/5070\/revisions"}],"predecessor-version":[{"id":5072,"href":"https:\/\/acquaviva.lavocedelpaese.info\/index.php\/wp-json\/wp\/v2\/posts\/5070\/revisions\/5072"}],"wp:featuredmedia":[{"embeddable":true,"href":"https:\/\/acquaviva.lavocedelpaese.info\/index.php\/wp-json\/wp\/v2\/media\/5071"}],"wp:attachment":[{"href":"https:\/\/acquaviva.lavocedelpaese.info\/index.php\/wp-json\/wp\/v2\/media?parent=5070"}],"wp:term":[{"taxonomy":"category","embeddable":true,"href":"https:\/\/acquaviva.lavocedelpaese.info\/index.php\/wp-json\/wp\/v2\/categories?post=5070"},{"taxonomy":"post_tag","embeddable":true,"href":"https:\/\/acquaviva.lavocedelpaese.info\/index.php\/wp-json\/wp\/v2\/tags?post=5070"}],"curies":[{"name":"wp","href":"https:\/\/api.w.org\/{rel}","templated":true}]}}