{"id":5038,"date":"2024-11-23T16:00:00","date_gmt":"2024-11-23T16:00:00","guid":{"rendered":"https:\/\/acquaviva.lavocedelpaese.info\/?p=5038"},"modified":"2024-11-23T17:32:15","modified_gmt":"2024-11-23T17:32:15","slug":"il-tempo-di-un-breve-respiro","status":"publish","type":"post","link":"https:\/\/acquaviva.lavocedelpaese.info\/index.php\/2024\/11\/23\/il-tempo-di-un-breve-respiro\/","title":{"rendered":"&#8220;Il Tempo di un breve respiro&#8221;"},"content":{"rendered":"\n<p>Presentazione del libro<\/p>\n\n\n\n<p>Appuntamento da non perdere sabato 23 novembre alle ore 18.00 presso la sede dell&#8217;associazione culturale L&#8217;incontro Onlus in Piazza dei Martiri ad Acquaviva delle Fonti con la presentazione del libro \u201cIl Tempo di un Respiro Breve\u201d di Carmen Altamura ed Auro Lezzi. <br>Evento realizzato con il patrocinio del comune di Acquaviva delle Fonti.<\/p>\n\n\n\n<p>Dialogher\u00e0 con gli autori Tritto E. Roberto.<\/p>\n\n\n\n<p>&#8220;Carmaur&#8221; \u00e8 il giusto compendio dai nostri fremiti sospirati da un unico alito.<br>Carmaur, nel nostro intendere \u00e8 la personificazione poetica sorta da un ottimo incastro.<br>Carmaur \u00e8 un&#8217;anima semplice \u00e8 libera..<\/p>\n\n\n\n<figure class=\"wp-block-image size-full\"><img decoding=\"async\" src=\"https:\/\/acquaviva.lavocedelpaese.info\/wp-content\/uploads\/2024\/11\/467402564_909285384631572_2044611810303150278_n.jpg\" alt=\"\" class=\"wp-image-5039\" \/><\/figure>\n","protected":false},"excerpt":{"rendered":"<p>Presentazione del libro Appuntamento da non perdere sabato 23 novembre alle ore 18.00 presso la sede dell&#8217;associazione culturale L&#8217;incontro Onlus<\/p>\n","protected":false},"author":4,"featured_media":5039,"comment_status":"open","ping_status":"closed","sticky":false,"template":"","format":"standard","meta":{"colormag_page_container_layout":"default_layout","colormag_page_sidebar_layout":"default_layout","_monsterinsights_skip_tracking":false,"_monsterinsights_sitenote_active":false,"_monsterinsights_sitenote_note":"","_monsterinsights_sitenote_category":0,"footnotes":""},"categories":[5,33],"tags":[],"class_list":["post-5038","post","type-post","status-publish","format-standard","has-post-thumbnail","hentry","category-cultura","category-spalla"],"_links":{"self":[{"href":"https:\/\/acquaviva.lavocedelpaese.info\/index.php\/wp-json\/wp\/v2\/posts\/5038","targetHints":{"allow":["GET"]}}],"collection":[{"href":"https:\/\/acquaviva.lavocedelpaese.info\/index.php\/wp-json\/wp\/v2\/posts"}],"about":[{"href":"https:\/\/acquaviva.lavocedelpaese.info\/index.php\/wp-json\/wp\/v2\/types\/post"}],"author":[{"embeddable":true,"href":"https:\/\/acquaviva.lavocedelpaese.info\/index.php\/wp-json\/wp\/v2\/users\/4"}],"replies":[{"embeddable":true,"href":"https:\/\/acquaviva.lavocedelpaese.info\/index.php\/wp-json\/wp\/v2\/comments?post=5038"}],"version-history":[{"count":1,"href":"https:\/\/acquaviva.lavocedelpaese.info\/index.php\/wp-json\/wp\/v2\/posts\/5038\/revisions"}],"predecessor-version":[{"id":5040,"href":"https:\/\/acquaviva.lavocedelpaese.info\/index.php\/wp-json\/wp\/v2\/posts\/5038\/revisions\/5040"}],"wp:featuredmedia":[{"embeddable":true,"href":"https:\/\/acquaviva.lavocedelpaese.info\/index.php\/wp-json\/wp\/v2\/media\/5039"}],"wp:attachment":[{"href":"https:\/\/acquaviva.lavocedelpaese.info\/index.php\/wp-json\/wp\/v2\/media?parent=5038"}],"wp:term":[{"taxonomy":"category","embeddable":true,"href":"https:\/\/acquaviva.lavocedelpaese.info\/index.php\/wp-json\/wp\/v2\/categories?post=5038"},{"taxonomy":"post_tag","embeddable":true,"href":"https:\/\/acquaviva.lavocedelpaese.info\/index.php\/wp-json\/wp\/v2\/tags?post=5038"}],"curies":[{"name":"wp","href":"https:\/\/api.w.org\/{rel}","templated":true}]}}