{"id":5023,"date":"2024-11-21T05:12:02","date_gmt":"2024-11-21T05:12:02","guid":{"rendered":"https:\/\/acquaviva.lavocedelpaese.info\/?p=5023"},"modified":"2024-11-21T05:14:52","modified_gmt":"2024-11-21T05:14:52","slug":"torna-a-sorpresa-indiesposizioni-con-la-quinta-edizione","status":"publish","type":"post","link":"https:\/\/acquaviva.lavocedelpaese.info\/index.php\/2024\/11\/21\/torna-a-sorpresa-indiesposizioni-con-la-quinta-edizione\/","title":{"rendered":"Torna a sorpresa &#8220;Indiesposizioni&#8221; con la Quinta Edizione."},"content":{"rendered":"\n<p><\/p>\n\n\n\n<p><strong>Primo ospite Cristiano Godano in Concerto Acustico ad Acquaviva delle Fonti (Ba).<\/strong><\/p>\n\n\n\n<p>A sorpresa, torna <strong>Indiesposizioni<\/strong>, la rassegna di musica indipendente ideata e realizzata dall\u2019<strong>Associazione Culturale Ombre<\/strong>, che da anni promuove la cultura musicale indipendente in <strong>luoghi decontestualizzati<\/strong>, creando esperienze uniche per il pubblico e gli artisti. La <strong>quinta edizione<\/strong> si preannuncia imperdibile, con un programma che vedr\u00e0 la partecipazione di tre colonne portanti della scena musicale indipendente italiana, i cui nomi saranno svelati a breve. Nelle scorse edizioni la rassegna ha ospitato: Colapesce, Paolo Benvegn\u00f9, Nada, Cristina Don\u00e0, Frankie hi Nrg, Emidio Clementi e Corrado Nuccini, Assalti Frontali ecc. Il <strong>primo ospite<\/strong> annunciato di questa edizione \u00e8 <strong>Cristiano Godano<\/strong>, che si esibir\u00e0 in un <strong>concerto acustico esclusivo<\/strong> a <strong>Acquaviva delle Fonti (BA)<\/strong>, un appuntamento che non pu\u00f2 mancare per gli appassionati della musica d\u2019autore.<\/p>\n\n\n\n<p>Il concerto si terr\u00e0 il <strong>7 dicembre 2024<\/strong> presso la <strong>Sala Colafemmina<\/strong> del <strong>Palazzo De Mari<\/strong>, un luogo suggestivo e intimo che accoglier\u00e0 solo <strong>100 spettatori<\/strong>. Un&#8217;esperienza unica, in cui <strong>Cristiano Godano<\/strong>, leader dei <strong>Marlene Kuntz<\/strong>, riproporr\u00e0 in una versione acustica alcuni dei suoi brani pi\u00f9 iconici. L\u2019artista, attraverso questo set intimo, offrir\u00e0 una performance che permetter\u00e0 al pubblico di riscoprire la sua musica sotto una luce diversa, pi\u00f9 personale e intensa, attraverso uno spettacolo che ripercorre i punti salienti della sua carriera artistica con i Marlene Kuntz.<\/p>\n\n\n\n<p><a><\/a> I biglietti sono disponibili al link: bit.ly\/CristianoGodanolive<\/p>\n\n\n\n<p>Cristiano Godano, uno dei pi\u00f9 influenti e originali artisti della scena rock e alternative italiana, \u00e8 conosciuto principalmente come fondatore e voce dei Marlene Kuntz, una delle band simbolo del rock alternativo italiano degli anni &#8217;90. Da sempre in bilico tra sperimentazione musicale e impegno poetico, Godano ha saputo dare voce a una generazione di ascoltatori con testi profondi, a tratti ermetici, ma sempre ricchi di forza evocativa. Con i Marlene Kuntz, ha scritto pagine indimenticabili della musica italiana, pubblicando dischi che sono diventati delle pietre miliari, come &#8220;Catartica&#8221; (1994), &#8220;Il Vile&#8221; (1996), e &#8220;Ho Ucciso Paranoia&#8221; (2009). Nel corso della sua carriera, Godano ha collaborato con numerosi artisti e musicisti, ed \u00e8 diventato una figura di riferimento per la scena musicale indipendente, con la sua inconfondibile capacit\u00e0 di mescolare sonorit\u00e0 grunge, rock e noise con testi intimisti e riflessivi.<\/p>\n\n\n\n<p>Negli ultimi anni, Cristiano Godano ha intrapreso anche una carriera solista, dove ha portato avanti la sua ricerca sonora e poetica in modo ancora pi\u00f9 personale. Il suo stile acustico, che spazia dal folk al rock intimista, ha trovato nuovi spazi di espressione, mantenendo sempre alta l\u2019intensit\u00e0 emotiva che lo contraddistingue. Il concerto di Indiesposizioni rappresenta un\u2019opportunit\u00e0 unica per ascoltarlo dal vivo in una dimensione intima, lontano dalle grandi produzioni e pi\u00f9 vicina alla sua essenza artistica.<\/p>\n\n\n\n<p>Ad aprire la serata sar\u00e0 <strong>Temo Babila<\/strong>, progetto musicale made in Puglia che presenter\u00e0 il suo nuovo progetto, <strong>&#8220;CAVA&#8221;<\/strong>, uscito il <strong>14 ottobre 2024<\/strong> per <strong>Dischi Uappissimi<\/strong>. Questo album \u00e8 il risultato di un lungo periodo di <strong>autoproduzione<\/strong>, e rappresenta un\u2019esplorazione musicale che affonda le radici nella <strong>terra delle gravine<\/strong>, tra <strong>Lucania<\/strong> e <strong>Murgia<\/strong>. Utilizzando il <strong>realismo magico<\/strong>, <strong>&#8220;CAVA&#8221;<\/strong> racconta una storia di purificazione interiore attraverso un viaggio nella natura selvaggia, dove i protagonisti vengono trasformati spiritualmente. Con un suono che richiama atmosfere intense e struggenti, <strong>&#8220;CAVA&#8221;<\/strong> \u00e8 un disco che invita all\u2019ascolto profondo e attento, lontano dalla frenesia dell\u2019iperproduzione musicale odierna.<\/p>\n\n\n\n<p><strong>&#8220;CAVA&#8221;<\/strong> \u00e8 stato arricchito dalla maestria del leggendario <strong>Amaury Cambuzat<\/strong>, fondatore degli <strong>Ulan Bator<\/strong> e membro dei <strong>Faust<\/strong>, che ha curato il mastering del disco, conferendo al progetto una qualit\u00e0 sonora unica. Un lavoro che si distingue per la sua capacit\u00e0 di evocare immagini potenti, portando l\u2019ascoltatore a una riflessione profonda sull\u2019identit\u00e0 e la spiritualit\u00e0, un vero e proprio viaggio emotivo e sonoro.<\/p>\n\n\n\n<p>La serata sar\u00e0 un\u2019occasione esclusiva per ascoltare un artista che ha segnato la storia del rock alternativo italiano come <strong>Cristiano Godano<\/strong> e scoprire una nuova realt\u00e0 della scena musicale indipendente come <strong>Temo Babila<\/strong>.<\/p>\n\n\n\n<p><strong>Indiesposizioni<\/strong> conferma cos\u00ec il suo ruolo fondamentale nella promozione della musica indipendente, portando sul palco tre artisti che incarnano lo spirito pi\u00f9 autentico e innovativo della scena musicale italiana. Il <strong>concerto acustico<\/strong> di <strong>Cristiano Godano<\/strong> sar\u00e0 solo il primo di una serie di eventi che arricchiranno questa edizione, con due altri ospiti che saranno annunciati nei prossimi mesi.<\/p>\n\n\n\n<p><strong>Indiesposizioni 2024<\/strong> \u00e8 un progetto patrocinato dal <strong>Comune di Acquaviva delle Fonti<\/strong>, realizzato dall\u2019Associazione Culturale Ombre in collaborazione con <strong>Saturnalia Concerti<\/strong> e <strong>Dischi Uappissimi<\/strong>.<\/p>\n\n\n\n<p><strong>Biglietti e Info:<\/strong><br>I biglietti sono in vendita tramite il circuito <strong>Dice<\/strong>.<\/p>\n\n\n\n<p><br><strong>Acquista i biglietti qui<\/strong>: <a href=\"http:\/\/www.dice.fm\"><u>www.dice.fm<\/u><\/a><\/p>\n\n\n\n<p>L\u2019evento \u00e8 organizzato dall\u2019<strong>Associazione Culturale Ombre<\/strong>, con la collaborazione di <strong>Saturnalia Concerti<\/strong> e <strong>Dischi Uappissimi<\/strong>, ed \u00e8 patrocinato dal <strong>Comune di Acquaviva delle Fonti<\/strong>.<\/p>\n\n\n\n<p><strong>Per maggiori informazioni:<\/strong><\/p>\n\n\n\n<ul class=\"wp-block-list\">\n<li><strong>Instagram:<\/strong> <a href=\"https:\/\/www.instagram.com\/indiesposizioni\"><u>@indiesposizioni<\/u><\/a><\/li>\n\n\n\n<li><strong>Facebook:<\/strong> <a href=\"https:\/\/www.facebook.com\/indiesposizioni\"><u>Indiesposizioni<\/u><\/a><\/li>\n\n\n\n<li><strong>Email:<\/strong> indiesposizioni@gmail.com<\/li>\n<\/ul>\n\n\n\n<figure class=\"wp-block-image size-full\"><img decoding=\"async\" width=\"500\" height=\"500\" src=\"https:\/\/acquaviva.lavocedelpaese.info\/wp-content\/uploads\/2024\/11\/Logo-indiesposizioni-1.png\" alt=\"\" class=\"wp-image-5026\" srcset=\"https:\/\/acquaviva.lavocedelpaese.info\/wp-content\/uploads\/2024\/11\/Logo-indiesposizioni-1.png 500w, https:\/\/acquaviva.lavocedelpaese.info\/wp-content\/uploads\/2024\/11\/Logo-indiesposizioni-1-300x300.png 300w, https:\/\/acquaviva.lavocedelpaese.info\/wp-content\/uploads\/2024\/11\/Logo-indiesposizioni-1-150x150.png 150w\" sizes=\"(max-width: 500px) 100vw, 500px\" \/><\/figure>\n\n\n\n<figure class=\"wp-block-image size-full\"><img decoding=\"async\" width=\"800\" height=\"800\" src=\"https:\/\/acquaviva.lavocedelpaese.info\/wp-content\/uploads\/2024\/11\/LocandinaGodano.jpg\" alt=\"\" class=\"wp-image-5027\" srcset=\"https:\/\/acquaviva.lavocedelpaese.info\/wp-content\/uploads\/2024\/11\/LocandinaGodano.jpg 800w, https:\/\/acquaviva.lavocedelpaese.info\/wp-content\/uploads\/2024\/11\/LocandinaGodano-300x300.jpg 300w, https:\/\/acquaviva.lavocedelpaese.info\/wp-content\/uploads\/2024\/11\/LocandinaGodano-150x150.jpg 150w, https:\/\/acquaviva.lavocedelpaese.info\/wp-content\/uploads\/2024\/11\/LocandinaGodano-768x768.jpg 768w\" sizes=\"(max-width: 800px) 100vw, 800px\" \/><\/figure>\n","protected":false},"excerpt":{"rendered":"<p>Primo ospite Cristiano Godano in Concerto Acustico ad Acquaviva delle Fonti (Ba). A sorpresa, torna Indiesposizioni, la rassegna di musica<\/p>\n","protected":false},"author":4,"featured_media":5025,"comment_status":"open","ping_status":"closed","sticky":false,"template":"","format":"standard","meta":{"colormag_page_container_layout":"default_layout","colormag_page_sidebar_layout":"default_layout","_monsterinsights_skip_tracking":false,"_monsterinsights_sitenote_active":false,"_monsterinsights_sitenote_note":"","_monsterinsights_sitenote_category":0,"footnotes":""},"categories":[6,30],"tags":[],"class_list":["post-5023","post","type-post","status-publish","format-standard","has-post-thumbnail","hentry","category-eventi","category-news"],"_links":{"self":[{"href":"https:\/\/acquaviva.lavocedelpaese.info\/index.php\/wp-json\/wp\/v2\/posts\/5023","targetHints":{"allow":["GET"]}}],"collection":[{"href":"https:\/\/acquaviva.lavocedelpaese.info\/index.php\/wp-json\/wp\/v2\/posts"}],"about":[{"href":"https:\/\/acquaviva.lavocedelpaese.info\/index.php\/wp-json\/wp\/v2\/types\/post"}],"author":[{"embeddable":true,"href":"https:\/\/acquaviva.lavocedelpaese.info\/index.php\/wp-json\/wp\/v2\/users\/4"}],"replies":[{"embeddable":true,"href":"https:\/\/acquaviva.lavocedelpaese.info\/index.php\/wp-json\/wp\/v2\/comments?post=5023"}],"version-history":[{"count":1,"href":"https:\/\/acquaviva.lavocedelpaese.info\/index.php\/wp-json\/wp\/v2\/posts\/5023\/revisions"}],"predecessor-version":[{"id":5028,"href":"https:\/\/acquaviva.lavocedelpaese.info\/index.php\/wp-json\/wp\/v2\/posts\/5023\/revisions\/5028"}],"wp:featuredmedia":[{"embeddable":true,"href":"https:\/\/acquaviva.lavocedelpaese.info\/index.php\/wp-json\/wp\/v2\/media\/5025"}],"wp:attachment":[{"href":"https:\/\/acquaviva.lavocedelpaese.info\/index.php\/wp-json\/wp\/v2\/media?parent=5023"}],"wp:term":[{"taxonomy":"category","embeddable":true,"href":"https:\/\/acquaviva.lavocedelpaese.info\/index.php\/wp-json\/wp\/v2\/categories?post=5023"},{"taxonomy":"post_tag","embeddable":true,"href":"https:\/\/acquaviva.lavocedelpaese.info\/index.php\/wp-json\/wp\/v2\/tags?post=5023"}],"curies":[{"name":"wp","href":"https:\/\/api.w.org\/{rel}","templated":true}]}}