{"id":4973,"date":"2024-11-12T18:55:59","date_gmt":"2024-11-12T18:55:59","guid":{"rendered":"https:\/\/acquaviva.lavocedelpaese.info\/?p=4973"},"modified":"2024-11-12T18:56:29","modified_gmt":"2024-11-12T18:56:29","slug":"acquaviva-cardioprotetta-2","status":"publish","type":"post","link":"https:\/\/acquaviva.lavocedelpaese.info\/index.php\/2024\/11\/12\/acquaviva-cardioprotetta-2\/","title":{"rendered":"\u201cAcquaviva cardioprotetta\u201d"},"content":{"rendered":"\n<p><\/p>\n\n\n\n<p>Al via la nuova edizione del corso di pronto soccorso rivolto a tutti i cittadini<\/p>\n\n\n\n<p>Essere pronti a salvare una vita, sapere cosa fare nei momenti di crisi. E\u2019 l\u2019obiettivo ambizioso del corso \u201cAcquaviva cardioprotetta\u201d organizzato dal centro di formazione Progetto Rianimazione e promosso dal Comune di Acquaviva, che si terr\u00e0 i prossimi 23 e 28 novembre, dalle 14.30 alle 16 e dalle 16.30 alle 18.30, nel salone delle feste di Palazzo De Mari.<\/p>\n\n\n\n<p>Al termine verr\u00e0 donato un altro defibrillatore, il primo \u00e8 gi\u00e0 operativo davanti alla sede dei Vigili Urbani, acquistato con i fondi del memorial \u201cInsieme nel Cuore\u201d, che si \u00e8 tenuto un anno fa, organizzato dall\u2019Asd Atletico Acquaviva sempre in collaborazione con il Comune.<\/p>\n\n\n\n<p>Il corso \u00e8 gratuito e fornir\u00e0 competenze essenziali per intervenire in caso di arresto cardiaco, con particolare attenzione all&#8217;uso corretto del defibrillatore automatico esterno (DAE). L\u2019obiettivo \u00e8 quello di formare una rete di cittadini consapevoli e preparati a intervenire in situazioni di emergenza, contribuendo a fare di Acquaviva delle Fonti una comunit\u00e0 cardioprotetta e pi\u00f9 sicura. Durante il corso, i partecipanti apprenderanno le tecniche fondamentali per riconoscere un arresto cardiaco e agire prontamente, con una parte pratica dedicata all\u2019utilizzo del DAE.<\/p>\n\n\n\n<p>Il sindaco Marco Lenoci ha commentato: \u201cQuesta iniziativa rappresenta un ulteriore passo verso una comunit\u00e0 pi\u00f9 sicura e attenta alla salute. Sapere di avere cittadini preparati ad agire in caso di emergenza \u00e8 un valore aggiunto per Acquaviva delle Fonti, e ringrazio il centro Progetto Rianimazione per la collaborazione e l\u2019impegno in questo progetto cos\u00ec significativo per tutti noi.\u201d<\/p>\n\n\n\n<p>Il responsabile del centro di formazione Progetto Rianimazione, Franco Maselli, ha aggiunto: \u201cSiamo orgogliosi di offrire alla cittadinanza l\u2019opportunit\u00e0 di acquisire competenze salvavita. Intervenire prontamente pu\u00f2 fare la differenza in situazioni critiche come un arresto cardiaco e il nostro obiettivo \u00e8 formare pi\u00f9 persone possibili e aumentare il numero dei defibrillatori in citt\u00e0, per dare un contributo concreto alla sicurezza della comunit\u00e0.\u201d<\/p>\n\n\n\n<p><\/p>\n\n\n\n<figure class=\"wp-block-image size-full\"><img decoding=\"async\" width=\"800\" height=\"800\" src=\"https:\/\/acquaviva.lavocedelpaese.info\/wp-content\/uploads\/2024\/11\/465557806_946928144142193_648732025632509163_n.jpg\" alt=\"\" class=\"wp-image-4975\" srcset=\"https:\/\/acquaviva.lavocedelpaese.info\/wp-content\/uploads\/2024\/11\/465557806_946928144142193_648732025632509163_n.jpg 800w, https:\/\/acquaviva.lavocedelpaese.info\/wp-content\/uploads\/2024\/11\/465557806_946928144142193_648732025632509163_n-300x300.jpg 300w, https:\/\/acquaviva.lavocedelpaese.info\/wp-content\/uploads\/2024\/11\/465557806_946928144142193_648732025632509163_n-150x150.jpg 150w, https:\/\/acquaviva.lavocedelpaese.info\/wp-content\/uploads\/2024\/11\/465557806_946928144142193_648732025632509163_n-768x768.jpg 768w\" sizes=\"(max-width: 800px) 100vw, 800px\" \/><\/figure>\n\n\n\n\n\n<p><\/p>\n","protected":false},"excerpt":{"rendered":"<p>Al via la nuova edizione del corso di pronto soccorso rivolto a tutti i cittadini Essere pronti a salvare una<\/p>\n","protected":false},"author":4,"featured_media":4974,"comment_status":"open","ping_status":"closed","sticky":false,"template":"","format":"standard","meta":{"colormag_page_container_layout":"default_layout","colormag_page_sidebar_layout":"default_layout","_monsterinsights_skip_tracking":false,"_monsterinsights_sitenote_active":false,"_monsterinsights_sitenote_note":"","_monsterinsights_sitenote_category":0,"footnotes":""},"categories":[2,28],"tags":[],"class_list":["post-4973","post","type-post","status-publish","format-standard","has-post-thumbnail","hentry","category-attualita","category-primo-piano"],"_links":{"self":[{"href":"https:\/\/acquaviva.lavocedelpaese.info\/index.php\/wp-json\/wp\/v2\/posts\/4973","targetHints":{"allow":["GET"]}}],"collection":[{"href":"https:\/\/acquaviva.lavocedelpaese.info\/index.php\/wp-json\/wp\/v2\/posts"}],"about":[{"href":"https:\/\/acquaviva.lavocedelpaese.info\/index.php\/wp-json\/wp\/v2\/types\/post"}],"author":[{"embeddable":true,"href":"https:\/\/acquaviva.lavocedelpaese.info\/index.php\/wp-json\/wp\/v2\/users\/4"}],"replies":[{"embeddable":true,"href":"https:\/\/acquaviva.lavocedelpaese.info\/index.php\/wp-json\/wp\/v2\/comments?post=4973"}],"version-history":[{"count":1,"href":"https:\/\/acquaviva.lavocedelpaese.info\/index.php\/wp-json\/wp\/v2\/posts\/4973\/revisions"}],"predecessor-version":[{"id":4976,"href":"https:\/\/acquaviva.lavocedelpaese.info\/index.php\/wp-json\/wp\/v2\/posts\/4973\/revisions\/4976"}],"wp:featuredmedia":[{"embeddable":true,"href":"https:\/\/acquaviva.lavocedelpaese.info\/index.php\/wp-json\/wp\/v2\/media\/4974"}],"wp:attachment":[{"href":"https:\/\/acquaviva.lavocedelpaese.info\/index.php\/wp-json\/wp\/v2\/media?parent=4973"}],"wp:term":[{"taxonomy":"category","embeddable":true,"href":"https:\/\/acquaviva.lavocedelpaese.info\/index.php\/wp-json\/wp\/v2\/categories?post=4973"},{"taxonomy":"post_tag","embeddable":true,"href":"https:\/\/acquaviva.lavocedelpaese.info\/index.php\/wp-json\/wp\/v2\/tags?post=4973"}],"curies":[{"name":"wp","href":"https:\/\/api.w.org\/{rel}","templated":true}]}}