{"id":4919,"date":"2024-11-01T06:04:25","date_gmt":"2024-11-01T06:04:25","guid":{"rendered":"https:\/\/acquaviva.lavocedelpaese.info\/?p=4919"},"modified":"2024-11-02T15:46:30","modified_gmt":"2024-11-02T15:46:30","slug":"commemorazione-dei-fedeli-defunti-e-ottavario","status":"publish","type":"post","link":"https:\/\/acquaviva.lavocedelpaese.info\/index.php\/2024\/11\/01\/commemorazione-dei-fedeli-defunti-e-ottavario\/","title":{"rendered":"Commemorazione dei Fedeli defunti e Ottavario"},"content":{"rendered":"\n<p>Sabato 2 novembre 2024 giorno di commemorazione dei nostri fedeli defunti anche ad Acquaviva delle Fonti ci sar\u00e0 la S. Messa presso il Campo Santo concelebrata da tutti i presbiteri della citt\u00e0 alle ore 10.30. In caso di pioggia la celebrazione avr\u00e0 luogo in Cattedrale.<br>Un giorno che segue alla festa di Ognissanti che ci ricorda la nostra missione di vita ovvero la santit\u00e0. Missione alquanto ardua ma che deve interessare la vita di ogni uomo per potersi sentire pienamente realizzato.<br>Dal 03 al 08 novembre tutte le comunit\u00e0 parrocchiali della citt\u00e0 animeranno la S. Messa alle ore 15.30 all\u2019altare centrale del Campo Santo. In caso di pioggia sar\u00e0 celebrata nella Cappella del Capitolo sempre al Campo Santo. <\/p>\n\n\n\n<p>Di seguito il programma:<br>Domenica 03 novembre \u2013 Cappellania Ospedale Miulli<br>Luned\u00ec 04 novembre \u2013 S. Eustachio \u2013 S. Lucia \u2013 S. Agostino<br>Marted\u00ec 05 novembre \u2013 S. Domenico<br>Mercoled\u00ec 06 novembre \u2013 S. Francesco<br>Gioved\u00ec 07 novembre \u2013 S. Maria Maggiore<br>Venerd\u00ec 08 novembre \u2013 Sacro Cuore<\/p>\n","protected":false},"excerpt":{"rendered":"<p>Sabato 2 novembre 2024 giorno di commemorazione dei nostri fedeli defunti anche ad Acquaviva delle Fonti ci sar\u00e0 la S.<\/p>\n","protected":false},"author":4,"featured_media":4920,"comment_status":"open","ping_status":"closed","sticky":false,"template":"","format":"standard","meta":{"colormag_page_container_layout":"default_layout","colormag_page_sidebar_layout":"default_layout","_monsterinsights_skip_tracking":false,"_monsterinsights_sitenote_active":false,"_monsterinsights_sitenote_note":"","_monsterinsights_sitenote_category":0,"footnotes":""},"categories":[2,30],"tags":[],"class_list":["post-4919","post","type-post","status-publish","format-standard","has-post-thumbnail","hentry","category-attualita","category-news"],"_links":{"self":[{"href":"https:\/\/acquaviva.lavocedelpaese.info\/index.php\/wp-json\/wp\/v2\/posts\/4919","targetHints":{"allow":["GET"]}}],"collection":[{"href":"https:\/\/acquaviva.lavocedelpaese.info\/index.php\/wp-json\/wp\/v2\/posts"}],"about":[{"href":"https:\/\/acquaviva.lavocedelpaese.info\/index.php\/wp-json\/wp\/v2\/types\/post"}],"author":[{"embeddable":true,"href":"https:\/\/acquaviva.lavocedelpaese.info\/index.php\/wp-json\/wp\/v2\/users\/4"}],"replies":[{"embeddable":true,"href":"https:\/\/acquaviva.lavocedelpaese.info\/index.php\/wp-json\/wp\/v2\/comments?post=4919"}],"version-history":[{"count":1,"href":"https:\/\/acquaviva.lavocedelpaese.info\/index.php\/wp-json\/wp\/v2\/posts\/4919\/revisions"}],"predecessor-version":[{"id":4921,"href":"https:\/\/acquaviva.lavocedelpaese.info\/index.php\/wp-json\/wp\/v2\/posts\/4919\/revisions\/4921"}],"wp:featuredmedia":[{"embeddable":true,"href":"https:\/\/acquaviva.lavocedelpaese.info\/index.php\/wp-json\/wp\/v2\/media\/4920"}],"wp:attachment":[{"href":"https:\/\/acquaviva.lavocedelpaese.info\/index.php\/wp-json\/wp\/v2\/media?parent=4919"}],"wp:term":[{"taxonomy":"category","embeddable":true,"href":"https:\/\/acquaviva.lavocedelpaese.info\/index.php\/wp-json\/wp\/v2\/categories?post=4919"},{"taxonomy":"post_tag","embeddable":true,"href":"https:\/\/acquaviva.lavocedelpaese.info\/index.php\/wp-json\/wp\/v2\/tags?post=4919"}],"curies":[{"name":"wp","href":"https:\/\/api.w.org\/{rel}","templated":true}]}}