{"id":4869,"date":"2024-10-18T11:06:38","date_gmt":"2024-10-18T11:06:38","guid":{"rendered":"https:\/\/acquaviva.lavocedelpaese.info\/?p=4869"},"modified":"2024-10-20T08:46:57","modified_gmt":"2024-10-20T08:46:57","slug":"citta-feminile-plurale-convegno-ad-acquaviva-con-lassessora-serena-triggiani","status":"publish","type":"post","link":"https:\/\/acquaviva.lavocedelpaese.info\/index.php\/2024\/10\/18\/citta-feminile-plurale-convegno-ad-acquaviva-con-lassessora-serena-triggiani\/","title":{"rendered":"&#8220;Citt\u00e0: Feminile, Plurale&#8221;, convegno ad Acquaviva con l&#8217;assessora Serena Triggiani"},"content":{"rendered":"\n<p><\/p>\n\n\n\n<p><strong>Incontro sulle politiche di genere<\/strong><\/p>\n\n\n\n<p>Valorizzare le donne, portando alla luce storie ed esperienze che hanno lasciato un segno importante nella vita sociale ed economica, ma anche culturale, nelle loro comunit\u00e0.<\/p>\n\n\n\n<p>E\u2019 l\u2019obiettivo di \u201cCitt\u00e0: Femminile, Plurale\u201d, incontro patrocinato da Anci e Regione Puglia, che si terr\u00e0 il prossimo 22 ottobre 2024 ad Acquaviva delle Fonti, nella sala D\u2019Ambrosio \u2013 Angelillo di Palazzo De Mari alle 17.30, per chiudere il progetto di formazione, rivolto ai dipendenti e agli amministratori degli enti interessati, dal titolo &#8220;GENEREinCOMUNE&#8221;, per l&#8217;attuazione delle Politiche di genere. L&#8217;evento \u00e8 stato organizzato con il Comune di Cassano delle Murge e in collaborazione con l\u2019aps &#8220;Sud-Est Donne&#8221;, l\u2019aps &#8220;Stati Generali delle Donne&#8221;, la Camera di Commercio di Bari e ARPAL Puglia.<\/p>\n\n\n\n<p>L&#8217;evento sar\u00e0 aperto dai saluti istituzionali di Immacolata Morano, assessora alle Pari Opportunit\u00e0 del Comune di Acquaviva delle Fonti, e Bianca Stefania Simonetti, presidente del Consiglio comunale di Cassano delle Murge.<\/p>\n\n\n\n<p>Seguiranno gli interventi di figure autorevoli nel campo delle politiche di genere e della valorizzazione del ruolo femminile nella societ\u00e0, a cominciare da Serena Triggiani, assessora Regionale alle Politiche di Genere,<\/p>\n\n\n\n<p>Francesca Bitetto, docente all&#8217;Universit\u00e0 degli Studi di Bari &#8220;Aldo Moro&#8221;, Magda Terrevoli, presidente del Comitato Unico di Garanzia (CUG) della Regione Puglia, e Angela Lacitignola, presidente dell&#8217;APS &#8220;Sud-Est Donne&#8221;.<\/p>\n\n\n\n<p>L&#8217;incontro sar\u00e0 moderato da Loredana Netti, assistente sociale del Comune di Acquaviva delle Fonti, e dar\u00e0 vita a un dialogo arricchito da testimonianze dirette nel contesto del segmento &#8220;Le Citt\u00e0 si Raccontano: Storie di Donne e di Imprese&#8221;, un momento di confronto aperto al pubblico.<\/p>\n\n\n\n<p>Il sindaco di Acquaviva delle Fonti, Marco Lenoci, ha espresso grande soddisfazione per l&#8217;organizzazione di questo evento: &#8220;Siamo onorati di poter ospitare nella nostra citt\u00e0 un incontro cos\u00ec significativo per le politiche di genere. \u2018Citt\u00e0: Femminile, Plurale\u2019 rappresenta una grande opportunit\u00e0 per dare visibilit\u00e0 alle donne che, con il loro lavoro e il loro impegno, contribuiscono in modo determinante alla crescita delle nostre comunit\u00e0. \u00c8 nostro dovere come istituzioni favorire questo tipo di dialogo e promuovere le pari opportunit\u00e0, affinch\u00e9 il futuro delle nostre citt\u00e0 possa essere davvero inclusivo e plurale.&#8221;<\/p>\n\n\n\n<p>Anche Immacolata Morano, assessora alle Pari Opportunit\u00e0 di Acquaviva delle Fonti, ha sottolineato l&#8217;importanza dell&#8217;evento: &#8220;Questo percorso ha consentito l\u2019approfondimento di concetti e pratiche sulle pari opportunit\u00e0 e sulle politiche di genere. Un&#8217; occasione quella di marted\u00ec 22 ottobre molto importante per un bilancio di quanto svolto fin qui, ma anche di rilancio per le sfide socioculturali quotidiane, che siamo invitati a cogliere, per le lotte da continuare per affermare diritti e opporsi alle discriminazioni\u201d.<\/p>\n\n\n\n<p><\/p>\n\n\n\n<figure class=\"wp-block-image size-full\"><img decoding=\"async\" width=\"566\" height=\"800\" src=\"https:\/\/acquaviva.lavocedelpaese.info\/wp-content\/uploads\/2024\/10\/citta-femminile-plurale-comune-di-acquaviva.jpg\" alt=\"\" class=\"wp-image-4870\" srcset=\"https:\/\/acquaviva.lavocedelpaese.info\/wp-content\/uploads\/2024\/10\/citta-femminile-plurale-comune-di-acquaviva.jpg 566w, https:\/\/acquaviva.lavocedelpaese.info\/wp-content\/uploads\/2024\/10\/citta-femminile-plurale-comune-di-acquaviva-212x300.jpg 212w\" sizes=\"(max-width: 566px) 100vw, 566px\" \/><\/figure>\n","protected":false},"excerpt":{"rendered":"<p>Incontro sulle politiche di genere Valorizzare le donne, portando alla luce storie ed esperienze che hanno lasciato un segno importante<\/p>\n","protected":false},"author":4,"featured_media":4871,"comment_status":"open","ping_status":"closed","sticky":false,"template":"","format":"standard","meta":{"colormag_page_container_layout":"default_layout","colormag_page_sidebar_layout":"default_layout","_monsterinsights_skip_tracking":false,"_monsterinsights_sitenote_active":false,"_monsterinsights_sitenote_note":"","_monsterinsights_sitenote_category":0,"footnotes":""},"categories":[2,33],"tags":[],"class_list":["post-4869","post","type-post","status-publish","format-standard","has-post-thumbnail","hentry","category-attualita","category-spalla"],"_links":{"self":[{"href":"https:\/\/acquaviva.lavocedelpaese.info\/index.php\/wp-json\/wp\/v2\/posts\/4869","targetHints":{"allow":["GET"]}}],"collection":[{"href":"https:\/\/acquaviva.lavocedelpaese.info\/index.php\/wp-json\/wp\/v2\/posts"}],"about":[{"href":"https:\/\/acquaviva.lavocedelpaese.info\/index.php\/wp-json\/wp\/v2\/types\/post"}],"author":[{"embeddable":true,"href":"https:\/\/acquaviva.lavocedelpaese.info\/index.php\/wp-json\/wp\/v2\/users\/4"}],"replies":[{"embeddable":true,"href":"https:\/\/acquaviva.lavocedelpaese.info\/index.php\/wp-json\/wp\/v2\/comments?post=4869"}],"version-history":[{"count":1,"href":"https:\/\/acquaviva.lavocedelpaese.info\/index.php\/wp-json\/wp\/v2\/posts\/4869\/revisions"}],"predecessor-version":[{"id":4872,"href":"https:\/\/acquaviva.lavocedelpaese.info\/index.php\/wp-json\/wp\/v2\/posts\/4869\/revisions\/4872"}],"wp:featuredmedia":[{"embeddable":true,"href":"https:\/\/acquaviva.lavocedelpaese.info\/index.php\/wp-json\/wp\/v2\/media\/4871"}],"wp:attachment":[{"href":"https:\/\/acquaviva.lavocedelpaese.info\/index.php\/wp-json\/wp\/v2\/media?parent=4869"}],"wp:term":[{"taxonomy":"category","embeddable":true,"href":"https:\/\/acquaviva.lavocedelpaese.info\/index.php\/wp-json\/wp\/v2\/categories?post=4869"},{"taxonomy":"post_tag","embeddable":true,"href":"https:\/\/acquaviva.lavocedelpaese.info\/index.php\/wp-json\/wp\/v2\/tags?post=4869"}],"curies":[{"name":"wp","href":"https:\/\/api.w.org\/{rel}","templated":true}]}}