{"id":4856,"date":"2024-10-16T16:39:00","date_gmt":"2024-10-16T16:39:00","guid":{"rendered":"https:\/\/acquaviva.lavocedelpaese.info\/?p=4856"},"modified":"2024-10-16T17:44:18","modified_gmt":"2024-10-16T17:44:18","slug":"armoniosamente-conversazioni-sul-benessere-psicologico-fisico-e-sociale","status":"publish","type":"post","link":"https:\/\/acquaviva.lavocedelpaese.info\/index.php\/2024\/10\/16\/armoniosamente-conversazioni-sul-benessere-psicologico-fisico-e-sociale\/","title":{"rendered":"&#8220;ArmoniosaMente- ConversAzioni sul benessere Psicologico, Fisico e Sociale\u201d"},"content":{"rendered":"\n<p>Ottobre, mese del benessere psicologico<\/p>\n\n\n\n<p>&#8220;ArmoniosaMente- ConversAzioni sul benessere Psicologico, Fisico e Sociale\u201d \u00e8 una iniziativa che si terr\u00e0 domenica 20 ottobre alle ore 18 presso l\u2019 Auditorium Palazzo Monacelle di Casamassima in occasione del Mese del Benessere Psicologico, che dal 2011 porta avanti la tradizionale campagna di sensibilizzazione e promozione del ruolo dello psicologo come professionista della salute impegnato per il benessere della collettivit\u00e0.<br><br>ArmoniosaMente \u00e8, infatti, una iniziativa dell\u2019Ass. MUSInCanto, nata nel 2023 dal desiderio della Presidente Natalizia Carone di unire le sue competenze nei due ambiti (artistico e sanitario) per creare anche in continuit\u00e0 con quanto gi\u00e0 fatto in passato in occasione di eventi sul Bullismo, sulla Violenza contro le Donne, sulla Giornata del malato\u2026, uno spazio socio-culturale come momento di sensibilizzazione, informazione e confronto rivolto alla Comunit\u00e0, non solo locale.<br><br>Uno spazio per parlare del concetto di benessere psicologico e della professionalit\u00e0 dello psicologo, come \u201cfigura che previene l\u2019emergere del disagio e della malattia, promuove il benessere, favorisce uno scambio relazionale sano durante tutto il ciclo di vita, sostiene le persone durante le fasi di maggiore criticit\u00e0\u201d.<br><br>Come ospiti relatori saranno presenti alcuni professionisti del settore per l\u2019ambito sanitario e altre figure professionali per momenti di informazione, approfondimento e riflessione sui bisogni psicologici e profondi dell\u2019individuo e della societ\u00e0 intera, dato che la Giornata Nazionale della Psicologia del 2024 vuole richiamare l\u2019attenzione sul tema _\u201dRitrovare l\u2019umano: l\u2018intelligenza artificiale e altre sfide per un futuro percorribile_.<\/p>\n\n\n\n<p>Un argomento che ben fa riflettere sulle evidenti conseguenze dovute all\u2019uso dei dispositivi digitali e prodotti tecnologici che non solo non favorisce il contatto tra le persone ma fa crescere senso di solitudine, insoddisfazione, frustrazione\u2026portando verso quel senso di alienazione che gi\u00e0 Franz Kafka sembrava anticipare attraverso i suoi romanzi.<br>Vi sar\u00e0 infatti un riferimento a questo grande scrittore di romanzi psicologici di cui ricorre il centesimo anniversario della morte, cos\u00ec come per il musicista Puccini.<br><br>All\u2019interno della manifestazione, infatti, \u00e8 previsto anche un momento musicale, con voce e pianoforte legato a Puccini e alle figure femminili considerate \u201cincarnazioni della sua verit\u00e0 psicologica pi\u00f9 sofferta\u201d.<br><br>\ud83d\udde3\ufe0f Tra le _ConversAzioni_ di _ArmoniosaMente_, quindi, gli esperti e non solo, parleranno dell\u2019importanza del prendersi cura di s\u00e9 per il benessere psicofisico della persona, ma anche del Sostegno psicologico ai pazienti oncologici, della Prevenzione, dell\u2019espressione delle emozioni anche attraverso l\u2019arte\u2026<br><br>L\u2019iniziativa ha ricevuto il Patrocinio del Consiglio della Regione Puglia, della Citta Metropolitana di Bari, della ASL BA, del Mese del Benessere Psicologico di Puglia (dell\u2019Ordine degli Psicologi), dell\u2019Ordine delle Ostetriche Ba-BaT e dell\u2019Assessorato alle Politiche Sociali e alla Cultura del Comune di Casamassima.<br><br>L\u2019 INGRESSO \u00c8 GRATUITO e la comunit\u00e0 \u00e8 invitata a partecipare.<br><br>Sarebbe validissimo il contributo personale di quanti riceveranno questa comunicazione per la massima diffusione dell\u2019evento, nello spirito di condivisione e sensibilit\u00e0 al contenuto sul benessere psicologico che riguarda ognuno di noi!<\/p>\n\n\n\n<p><\/p>\n\n\n\n<p><\/p>\n\n\n\n<figure class=\"wp-block-image size-full\"><img decoding=\"async\" src=\"https:\/\/acquaviva.lavocedelpaese.info\/wp-content\/uploads\/2024\/10\/ArmoniosaMente.jpg\" alt=\"\" class=\"wp-image-4857\" \/><\/figure>\n","protected":false},"excerpt":{"rendered":"<p>Ottobre, mese del benessere psicologico &#8220;ArmoniosaMente- ConversAzioni sul benessere Psicologico, Fisico e Sociale\u201d \u00e8 una iniziativa che si terr\u00e0 domenica<\/p>\n","protected":false},"author":4,"featured_media":4857,"comment_status":"open","ping_status":"closed","sticky":false,"template":"","format":"standard","meta":{"colormag_page_container_layout":"default_layout","colormag_page_sidebar_layout":"default_layout","_monsterinsights_skip_tracking":false,"_monsterinsights_sitenote_active":false,"_monsterinsights_sitenote_note":"","_monsterinsights_sitenote_category":0,"footnotes":""},"categories":[2,33],"tags":[],"class_list":["post-4856","post","type-post","status-publish","format-standard","has-post-thumbnail","hentry","category-attualita","category-spalla"],"_links":{"self":[{"href":"https:\/\/acquaviva.lavocedelpaese.info\/index.php\/wp-json\/wp\/v2\/posts\/4856","targetHints":{"allow":["GET"]}}],"collection":[{"href":"https:\/\/acquaviva.lavocedelpaese.info\/index.php\/wp-json\/wp\/v2\/posts"}],"about":[{"href":"https:\/\/acquaviva.lavocedelpaese.info\/index.php\/wp-json\/wp\/v2\/types\/post"}],"author":[{"embeddable":true,"href":"https:\/\/acquaviva.lavocedelpaese.info\/index.php\/wp-json\/wp\/v2\/users\/4"}],"replies":[{"embeddable":true,"href":"https:\/\/acquaviva.lavocedelpaese.info\/index.php\/wp-json\/wp\/v2\/comments?post=4856"}],"version-history":[{"count":2,"href":"https:\/\/acquaviva.lavocedelpaese.info\/index.php\/wp-json\/wp\/v2\/posts\/4856\/revisions"}],"predecessor-version":[{"id":4859,"href":"https:\/\/acquaviva.lavocedelpaese.info\/index.php\/wp-json\/wp\/v2\/posts\/4856\/revisions\/4859"}],"wp:featuredmedia":[{"embeddable":true,"href":"https:\/\/acquaviva.lavocedelpaese.info\/index.php\/wp-json\/wp\/v2\/media\/4857"}],"wp:attachment":[{"href":"https:\/\/acquaviva.lavocedelpaese.info\/index.php\/wp-json\/wp\/v2\/media?parent=4856"}],"wp:term":[{"taxonomy":"category","embeddable":true,"href":"https:\/\/acquaviva.lavocedelpaese.info\/index.php\/wp-json\/wp\/v2\/categories?post=4856"},{"taxonomy":"post_tag","embeddable":true,"href":"https:\/\/acquaviva.lavocedelpaese.info\/index.php\/wp-json\/wp\/v2\/tags?post=4856"}],"curies":[{"name":"wp","href":"https:\/\/api.w.org\/{rel}","templated":true}]}}