{"id":4790,"date":"2024-10-15T18:51:55","date_gmt":"2024-10-15T18:51:55","guid":{"rendered":"https:\/\/acquaviva.lavocedelpaese.info\/?p=4790"},"modified":"2024-10-15T18:51:56","modified_gmt":"2024-10-15T18:51:56","slug":"quale-sara-il-destino-di-piazza-vittorio-emanuele","status":"publish","type":"post","link":"https:\/\/acquaviva.lavocedelpaese.info\/index.php\/2024\/10\/15\/quale-sara-il-destino-di-piazza-vittorio-emanuele\/","title":{"rendered":"Quale sar\u00e0 il destino di piazza Vittorio Emanuele?"},"content":{"rendered":"\n<p>Sulla nostra amata piazza le domande dei cittadini si moltiplicano&#8230; Quando sar\u00e0 riaperta? Quando ricominciano i lavori? Cosa sono quelle &#8220;quattro pietre&#8221; che hanno trovato? Ebbene, forse \u00e8 ora di fare &#8220;piazza pulita&#8221; da ogni confusione, offrendo uno strumento di confronto ai cittadini, con esperti e amministratori, al di l\u00e0 di ogni polemica e per offrire un quadro il pi\u00f9 possibile chiaro sulle prospettive dei lavori, le opportunit\u00e0 delle scoperte archeologiche, gli impatti <a><\/a>su residenti e attivit\u00e0 commerciali.<\/p>\n\n\n\n<p>Ringraziamo l&#8217;Amministrazione per il gratuito patrocinio concesso al pubblico dibattito e vi aspettiamo numerosi, venerd\u00ec 18 ottobre in sala Angelillo alle ore 18.30. Non mancate!<\/p>\n\n\n\n<p><a href=\"https:\/\/www.facebook.com\/photo\/?fbid=410419035443311&amp;set=a.106695015815716&amp;__cft__[0]=AZWDMywnM4DgtF9NZTGhSYQ_G2QSlXwB7zST4DBIRUsRXX67kqgpX5pKaTPhk8BERJh7YOAPiL5YCPqZ-oFAAFjeGUjqJaS9M9wLfoQKXcBev4TvI2kalQceVAwjJdVGXu0jaLCzQjy0XLV20WAuGA2S5mnl6wisJ7Qh64ZyyTogfTOQkgo5UwLbkvQEl4wdJk4&amp;__tn__=EH-R\"><\/a><\/p>\n\n\n\n<figure class=\"wp-block-image\"><a href=\"https:\/\/www.facebook.com\/photo\/?fbid=410419035443311&amp;set=a.106695015815716&amp;__cft__[0]=AZWDMywnM4DgtF9NZTGhSYQ_G2QSlXwB7zST4DBIRUsRXX67kqgpX5pKaTPhk8BERJh7YOAPiL5YCPqZ-oFAAFjeGUjqJaS9M9wLfoQKXcBev4TvI2kalQceVAwjJdVGXu0jaLCzQjy0XLV20WAuGA2S5mnl6wisJ7Qh64ZyyTogfTOQkgo5UwLbkvQEl4wdJk4&amp;__tn__=EH-R\"><img decoding=\"async\" src=\"https:\/\/scontent.fbri4-2.fna.fbcdn.net\/v\/t39.30808-6\/462301205_410419038776644_8980873703384011458_n.jpg?stp=dst-jpg_s720x720&amp;_nc_cat=107&amp;ccb=1-7&amp;_nc_sid=833d8c&amp;_nc_ohc=g4_HlG8hnIsQ7kNvgGfd6P2&amp;_nc_zt=23&amp;_nc_ht=scontent.fbri4-2.fna&amp;_nc_gid=ARenHPkRi6Reh9Wi3YeIBNZ&amp;oh=00_AYAk3L-_vNfcVLXE2vuOmEkJL8X6BFZCFPpknXEG1b9KNg&amp;oe=67147C51\" alt=\"Potrebbe essere un'immagine raffigurante testo\" \/><\/a><\/figure>\n","protected":false},"excerpt":{"rendered":"<p>Sulla nostra amata piazza le domande dei cittadini si moltiplicano&#8230; Quando sar\u00e0 riaperta? Quando ricominciano i lavori? Cosa sono quelle<\/p>\n","protected":false},"author":4,"featured_media":4791,"comment_status":"open","ping_status":"closed","sticky":false,"template":"","format":"standard","meta":{"colormag_page_container_layout":"default_layout","colormag_page_sidebar_layout":"default_layout","_monsterinsights_skip_tracking":false,"_monsterinsights_sitenote_active":false,"_monsterinsights_sitenote_note":"","_monsterinsights_sitenote_category":0,"footnotes":""},"categories":[2,28],"tags":[],"class_list":["post-4790","post","type-post","status-publish","format-standard","has-post-thumbnail","hentry","category-attualita","category-primo-piano"],"_links":{"self":[{"href":"https:\/\/acquaviva.lavocedelpaese.info\/index.php\/wp-json\/wp\/v2\/posts\/4790","targetHints":{"allow":["GET"]}}],"collection":[{"href":"https:\/\/acquaviva.lavocedelpaese.info\/index.php\/wp-json\/wp\/v2\/posts"}],"about":[{"href":"https:\/\/acquaviva.lavocedelpaese.info\/index.php\/wp-json\/wp\/v2\/types\/post"}],"author":[{"embeddable":true,"href":"https:\/\/acquaviva.lavocedelpaese.info\/index.php\/wp-json\/wp\/v2\/users\/4"}],"replies":[{"embeddable":true,"href":"https:\/\/acquaviva.lavocedelpaese.info\/index.php\/wp-json\/wp\/v2\/comments?post=4790"}],"version-history":[{"count":2,"href":"https:\/\/acquaviva.lavocedelpaese.info\/index.php\/wp-json\/wp\/v2\/posts\/4790\/revisions"}],"predecessor-version":[{"id":4793,"href":"https:\/\/acquaviva.lavocedelpaese.info\/index.php\/wp-json\/wp\/v2\/posts\/4790\/revisions\/4793"}],"wp:featuredmedia":[{"embeddable":true,"href":"https:\/\/acquaviva.lavocedelpaese.info\/index.php\/wp-json\/wp\/v2\/media\/4791"}],"wp:attachment":[{"href":"https:\/\/acquaviva.lavocedelpaese.info\/index.php\/wp-json\/wp\/v2\/media?parent=4790"}],"wp:term":[{"taxonomy":"category","embeddable":true,"href":"https:\/\/acquaviva.lavocedelpaese.info\/index.php\/wp-json\/wp\/v2\/categories?post=4790"},{"taxonomy":"post_tag","embeddable":true,"href":"https:\/\/acquaviva.lavocedelpaese.info\/index.php\/wp-json\/wp\/v2\/tags?post=4790"}],"curies":[{"name":"wp","href":"https:\/\/api.w.org\/{rel}","templated":true}]}}