{"id":4756,"date":"2024-10-07T19:17:00","date_gmt":"2024-10-07T19:17:00","guid":{"rendered":"https:\/\/acquaviva.lavocedelpaese.info\/?p=4756"},"modified":"2024-10-08T04:20:24","modified_gmt":"2024-10-08T04:20:24","slug":"acquaviva-palazzo-de-mari-protagonista-delle-giornate-dautunno-del-fai","status":"publish","type":"post","link":"https:\/\/acquaviva.lavocedelpaese.info\/index.php\/2024\/10\/07\/acquaviva-palazzo-de-mari-protagonista-delle-giornate-dautunno-del-fai\/","title":{"rendered":"Acquaviva, Palazzo De Mari protagonista delle Giornate d\u2019Autunno del Fai"},"content":{"rendered":"\n<p>Il prossimo fine settimana del 12 e 13 ottobre, la citt\u00e0 di Acquaviva delle Fonti sar\u00e0 protagonista delle Giornate d&#8217;Autunno organizzate dal Fondo Ambienta Italiano (FAI), un evento che coinvolge tutta Italia e celebra il patrimonio culturale, storico e artistico del nostro Paese. La delegazione FAI dei Trulli e delle Grotte ha scelto, per questa edizione, un luogo di grande importanza storica e culturale per la citt\u00e0: Palazzo De Mari, oggi sede del Comune di Acquaviva delle Fonti.<\/p>\n\n\n\n<p>Durante queste giornate, il Palazzo De Mari aprir\u00e0 le sue porte al pubblico, offrendo visite guidate gratuite, condotte dai giovani studenti del territorio che, in qualit\u00e0 di &#8220;Apprendisti Ciceroni&#8221;, accompagneranno i visitatori alla scoperta della storia e delle bellezze di questo antico edificio. Questa iniziativa rappresenta un&#8217;occasione unica per conoscere pi\u00f9 da vicino uno dei simboli della citt\u00e0, che riveste un ruolo centrale nella vita politica e culturale di Acquaviva delle Fonti.<\/p>\n\n\n\n<p>Palazzo De Mari, oggi sede del Municipio di Acquaviva delle Fonti, \u00e8 un edificio che racchiude secoli di storia e di cultura. Divenuto propriet\u00e0 della famiglia De Mari, originaria di Genova ma che consegu\u00ec il titolo nobiliare di \u201cPrincipi di Acquaviva\u201d nel XVII secolo, il palazzo ha subito numerose trasformazioni e restauri nel corso del tempo, mantenendo per\u00f2 intatta la sua maestosit\u00e0 e il suo valore artistico. Gli interni del palazzo presentano affreschi, decorazioni e arredi che riflettono lo stile e la raffinatezza delle epoche passate, offrendo ai visitatori un viaggio affascinante attraverso il tempo.<\/p>\n\n\n\n<p>Il sindaco di Acquaviva delle Fonti, Marco Lenoci, ha dichiarato: &#8220;Siamo onorati che il FAI abbia scelto Palazzo De Mari come uno dei luoghi protagonisti di questa edizione delle Giornate d&#8217;Autunno. Questo evento rappresenta un&#8217;importante occasione per valorizzare il nostro patrimonio storico e culturale, promuovendo una maggiore consapevolezza tra i cittadini, soprattutto tra i giovani, dell&#8217;importanza della tutela dei beni artistici. Invitiamo tutti a partecipare e a vivere questa esperienza di scoperta e condivisione della nostra storia.&#8221;<\/p>\n\n\n\n<p>L&#8217;assessore alla Cultura, Mariagrazia Barbieri, ha sottolineato: &#8220;Palazzo De Mari non \u00e8 solo la sede amministrativa del nostro Comune, ma \u00e8 anche un simbolo della nostra identit\u00e0 e delle nostre radici. Grazie al FAI e al prezioso contributo degli studenti locali, possiamo aprire le porte di questo luogo straordinario e condividere con il pubblico la sua storia e il suo valore culturale. Credo fermamente che eventi come le Giornate d&#8217;Autunno siano fondamentali per far avvicinare le nuove generazioni alla bellezza e alla ricchezza del nostro patrimonio, trasmettendo loro il senso di responsabilit\u00e0 verso la sua protezione e valorizzazione.&#8221;<\/p>\n\n\n\n<p><\/p>\n\n\n\n<p><\/p>\n\n\n\n<p><\/p>\n\n\n\n<figure class=\"wp-block-image size-full\"><img decoding=\"async\" src=\"https:\/\/acquaviva.lavocedelpaese.info\/wp-content\/uploads\/2024\/10\/municipio-acquaviva-delle-fonti.2.jpg\" alt=\"\" class=\"wp-image-4757\" \/><\/figure>\n","protected":false},"excerpt":{"rendered":"<p>Il prossimo fine settimana del 12 e 13 ottobre, la citt\u00e0 di Acquaviva delle Fonti sar\u00e0 protagonista delle Giornate d&#8217;Autunno<\/p>\n","protected":false},"author":4,"featured_media":4757,"comment_status":"open","ping_status":"closed","sticky":false,"template":"","format":"standard","meta":{"colormag_page_container_layout":"default_layout","colormag_page_sidebar_layout":"default_layout","_monsterinsights_skip_tracking":false,"_monsterinsights_sitenote_active":false,"_monsterinsights_sitenote_note":"","_monsterinsights_sitenote_category":0,"footnotes":""},"categories":[2,33],"tags":[],"class_list":["post-4756","post","type-post","status-publish","format-standard","has-post-thumbnail","hentry","category-attualita","category-spalla"],"_links":{"self":[{"href":"https:\/\/acquaviva.lavocedelpaese.info\/index.php\/wp-json\/wp\/v2\/posts\/4756","targetHints":{"allow":["GET"]}}],"collection":[{"href":"https:\/\/acquaviva.lavocedelpaese.info\/index.php\/wp-json\/wp\/v2\/posts"}],"about":[{"href":"https:\/\/acquaviva.lavocedelpaese.info\/index.php\/wp-json\/wp\/v2\/types\/post"}],"author":[{"embeddable":true,"href":"https:\/\/acquaviva.lavocedelpaese.info\/index.php\/wp-json\/wp\/v2\/users\/4"}],"replies":[{"embeddable":true,"href":"https:\/\/acquaviva.lavocedelpaese.info\/index.php\/wp-json\/wp\/v2\/comments?post=4756"}],"version-history":[{"count":1,"href":"https:\/\/acquaviva.lavocedelpaese.info\/index.php\/wp-json\/wp\/v2\/posts\/4756\/revisions"}],"predecessor-version":[{"id":4758,"href":"https:\/\/acquaviva.lavocedelpaese.info\/index.php\/wp-json\/wp\/v2\/posts\/4756\/revisions\/4758"}],"wp:featuredmedia":[{"embeddable":true,"href":"https:\/\/acquaviva.lavocedelpaese.info\/index.php\/wp-json\/wp\/v2\/media\/4757"}],"wp:attachment":[{"href":"https:\/\/acquaviva.lavocedelpaese.info\/index.php\/wp-json\/wp\/v2\/media?parent=4756"}],"wp:term":[{"taxonomy":"category","embeddable":true,"href":"https:\/\/acquaviva.lavocedelpaese.info\/index.php\/wp-json\/wp\/v2\/categories?post=4756"},{"taxonomy":"post_tag","embeddable":true,"href":"https:\/\/acquaviva.lavocedelpaese.info\/index.php\/wp-json\/wp\/v2\/tags?post=4756"}],"curies":[{"name":"wp","href":"https:\/\/api.w.org\/{rel}","templated":true}]}}