{"id":4593,"date":"2024-09-18T17:01:51","date_gmt":"2024-09-18T17:01:51","guid":{"rendered":"https:\/\/acquaviva.lavocedelpaese.info\/?p=4593"},"modified":"2024-09-27T10:09:39","modified_gmt":"2024-09-27T10:09:39","slug":"le-sorelle-alzheimer-progetto-teatro-solidale","status":"publish","type":"post","link":"https:\/\/acquaviva.lavocedelpaese.info\/index.php\/2024\/09\/18\/le-sorelle-alzheimer-progetto-teatro-solidale\/","title":{"rendered":"&#8220;Le sorelle Alzheimer&#8221;: progetto teatro solidale"},"content":{"rendered":"\n<p>Sabato, 28 settembre, e domenica, 29 settembre 2024, presso il teatro comunale \u201cS.A.Luciani\u201d di Acquaviva delle Fonti avremo l&#8217;opportunit\u00e0 di assistere ad una divertente commedia, la quale sar\u00e0 portata in scena dalla storica compagnia teatrale della nostra comunit\u00e0,&#8221;Viviteatroacquaviva\u201d con il Progetto Teatro Solidale.<\/p>\n\n\n\n<p>Entrambi gli eventi in programma costituiranno l&#8217;occasione per raccogliere fondi a supporto della causa portata avanti dalle Associazioni &#8220;Ant&#8221;, &#8220;Fratres&#8221; e <a><\/a>&#8220;Croce Rossa&#8221;; si tratta di realt\u00e0 che notoriamente operano a sostegno dei pi\u00f9 bisognosi, aiutando nelle siutuazioni di dolore, malattia e calamit\u00e0 naturali.<\/p>\n\n\n\n<p>Uniti tutti per una giusta causa, vi aspettiamo dunque numerosi per vivere dei momenti anche di serena spensieratezza, assistendo agli sketch di tre sorelle che, nonostante convivano con l\u2019Halzaimer (non ricordando quindi l\u2019immediato presente e il recente passato), saranno in grado di far fronte simpaticamente ai personaggi e alle situazioni in cui si imbatteranno sulla scena nel corso delle serate.<\/p>\n\n\n\n<p>Ancora una volta, il teatro si apre alla comunit\u00e0 tutta, ritagliando uno spazio anche per associazioni che normalmente non lavorano in questi ambienti ma che potranno ricevere sostegno grazie ad una divertente attivit\u00e0 culturale.<\/p>\n\n\n\n<p><\/p>\n\n\n\n<figure class=\"wp-block-image size-full\"><img decoding=\"async\" src=\"https:\/\/acquaviva.lavocedelpaese.info\/wp-content\/uploads\/2024\/09\/Le-Sorelle-Alzheimer.jpg\" alt=\"\" class=\"wp-image-4594\" \/><\/figure>\n","protected":false},"excerpt":{"rendered":"<p>Sabato, 28 settembre, e domenica, 29 settembre 2024, presso il teatro comunale \u201cS.A.Luciani\u201d di Acquaviva delle Fonti avremo l&#8217;opportunit\u00e0 di<\/p>\n","protected":false},"author":4,"featured_media":4594,"comment_status":"open","ping_status":"closed","sticky":false,"template":"","format":"standard","meta":{"colormag_page_container_layout":"default_layout","colormag_page_sidebar_layout":"default_layout","_monsterinsights_skip_tracking":false,"_monsterinsights_sitenote_active":false,"_monsterinsights_sitenote_note":"","_monsterinsights_sitenote_category":0,"footnotes":""},"categories":[5,6,33],"tags":[],"class_list":["post-4593","post","type-post","status-publish","format-standard","has-post-thumbnail","hentry","category-cultura","category-eventi","category-spalla"],"_links":{"self":[{"href":"https:\/\/acquaviva.lavocedelpaese.info\/index.php\/wp-json\/wp\/v2\/posts\/4593","targetHints":{"allow":["GET"]}}],"collection":[{"href":"https:\/\/acquaviva.lavocedelpaese.info\/index.php\/wp-json\/wp\/v2\/posts"}],"about":[{"href":"https:\/\/acquaviva.lavocedelpaese.info\/index.php\/wp-json\/wp\/v2\/types\/post"}],"author":[{"embeddable":true,"href":"https:\/\/acquaviva.lavocedelpaese.info\/index.php\/wp-json\/wp\/v2\/users\/4"}],"replies":[{"embeddable":true,"href":"https:\/\/acquaviva.lavocedelpaese.info\/index.php\/wp-json\/wp\/v2\/comments?post=4593"}],"version-history":[{"count":2,"href":"https:\/\/acquaviva.lavocedelpaese.info\/index.php\/wp-json\/wp\/v2\/posts\/4593\/revisions"}],"predecessor-version":[{"id":4632,"href":"https:\/\/acquaviva.lavocedelpaese.info\/index.php\/wp-json\/wp\/v2\/posts\/4593\/revisions\/4632"}],"wp:featuredmedia":[{"embeddable":true,"href":"https:\/\/acquaviva.lavocedelpaese.info\/index.php\/wp-json\/wp\/v2\/media\/4594"}],"wp:attachment":[{"href":"https:\/\/acquaviva.lavocedelpaese.info\/index.php\/wp-json\/wp\/v2\/media?parent=4593"}],"wp:term":[{"taxonomy":"category","embeddable":true,"href":"https:\/\/acquaviva.lavocedelpaese.info\/index.php\/wp-json\/wp\/v2\/categories?post=4593"},{"taxonomy":"post_tag","embeddable":true,"href":"https:\/\/acquaviva.lavocedelpaese.info\/index.php\/wp-json\/wp\/v2\/tags?post=4593"}],"curies":[{"name":"wp","href":"https:\/\/api.w.org\/{rel}","templated":true}]}}