{"id":4589,"date":"2024-09-18T16:47:48","date_gmt":"2024-09-18T16:47:48","guid":{"rendered":"https:\/\/acquaviva.lavocedelpaese.info\/?p=4589"},"modified":"2024-09-27T10:14:13","modified_gmt":"2024-09-27T10:14:13","slug":"ass-musincanto-il-21-settembre-lirica-a-palazzo","status":"publish","type":"post","link":"https:\/\/acquaviva.lavocedelpaese.info\/index.php\/2024\/09\/18\/ass-musincanto-il-21-settembre-lirica-a-palazzo\/","title":{"rendered":"Ass. MUSInCanto: &#8220;Il 21 settembre Lirica a Palazzo&#8221;"},"content":{"rendered":"\n<h2 class=\"wp-block-heading\"><\/h2>\n\n\n\n<h2 class=\"wp-block-heading\"><strong>Omaggio al Canto Lirico Italiano,<\/strong> <strong>Patrimonio Culturale Immateriale dell&#8217;Umanit\u00e0,<\/strong> <strong>nell&#8217;anno dedicato a Giacomo Puccini<\/strong><\/h2>\n\n\n\n<h2 class=\"wp-block-heading\"><strong>21 settembre&nbsp;2024&nbsp;ore 20:30<\/strong><\/h2>\n\n\n\n<p>Sabato 21 settembre, a cavallo tra la conclusione di questa estate 2024 e l\u2019atteso equinozio d\u2019autunno, \u00e8 previsto l\u2019appuntamento in musica del Festival Opera de Mari con&nbsp;<strong>LlRlCA A PALAZZO<\/strong>, il Concerto organizzato dall\u2019Ass. MUSlnCanto con il patrocinio del Comune di Acquaviva delle Fonti.<\/p>\n\n\n\n<p>L\u2019equinozio d\u2019autunno \u00e8 considerato un momento di passaggio molto particolare: gli antichi vi attribuivano un valore magico poich\u00e9 erano certi che durante l\u2019equinozio d\u2019autunno vi fosse la possibilit\u00e0 di prendere ispirazione e forza dai propri sogni notturni. Tra i sogni notturni che ispirano i fautori del Festival Opera de Mari vi \u00e8 quello di promuovere l\u2019Opera attraverso il&nbsp;<strong><em><strong>Progetto l LOVE OPERA<\/strong><\/em><\/strong>: portare il personale contributo musicale e culturale con eventi di qualit\u00e0 \u00e8 una prerogativa del Festival che, anche quest\u2019anno, con il Concerto LlRlCA A PALAZZO vuol rendere omaggio ad un\u2019eccellenza della nostra Nazione, il&nbsp;<strong>Canto Lirico ltaliano<\/strong>, che il 6 dicembre 2023 ha ottenuto un ambito riconoscimento con l\u2019iscrizione nell\u2019elenco del&nbsp;<strong>Patrimonio Culturale Immateriale dell&#8217;Umanit\u00e0 dell&#8217;UNESCO<\/strong>.<\/p>\n\n\n\n<p>A tal proposito, il Comitato per il Patrimonio immateriale dell\u2019UNESCO come motivazione dell\u2019iscrizione si \u00e8 cos\u00ec espresso:\u00a0<em>\u00abll canto lirico in ltalia \u00e8 un modo di cantare fisiologicamente controllato che migliora il potere della voce in spazi acustici come anfiteatri e chiese. Eseguito da persone di ogni sesso, \u00e8 associato a specifiche espressioni facciali e gesti e prevede una combinazione di musica, teatro, recitazione e messa in scena. Trasmessa oralmente tra maestro e allievo, la pratica promuove la coesione collettiva e la memoria socioculturale. \u00c8 uno strumento di libera espressione e di dialogo intergenerazionale e il suo valore culturale \u00e8 riconosciuto a livello nazionale e internazionale\u00bb<\/em>.<br>Sul palco le voci del soprano\u00a0<strong>NATALIZIA CARONE<\/strong>, del mezzosoprano\u00a0<strong>FRANCESCA RUOSPO<\/strong>, del tenore\u00a0<strong>RAFFAELE PASTORE<\/strong>\u00a0e del baritono\u00a0<strong>PEDRO JOS\u00c8 CARRILLO PERERA<\/strong>, accompagnati dall\u2019 dall\u2019Orchestra da Camera Festival Opera de Mari diretta dal M\u00b0 Giuseppe Bini e la guida all\u2019ascolto con i giovanissimi PAOLA SCALERA e CARLO MILANO.<\/p>\n\n\n\n<p>Attraverso la musica e il canto lirico degli Artisti della serata sar\u00e0 inevitabile l\u2019omaggio all\u2019Opera Lirica stessa: le voci, le celebri melodie, le storie e le vicende narrate faranno appassionare il pubblico che potr\u00e0 sentirsi parte integrante di un emozionante viaggio che andr\u00e0 dalla genialit\u00e0 di&nbsp;<strong>Mozart<\/strong>&nbsp;e&nbsp;<strong>Rossini<\/strong>, alle avvolgenti melodie di&nbsp;<strong>Bellini<\/strong>,&nbsp;<strong>Donizetti<\/strong>,&nbsp;<strong>Verdi&nbsp;<\/strong>e<strong>&nbsp;<\/strong><strong>Mascagni<\/strong>, passando per le sonorit\u00e0 intense e sensuali dell\u2019Opera francese (<strong>Bizet<\/strong>&nbsp;e&nbsp;<strong>Saint-Sa\u00ebns<\/strong>), fino alle travolgenti musiche di&nbsp;<strong>Puccini<\/strong>, nell\u2019anno a lui dedicato.<\/p>\n\n\n\n<p>L\u2019INGRESSO \u00e8 LIBERO<\/p>\n\n\n\n<p><\/p>\n\n\n\n<p>Sabato 21 settembre ore 20:30<\/p>\n\n\n\n<p>Salone delle Feste di Palazzo de Mari<\/p>\n\n\n\n<p>Piazza dei Martiri &#8211; Acquaviva delle Fonti<\/p>\n\n\n\n<p>Per info<\/p>\n\n\n\n<p>+39 3383965902<\/p>\n\n\n\n<p>info@festivaloperademari.it<\/p>\n\n\n\n<p><a href=\"https:\/\/l.facebook.com\/l.php?u=http%3A%2F%2Fwww.festivaloperademari.it%2F%3Ffbclid%3DIwZXh0bgNhZW0CMTAAAR1q4yAzX5sT-TFpqID0x2HlhH0BTyBBodRieHnIIZbxynoGtkIZ3vslLUQ_aem_zTszKGxz5N04zlYgdJ2aRg&amp;h=AT2rOxRZ7MpO8xkwil2boy8pY-ySvXELN2nR5faddUvY-Ph0pwkPiwWb6n9HYfJJ_p1UMXtuFGGAj_FPEDQK3JYytn-60poWUABHkdldXGsUdBwDTOAqEyM_AZmhgXypow&amp;__tn__=-UK-R&amp;c[0]=AT3Fp699Dpl47EIl6N-5QUeHz7FuLWjxmHSemz3_QOyOyJ78QgRJ9zjZHNpyFUEP7wp1TGMmpscGWS-vU3_SUCgmxRzGzU9km4qDDc4PWxaXom0ovgIhxeH0d2RnEpchWLbcVyLpfT64xkQB7UJS5RqNt9beDaqV9EyvNRD21qg7ss4aqkxOsgVJ3pr2Q_1TBCldj-7q_w9AwRjQB4_VD6bBMreLVB2r04fbYMRBpr1K_1mWfc89mw\" target=\"_blank\" rel=\"noreferrer noopener\">www.festivaloperademari.it<\/a><\/p>\n\n\n\n<figure class=\"wp-block-image size-full\"><img decoding=\"async\" src=\"https:\/\/acquaviva.lavocedelpaese.info\/wp-content\/uploads\/2024\/09\/Lirica-a-Palazzo.jpg\" alt=\"\" class=\"wp-image-4590\" \/><\/figure>\n","protected":false},"excerpt":{"rendered":"<p>Omaggio al Canto Lirico Italiano, Patrimonio Culturale Immateriale dell&#8217;Umanit\u00e0, nell&#8217;anno dedicato a Giacomo Puccini 21 settembre&nbsp;2024&nbsp;ore 20:30 Sabato 21 settembre,<\/p>\n","protected":false},"author":4,"featured_media":4590,"comment_status":"open","ping_status":"closed","sticky":false,"template":"","format":"standard","meta":{"colormag_page_container_layout":"default_layout","colormag_page_sidebar_layout":"default_layout","_monsterinsights_skip_tracking":false,"_monsterinsights_sitenote_active":false,"_monsterinsights_sitenote_note":"","_monsterinsights_sitenote_category":0,"footnotes":""},"categories":[5,6,33],"tags":[],"class_list":["post-4589","post","type-post","status-publish","format-standard","has-post-thumbnail","hentry","category-cultura","category-eventi","category-spalla"],"_links":{"self":[{"href":"https:\/\/acquaviva.lavocedelpaese.info\/index.php\/wp-json\/wp\/v2\/posts\/4589","targetHints":{"allow":["GET"]}}],"collection":[{"href":"https:\/\/acquaviva.lavocedelpaese.info\/index.php\/wp-json\/wp\/v2\/posts"}],"about":[{"href":"https:\/\/acquaviva.lavocedelpaese.info\/index.php\/wp-json\/wp\/v2\/types\/post"}],"author":[{"embeddable":true,"href":"https:\/\/acquaviva.lavocedelpaese.info\/index.php\/wp-json\/wp\/v2\/users\/4"}],"replies":[{"embeddable":true,"href":"https:\/\/acquaviva.lavocedelpaese.info\/index.php\/wp-json\/wp\/v2\/comments?post=4589"}],"version-history":[{"count":1,"href":"https:\/\/acquaviva.lavocedelpaese.info\/index.php\/wp-json\/wp\/v2\/posts\/4589\/revisions"}],"predecessor-version":[{"id":4591,"href":"https:\/\/acquaviva.lavocedelpaese.info\/index.php\/wp-json\/wp\/v2\/posts\/4589\/revisions\/4591"}],"wp:featuredmedia":[{"embeddable":true,"href":"https:\/\/acquaviva.lavocedelpaese.info\/index.php\/wp-json\/wp\/v2\/media\/4590"}],"wp:attachment":[{"href":"https:\/\/acquaviva.lavocedelpaese.info\/index.php\/wp-json\/wp\/v2\/media?parent=4589"}],"wp:term":[{"taxonomy":"category","embeddable":true,"href":"https:\/\/acquaviva.lavocedelpaese.info\/index.php\/wp-json\/wp\/v2\/categories?post=4589"},{"taxonomy":"post_tag","embeddable":true,"href":"https:\/\/acquaviva.lavocedelpaese.info\/index.php\/wp-json\/wp\/v2\/tags?post=4589"}],"curies":[{"name":"wp","href":"https:\/\/api.w.org\/{rel}","templated":true}]}}