{"id":4563,"date":"2024-09-03T17:00:01","date_gmt":"2024-09-03T17:00:01","guid":{"rendered":"https:\/\/acquaviva.lavocedelpaese.info\/?p=4563"},"modified":"2024-09-07T07:44:10","modified_gmt":"2024-09-07T07:44:10","slug":"acquaviva-celebra-la-tradizionale-consegna-delle-chiavi-alla-madonna-un-momento-di-fede-e-comunita","status":"publish","type":"post","link":"https:\/\/acquaviva.lavocedelpaese.info\/index.php\/2024\/09\/03\/acquaviva-celebra-la-tradizionale-consegna-delle-chiavi-alla-madonna-un-momento-di-fede-e-comunita\/","title":{"rendered":"Acquaviva celebra la tradizionale consegna delle chiavi alla Madonna: un momento di fede e comunit\u00e0"},"content":{"rendered":"\n<p>Un momento di grande emozione e partecipazione ha pervaso la comunit\u00e0 di Acquaviva in occasione della tradizionale cerimonia di consegna delle chiavi della citt\u00e0 alla Madonna, tenutasi questa mattina nella concattedrale di Sant\u2019Eustachio, in piazza dei Martiri del 1799.<\/p>\n\n\n\n<p>L\u2019evento, che rappresenta uno dei momenti pi\u00f9 sentiti e simbolici per i cittadini, ha visto la partecipazione del sindaco Marco Lenoci e del vescovo Giuseppe Russo, i quali hanno guidato la cerimonia con grande solennit\u00e0.<\/p>\n\n\n\n<p>L\u2019occasione \u00e8 stata scandita dalla consegna delle chiavi, dalla solenne processione intorno a piazza Vittorio Emanuele e dal ritorno della statua nella concattedrale. Autorit\u00e0 civili e religiose si sono ritrovate unite nel rinnovare un antico gesto di devozione alla Patrona della citt\u00e0.<\/p>\n\n\n\n<p>In un clima di preghiera e raccoglimento, il sindaco Lenoci ha consegnato le chiavi della citt\u00e0 alla Madonna, simboleggiando cos\u00ec l&#8217;affidamento della comunit\u00e0 alla sua protezione: \u201cQuesto gesto, che si ripete ogni anno, rappresenta il nostro impegno a custodire i valori della fede e della solidariet\u00e0 che da sempre caratterizzano Acquaviva\u201d.<\/p>\n\n\n\n<p>La cerimonia si \u00e8 conclusa con le musiche della banda e un caloroso applauso da parte dei numerosi cittadini presenti, che hanno riempito la piazza in un suggestivo momento di raccoglimento e fede collettiva.<\/p>\n\n\n\n<p>L\u2019evento ha confermato, ancora una volta, quanto le tradizioni religiose siano radicate nella cultura e nella storia di Acquaviva, rafforzando il legame tra i cittadini e le istituzioni in uno spirito di comunione e fiducia reciproca.<\/p>\n\n\n\n<p><\/p>\n\n\n\n<figure class=\"wp-block-image size-full\"><img decoding=\"async\" src=\"https:\/\/acquaviva.lavocedelpaese.info\/wp-content\/uploads\/2024\/09\/il-sindaco-di-acquaviva-marco-lenoci-e-il-vescovo-monsignor-giuseppe-russo-consegnano-le-chiavi-della-citta-alla-madonna.jpg\" alt=\"\" class=\"wp-image-4564\" \/><\/figure>\n","protected":false},"excerpt":{"rendered":"<p>Un momento di grande emozione e partecipazione ha pervaso la comunit\u00e0 di Acquaviva in occasione della tradizionale cerimonia di consegna<\/p>\n","protected":false},"author":4,"featured_media":4564,"comment_status":"open","ping_status":"closed","sticky":false,"template":"","format":"standard","meta":{"colormag_page_container_layout":"default_layout","colormag_page_sidebar_layout":"default_layout","_monsterinsights_skip_tracking":false,"_monsterinsights_sitenote_active":false,"_monsterinsights_sitenote_note":"","_monsterinsights_sitenote_category":0,"footnotes":""},"categories":[2,33],"tags":[],"class_list":["post-4563","post","type-post","status-publish","format-standard","has-post-thumbnail","hentry","category-attualita","category-spalla"],"_links":{"self":[{"href":"https:\/\/acquaviva.lavocedelpaese.info\/index.php\/wp-json\/wp\/v2\/posts\/4563","targetHints":{"allow":["GET"]}}],"collection":[{"href":"https:\/\/acquaviva.lavocedelpaese.info\/index.php\/wp-json\/wp\/v2\/posts"}],"about":[{"href":"https:\/\/acquaviva.lavocedelpaese.info\/index.php\/wp-json\/wp\/v2\/types\/post"}],"author":[{"embeddable":true,"href":"https:\/\/acquaviva.lavocedelpaese.info\/index.php\/wp-json\/wp\/v2\/users\/4"}],"replies":[{"embeddable":true,"href":"https:\/\/acquaviva.lavocedelpaese.info\/index.php\/wp-json\/wp\/v2\/comments?post=4563"}],"version-history":[{"count":1,"href":"https:\/\/acquaviva.lavocedelpaese.info\/index.php\/wp-json\/wp\/v2\/posts\/4563\/revisions"}],"predecessor-version":[{"id":4565,"href":"https:\/\/acquaviva.lavocedelpaese.info\/index.php\/wp-json\/wp\/v2\/posts\/4563\/revisions\/4565"}],"wp:featuredmedia":[{"embeddable":true,"href":"https:\/\/acquaviva.lavocedelpaese.info\/index.php\/wp-json\/wp\/v2\/media\/4564"}],"wp:attachment":[{"href":"https:\/\/acquaviva.lavocedelpaese.info\/index.php\/wp-json\/wp\/v2\/media?parent=4563"}],"wp:term":[{"taxonomy":"category","embeddable":true,"href":"https:\/\/acquaviva.lavocedelpaese.info\/index.php\/wp-json\/wp\/v2\/categories?post=4563"},{"taxonomy":"post_tag","embeddable":true,"href":"https:\/\/acquaviva.lavocedelpaese.info\/index.php\/wp-json\/wp\/v2\/tags?post=4563"}],"curies":[{"name":"wp","href":"https:\/\/api.w.org\/{rel}","templated":true}]}}