{"id":4542,"date":"2024-08-30T15:45:36","date_gmt":"2024-08-30T15:45:36","guid":{"rendered":"https:\/\/acquaviva.lavocedelpaese.info\/?p=4542"},"modified":"2024-08-30T16:08:22","modified_gmt":"2024-08-30T16:08:22","slug":"intermondi-mostra-di-pittura-di-domenico-morgese","status":"publish","type":"post","link":"https:\/\/acquaviva.lavocedelpaese.info\/index.php\/2024\/08\/30\/intermondi-mostra-di-pittura-di-domenico-morgese\/","title":{"rendered":"Intermondi, mostra di pittura di  Domenico Morgese"},"content":{"rendered":"\n<p>Sar\u00e0 inaugurata domani sabato 31 agosto 2024 alle ore 18.30 presso la sede dell&#8217;Associazione L&#8217;Incontro in piazza dei Martiri 80 ad Acquaviva delle Fonti<\/p>\n\n\n\n<p>La mostra sar\u00e0 aperta fino al 30 settembre 2024, visitabile dal venerd\u00ec alla domenica dalle 18.30 alle 20.30.<\/p>\n\n\n\n<p><br>7 SETTEMBRE PRESENTAZIONE DEL CATALOGO UFFICIALE DELLE OPERE RACCOLTE DI DOMENICO MORGESE.<\/p>\n\n\n\n<p>La manifestazione-evento intende non solo rendere omaggio all\u2019autore, ma si propone soprattutto come occasione valida per promuoverne la visibilit\u00e0, creare occasione di incontro tra la cittadinanza e il pittore, favorendo la conoscenza della sua opera, come motore di integrazione sociale e di superamento delle residue barriere sociali.<\/p>\n\n\n\n<p>Domenico Morgese, in arte gi\u00e0 madonnaro, \u00e8 pi\u00f9 familiarmente noto ai pi\u00f9 col soprannome di famiglia \u201cCaporale\u201d, un chiaro riferimento al ruolo svolto dal capostipite della famiglia Morgese al servizio dello Stato italiano nell\u2019esercito, diventato in modo significativo nella tradizione locale sinonimo per antonomasia ed identificativo assoluto di \u201cmadonnaro\u201d, tanto che indistintamente il termine del soprannome viene usato correntemente ad Acquaviva per indicare appunto l\u2019arte di colui che disegna con gessi colorati immagini sacre sui marciapiedi e sulle piazze.<\/p>\n\n\n\n<p>La mostra di tele e disegni viene proposta come occasione di incontro e di dialogo fra mondi diversi, di avvicinamento, colloquio e interazione fra la comunit\u00e0 cittadina ed un sua componente, a volte marginalizzata o non compresa.<\/p>\n\n\n\n<p>Attraverso l\u2019esposizione delle opere raccolte, generosamente concesse per l\u2019occasione da collezionisti privati, l\u2019evento artistico con le sue manifestazioni correlate<br>intende qualificarsi come opportunit\u00e0 di socialit\u00e0 attiva e come possibilit\u00e0 finora del tutto inedita o poco sperimentata, di proporre un tentativo di lettura  dell\u2019esperienza artistica dell\u2019autore nello svolgersi della sua vicenda esistenziale, tra sogno e realt\u00e0, tra vita vissuta e viaggio onirico, fra gesto creativo ed introspezione, tra gesto estetico ed il magma generativo intrapsichico suo proprio.<\/p>\n\n\n\n<p><\/p>\n\n\n\n<figure class=\"wp-block-image size-full\"><img decoding=\"async\" width=\"504\" height=\"720\" src=\"https:\/\/acquaviva.lavocedelpaese.info\/wp-content\/uploads\/2024\/08\/457039092_10232798017521753_3745922653337306098_n.jpg\" alt=\"\" class=\"wp-image-4543\" srcset=\"https:\/\/acquaviva.lavocedelpaese.info\/wp-content\/uploads\/2024\/08\/457039092_10232798017521753_3745922653337306098_n.jpg 504w, https:\/\/acquaviva.lavocedelpaese.info\/wp-content\/uploads\/2024\/08\/457039092_10232798017521753_3745922653337306098_n-210x300.jpg 210w\" sizes=\"(max-width: 504px) 100vw, 504px\" \/><\/figure>\n","protected":false},"excerpt":{"rendered":"<p>Sar\u00e0 inaugurata domani sabato 31 agosto 2024 alle ore 18.30 presso la sede dell&#8217;Associazione L&#8217;Incontro in piazza dei Martiri 80<\/p>\n","protected":false},"author":4,"featured_media":4544,"comment_status":"open","ping_status":"closed","sticky":false,"template":"","format":"standard","meta":{"colormag_page_container_layout":"default_layout","colormag_page_sidebar_layout":"default_layout","_monsterinsights_skip_tracking":false,"_monsterinsights_sitenote_active":false,"_monsterinsights_sitenote_note":"","_monsterinsights_sitenote_category":0,"footnotes":""},"categories":[5,6,33],"tags":[],"class_list":["post-4542","post","type-post","status-publish","format-standard","has-post-thumbnail","hentry","category-cultura","category-eventi","category-spalla"],"_links":{"self":[{"href":"https:\/\/acquaviva.lavocedelpaese.info\/index.php\/wp-json\/wp\/v2\/posts\/4542","targetHints":{"allow":["GET"]}}],"collection":[{"href":"https:\/\/acquaviva.lavocedelpaese.info\/index.php\/wp-json\/wp\/v2\/posts"}],"about":[{"href":"https:\/\/acquaviva.lavocedelpaese.info\/index.php\/wp-json\/wp\/v2\/types\/post"}],"author":[{"embeddable":true,"href":"https:\/\/acquaviva.lavocedelpaese.info\/index.php\/wp-json\/wp\/v2\/users\/4"}],"replies":[{"embeddable":true,"href":"https:\/\/acquaviva.lavocedelpaese.info\/index.php\/wp-json\/wp\/v2\/comments?post=4542"}],"version-history":[{"count":1,"href":"https:\/\/acquaviva.lavocedelpaese.info\/index.php\/wp-json\/wp\/v2\/posts\/4542\/revisions"}],"predecessor-version":[{"id":4545,"href":"https:\/\/acquaviva.lavocedelpaese.info\/index.php\/wp-json\/wp\/v2\/posts\/4542\/revisions\/4545"}],"wp:featuredmedia":[{"embeddable":true,"href":"https:\/\/acquaviva.lavocedelpaese.info\/index.php\/wp-json\/wp\/v2\/media\/4544"}],"wp:attachment":[{"href":"https:\/\/acquaviva.lavocedelpaese.info\/index.php\/wp-json\/wp\/v2\/media?parent=4542"}],"wp:term":[{"taxonomy":"category","embeddable":true,"href":"https:\/\/acquaviva.lavocedelpaese.info\/index.php\/wp-json\/wp\/v2\/categories?post=4542"},{"taxonomy":"post_tag","embeddable":true,"href":"https:\/\/acquaviva.lavocedelpaese.info\/index.php\/wp-json\/wp\/v2\/tags?post=4542"}],"curies":[{"name":"wp","href":"https:\/\/api.w.org\/{rel}","templated":true}]}}