{"id":4489,"date":"2024-08-19T17:54:00","date_gmt":"2024-08-19T17:54:00","guid":{"rendered":"https:\/\/acquaviva.lavocedelpaese.info\/?p=4489"},"modified":"2024-08-28T15:02:25","modified_gmt":"2024-08-28T15:02:25","slug":"volleyup-acquaviva-la-schiacciatrice-liliana-ieva-riconfermata-in-serie-c","status":"publish","type":"post","link":"https:\/\/acquaviva.lavocedelpaese.info\/index.php\/2024\/08\/19\/volleyup-acquaviva-la-schiacciatrice-liliana-ieva-riconfermata-in-serie-c\/","title":{"rendered":"Volleyup Acquaviva: la schiacciatrice Liliana Ieva riconfermata in serie C"},"content":{"rendered":"\n<p><\/p>\n\n\n\n<p>Un\u2019altra atleta acquavivese si aggiunge al gruppo di libellule che disputer\u00e0, per la stagione 2024\/2025, il Campionato Nazionale di 1\u00b0 livello serie C femminile: si tratta di Liliana Ieva.<\/p>\n\n\n\n<p>Acquavivese doc &#8211; classe 2007 &#8211; con il ruolo di opposto, pratica pallavolo dall\u2019et\u00e0 di 11 anni. Cresciuta nella societ\u00e0 del presidente Convertini, ha esordito a 14 anni in serie C femminile ed ha conquistato pi\u00f9 volte il titolo di campionessa territoriale Bari-Foggia nei vari campionati giovanili di categoria.<\/p>\n\n\n\n<p>Nella stagione 2023\/2024 la schiacciatrice &#8211; non ancora diciassettenne &#8211; ha collezionato diverse presenze nel massimo campionato regionale facendosi trovare sempre pronta quando chiamata in causa da Mister Signorile ed ha acquisito fondamentale esperienza sia grazie al campionato under 18 che a quello di 1\u00aa divisione femminile.&nbsp;<\/p>\n\n\n\n<p>Anche quest\u2019anno la talentuosa attaccante acquavivese avr\u00e0 la possibilit\u00e0 di mostrare le sue doti nel difficilissimo campionato di serie C femminile.<\/p>\n\n\n\n<p>Per il tecnico acquavivese \u201cLiliana \u00e8 una giovane atleta che, dopo anni di duro lavoro e dedizione, ha dimostrato nella scorsa stagione di essere all&#8217;altezza di ogni sfida. La sua costanza e determinazione le hanno permesso di raggiungere traguardi importanti, e sono convinto che quest&#8217;anno sapr\u00e0 superarsi ancora, puntando a nuovi e ambiziosi obiettivi.\u201d<\/p>\n\n\n\n<p>\u201cRingrazio la Societ\u00e0 per l\u2019occasione e per la fiducia riposta nei miei confronti per la stagione ormai alle porte. Non vedo l\u2019ora di tornare in palestra per ricominciare a lavorare per raggiungere grandi traguardi insieme alle mie compagne di squadra\u2026 vecchie e nuove!\u201d, dichiara la giovanissima schiacciatrice acquavivese.<\/p>\n\n\n\n<p>Lontano dal campo di gioco, a settembre, frequenter\u00e0 il quarto anno del Liceo Scientifico \u201cLeonardo da Vinci\u201d di Cassano delle Murge.<\/p>\n\n\n\n<p><\/p>\n\n\n\n<figure class=\"wp-block-image size-full is-resized\"><img decoding=\"async\" src=\"https:\/\/acquaviva.lavocedelpaese.info\/wp-content\/uploads\/2024\/08\/LOCANDINA-PRESENTAZIONE-LILIANA-2024_2025.jpg\" alt=\"\" class=\"wp-image-4490\" style=\"width:1140px;height:auto\" \/><\/figure>\n\n\n\n<figure class=\"wp-block-image size-full\"><img decoding=\"async\" width=\"490\" height=\"800\" src=\"https:\/\/acquaviva.lavocedelpaese.info\/wp-content\/uploads\/2024\/08\/liliana-1-1.jpg\" alt=\"\" class=\"wp-image-4491\" srcset=\"https:\/\/acquaviva.lavocedelpaese.info\/wp-content\/uploads\/2024\/08\/liliana-1-1.jpg 490w, https:\/\/acquaviva.lavocedelpaese.info\/wp-content\/uploads\/2024\/08\/liliana-1-1-184x300.jpg 184w\" sizes=\"(max-width: 490px) 100vw, 490px\" \/><\/figure>\n\n\n\n<figure class=\"wp-block-image size-full\"><img decoding=\"async\" width=\"534\" height=\"800\" src=\"https:\/\/acquaviva.lavocedelpaese.info\/wp-content\/uploads\/2024\/08\/liliana-2-1.jpg\" alt=\"\" class=\"wp-image-4492\" srcset=\"https:\/\/acquaviva.lavocedelpaese.info\/wp-content\/uploads\/2024\/08\/liliana-2-1.jpg 534w, https:\/\/acquaviva.lavocedelpaese.info\/wp-content\/uploads\/2024\/08\/liliana-2-1-200x300.jpg 200w\" sizes=\"(max-width: 534px) 100vw, 534px\" \/><\/figure>\n\n\n\n<p><\/p>\n\n\n\n<figure class=\"wp-block-image size-full\"><img decoding=\"async\" width=\"541\" height=\"800\" src=\"https:\/\/acquaviva.lavocedelpaese.info\/wp-content\/uploads\/2024\/08\/liliana-3-1.jpg\" alt=\"\" class=\"wp-image-4493\" srcset=\"https:\/\/acquaviva.lavocedelpaese.info\/wp-content\/uploads\/2024\/08\/liliana-3-1.jpg 541w, https:\/\/acquaviva.lavocedelpaese.info\/wp-content\/uploads\/2024\/08\/liliana-3-1-203x300.jpg 203w\" sizes=\"(max-width: 541px) 100vw, 541px\" \/><\/figure>\n","protected":false},"excerpt":{"rendered":"<p>Un\u2019altra atleta acquavivese si aggiunge al gruppo di libellule che disputer\u00e0, per la stagione 2024\/2025, il Campionato Nazionale di 1\u00b0<\/p>\n","protected":false},"author":4,"featured_media":4490,"comment_status":"open","ping_status":"closed","sticky":false,"template":"","format":"standard","meta":{"colormag_page_container_layout":"default_layout","colormag_page_sidebar_layout":"default_layout","_monsterinsights_skip_tracking":false,"_monsterinsights_sitenote_active":false,"_monsterinsights_sitenote_note":"","_monsterinsights_sitenote_category":0,"footnotes":""},"categories":[33,15],"tags":[],"class_list":["post-4489","post","type-post","status-publish","format-standard","has-post-thumbnail","hentry","category-spalla","category-sport"],"_links":{"self":[{"href":"https:\/\/acquaviva.lavocedelpaese.info\/index.php\/wp-json\/wp\/v2\/posts\/4489","targetHints":{"allow":["GET"]}}],"collection":[{"href":"https:\/\/acquaviva.lavocedelpaese.info\/index.php\/wp-json\/wp\/v2\/posts"}],"about":[{"href":"https:\/\/acquaviva.lavocedelpaese.info\/index.php\/wp-json\/wp\/v2\/types\/post"}],"author":[{"embeddable":true,"href":"https:\/\/acquaviva.lavocedelpaese.info\/index.php\/wp-json\/wp\/v2\/users\/4"}],"replies":[{"embeddable":true,"href":"https:\/\/acquaviva.lavocedelpaese.info\/index.php\/wp-json\/wp\/v2\/comments?post=4489"}],"version-history":[{"count":1,"href":"https:\/\/acquaviva.lavocedelpaese.info\/index.php\/wp-json\/wp\/v2\/posts\/4489\/revisions"}],"predecessor-version":[{"id":4494,"href":"https:\/\/acquaviva.lavocedelpaese.info\/index.php\/wp-json\/wp\/v2\/posts\/4489\/revisions\/4494"}],"wp:featuredmedia":[{"embeddable":true,"href":"https:\/\/acquaviva.lavocedelpaese.info\/index.php\/wp-json\/wp\/v2\/media\/4490"}],"wp:attachment":[{"href":"https:\/\/acquaviva.lavocedelpaese.info\/index.php\/wp-json\/wp\/v2\/media?parent=4489"}],"wp:term":[{"taxonomy":"category","embeddable":true,"href":"https:\/\/acquaviva.lavocedelpaese.info\/index.php\/wp-json\/wp\/v2\/categories?post=4489"},{"taxonomy":"post_tag","embeddable":true,"href":"https:\/\/acquaviva.lavocedelpaese.info\/index.php\/wp-json\/wp\/v2\/tags?post=4489"}],"curies":[{"name":"wp","href":"https:\/\/api.w.org\/{rel}","templated":true}]}}