{"id":4482,"date":"2024-08-16T14:45:00","date_gmt":"2024-08-16T14:45:00","guid":{"rendered":"https:\/\/acquaviva.lavocedelpaese.info\/?p=4482"},"modified":"2024-08-28T15:01:50","modified_gmt":"2024-08-28T15:01:50","slug":"volleyup-acquaviva-riconfermata-anche-luciana-forino","status":"publish","type":"post","link":"https:\/\/acquaviva.lavocedelpaese.info\/index.php\/2024\/08\/16\/volleyup-acquaviva-riconfermata-anche-luciana-forino\/","title":{"rendered":"Volleyup Acquaviva: Riconfermata anche Luciana Forino"},"content":{"rendered":"\n<p><strong>PER LA STAGIONE 2024\/2025 <\/strong>IN SERIE C FEMMINILE<br><\/p>\n\n\n\n<p>Un\u2019altra preziosa riconferma in casa VOLLEYUP Acquaviva per il prossimo Campionato Nazionale di 1\u00b0 livello &#8211; serie C femminile: si tratta della schiacciatrice Luciana Forino.<\/p>\n\n\n\n<p>Acquavivese d.o.c., classe 1997, perfetto mix tra intelligenza e tecnica, rappresenta indubbiamente uno dei volti pi\u00f9 noti all\u2019interno della societ\u00e0 blumagenta.<\/p>\n\n\n\n<p>Luciana nel corso della sua carriera ha maturato una decennale esperienza pallavolistica, disputando 3 stagioni in serie D e 9 nel massimo campionato regionale: infatti, dopo una parentesi di 5 anni trascorsa tra le societ\u00e0 di Cassano, Gioia del Colle e Castellana, dal 2017 \u00e8 rientrata definitivamente ad Acquaviva diventando cos\u00ec una \u201ccolonna portante\u201d della squadra di punta della societ\u00e0 guidata dal Presidente Convertini.<\/p>\n\n\n\n<p>Laureata in scienze motorie, lo scorso anno ha minuziosamente curato anche la preparazione atletica delle sue compagne e della squadra che ha disputato il campionato di Prima Divisione Femminile.<\/p>\n\n\n\n<p><a><\/a> Per il Team Manager Lorenzo Belnome, \u201cS<em>iamo contentissimi della ricoferma di Luciana anche per la prossima stagione. Atleta esemplare, sempre al servizio delle compagne di squadra, per tutti noi rappresenta una garanzia di professionalit\u00e0, impegno e tecnica.\u201d<\/em><\/p>\n\n\n\n<p>\u201c<em>Ringrazio la societ\u00e0 per avermi dato la possibilit\u00e0 di vestire anche nella prossima stagione i colori del mio paese; per me motivo di forte orgoglio. La nuova stagione \u00e8 ormai alle porte, carica con lo stesso entusiasmo e voglia di far bene; impaziente di ritrovare le vecchie compagne di squadra, ormai amiche, e di conoscere le nuove arrivate. Sono sicura sar\u00e0 un anno entusiasmante, noi ce la metteremo tutta<\/em>\u201d, queste le parole della schiacciatrice acquavivese.<\/p>\n\n\n\n<p>Acquaviva delle Fonti, 16 agosto 2024<\/p>\n\n\n\n<p><\/p>\n\n\n\n<p><\/p>\n\n\n\n<figure class=\"wp-block-image size-full\"><img decoding=\"async\" src=\"https:\/\/acquaviva.lavocedelpaese.info\/wp-content\/uploads\/2024\/08\/LOCANDINA-LUCIANA.jpg\" alt=\"\" class=\"wp-image-4483\" \/><\/figure>\n\n\n\n<p><\/p>\n\n\n\n<figure class=\"wp-block-image size-full is-resized\"><img decoding=\"async\" width=\"510\" height=\"766\" src=\"https:\/\/acquaviva.lavocedelpaese.info\/wp-content\/uploads\/2024\/08\/luciana1.jpg\" alt=\"\" class=\"wp-image-4484\" style=\"width:1140px;height:auto\" srcset=\"https:\/\/acquaviva.lavocedelpaese.info\/wp-content\/uploads\/2024\/08\/luciana1.jpg 510w, https:\/\/acquaviva.lavocedelpaese.info\/wp-content\/uploads\/2024\/08\/luciana1-200x300.jpg 200w\" sizes=\"(max-width: 510px) 100vw, 510px\" \/><\/figure>\n\n\n\n<figure class=\"wp-block-image size-full is-resized\"><img decoding=\"async\" width=\"534\" height=\"800\" src=\"https:\/\/acquaviva.lavocedelpaese.info\/wp-content\/uploads\/2024\/08\/luciana2.jpg\" alt=\"\" class=\"wp-image-4485\" style=\"width:1140px;height:auto\" srcset=\"https:\/\/acquaviva.lavocedelpaese.info\/wp-content\/uploads\/2024\/08\/luciana2.jpg 534w, https:\/\/acquaviva.lavocedelpaese.info\/wp-content\/uploads\/2024\/08\/luciana2-200x300.jpg 200w\" sizes=\"(max-width: 534px) 100vw, 534px\" \/><\/figure>\n\n\n\n<figure class=\"wp-block-image size-full\"><img decoding=\"async\" width=\"534\" height=\"800\" src=\"https:\/\/acquaviva.lavocedelpaese.info\/wp-content\/uploads\/2024\/08\/luciana3.jpg\" alt=\"\" class=\"wp-image-4486\" srcset=\"https:\/\/acquaviva.lavocedelpaese.info\/wp-content\/uploads\/2024\/08\/luciana3.jpg 534w, https:\/\/acquaviva.lavocedelpaese.info\/wp-content\/uploads\/2024\/08\/luciana3-200x300.jpg 200w\" sizes=\"(max-width: 534px) 100vw, 534px\" \/><\/figure>\n","protected":false},"excerpt":{"rendered":"<p>PER LA STAGIONE 2024\/2025 IN SERIE C FEMMINILE Un\u2019altra preziosa riconferma in casa VOLLEYUP Acquaviva per il prossimo Campionato Nazionale<\/p>\n","protected":false},"author":4,"featured_media":4483,"comment_status":"open","ping_status":"closed","sticky":false,"template":"","format":"standard","meta":{"colormag_page_container_layout":"default_layout","colormag_page_sidebar_layout":"default_layout","_monsterinsights_skip_tracking":false,"_monsterinsights_sitenote_active":false,"_monsterinsights_sitenote_note":"","_monsterinsights_sitenote_category":0,"footnotes":""},"categories":[33,15],"tags":[],"class_list":["post-4482","post","type-post","status-publish","format-standard","has-post-thumbnail","hentry","category-spalla","category-sport"],"_links":{"self":[{"href":"https:\/\/acquaviva.lavocedelpaese.info\/index.php\/wp-json\/wp\/v2\/posts\/4482","targetHints":{"allow":["GET"]}}],"collection":[{"href":"https:\/\/acquaviva.lavocedelpaese.info\/index.php\/wp-json\/wp\/v2\/posts"}],"about":[{"href":"https:\/\/acquaviva.lavocedelpaese.info\/index.php\/wp-json\/wp\/v2\/types\/post"}],"author":[{"embeddable":true,"href":"https:\/\/acquaviva.lavocedelpaese.info\/index.php\/wp-json\/wp\/v2\/users\/4"}],"replies":[{"embeddable":true,"href":"https:\/\/acquaviva.lavocedelpaese.info\/index.php\/wp-json\/wp\/v2\/comments?post=4482"}],"version-history":[{"count":1,"href":"https:\/\/acquaviva.lavocedelpaese.info\/index.php\/wp-json\/wp\/v2\/posts\/4482\/revisions"}],"predecessor-version":[{"id":4487,"href":"https:\/\/acquaviva.lavocedelpaese.info\/index.php\/wp-json\/wp\/v2\/posts\/4482\/revisions\/4487"}],"wp:featuredmedia":[{"embeddable":true,"href":"https:\/\/acquaviva.lavocedelpaese.info\/index.php\/wp-json\/wp\/v2\/media\/4483"}],"wp:attachment":[{"href":"https:\/\/acquaviva.lavocedelpaese.info\/index.php\/wp-json\/wp\/v2\/media?parent=4482"}],"wp:term":[{"taxonomy":"category","embeddable":true,"href":"https:\/\/acquaviva.lavocedelpaese.info\/index.php\/wp-json\/wp\/v2\/categories?post=4482"},{"taxonomy":"post_tag","embeddable":true,"href":"https:\/\/acquaviva.lavocedelpaese.info\/index.php\/wp-json\/wp\/v2\/tags?post=4482"}],"curies":[{"name":"wp","href":"https:\/\/api.w.org\/{rel}","templated":true}]}}