{"id":4457,"date":"2024-08-12T19:29:00","date_gmt":"2024-08-12T19:29:00","guid":{"rendered":"https:\/\/acquaviva.lavocedelpaese.info\/?p=4457"},"modified":"2024-08-15T06:38:22","modified_gmt":"2024-08-15T06:38:22","slug":"volleyup-acquaviva-serie-c-femminile-confermata-per-la-stagione-2024-2025-federica-de-nicolo","status":"publish","type":"post","link":"https:\/\/acquaviva.lavocedelpaese.info\/index.php\/2024\/08\/12\/volleyup-acquaviva-serie-c-femminile-confermata-per-la-stagione-2024-2025-federica-de-nicolo\/","title":{"rendered":"Volleyup Acquaviva &#8211; serie C femminile: confermata per la stagione 2024\/2025 Federica De Nicol\u00f2"},"content":{"rendered":"\n<p><\/p>\n\n\n\n<p>La giovanissima palleggiatrice Federica De Nicol\u00f2 confermata nel roster VOLLEYUP per la stagione 2024\/2025 del Campionato Nazionale di 1\u00b0 livello serie C femminile.<\/p>\n\n\n\n<p>Acquavivese doc, classe 2007, tocca i primi palloni fin dall\u2019et\u00e0 di 6 anni, presso la societ\u00e0 New Volley Gioia. A 11 anni si trasferisce ad Acquaviva per indossare la casacca blumagenta delle libellule.<\/p>\n\n\n\n<p>Pi\u00f9 volte campionessa territoriale Bari-Foggia, la giovane regista &#8211; cresciuta pallavolisticamente con la societ\u00e0 del Presidente Convertini &#8211; lo scorso anno si \u00e8 potuta mettere in mostra sia nel campionato giovanile under 18 femminile che nel campionato di 1\u00aa divisione femminile.<\/p>\n\n\n\n<p>Dopo aver esordito a 14 anni nel massimo campionato regionale, la scorsa stagione la diciassettenne acquavivese ha anche collezionato svariate presenze in serie C facendosi trovare sempre pronta quando chiamata in causa da Mister Signorile.<\/p>\n\n\n\n<p><a><\/a> Da settembre Federica affiancher\u00e0 Giorgia Giannini in cabina di regia blumagenta.<\/p>\n\n\n\n<p>\u201cNel corso degli anni, Federica ha costantemente dimostrato impegno e dedizione durante gli allenamenti, guadagnandosi cos\u00ec la meritata riconferma in prima squadra. Questo risultato conferma che investire nei giovani \u00e8 sempre una scelta vincente e rappresenta solo l&#8217;inizio di un percorso che la vedr\u00e0 crescere e raggiungere nuovi traguardi\u201d, queste le parole del tecnico acquavivese.<\/p>\n\n\n\n<p>\u201cRingrazio la VOLLEYUP Acquaviva per avermi dato questa nuova opportunit\u00e0 di crescita. La societ\u00e0 ha dato vita ad un progetto molto ambizioso e sono molto felice e grata per la fiducia riposta nei miei confronti. Sono pronta per iniziare questa nuova stagione assicurando il mio massimo impegno affinch\u00e9 possano concretizzarsi tutti gli obiettivi, sia miei personali che di societ\u00e0. In bocca al lupo a noi tutti\u201d, queste le dichiarazioni della palleggiatrice acquavivese che a settembre frequenter\u00e0 la quarta classe del Liceo Scientifico \u201cR. CANUDO\u201d di Gioia del Colle.<\/p>\n\n\n\n<p><\/p>\n\n\n\n<figure class=\"wp-block-image size-full\"><img decoding=\"async\" width=\"533\" height=\"800\" src=\"https:\/\/acquaviva.lavocedelpaese.info\/wp-content\/uploads\/2024\/08\/federica-01.jpg\" alt=\"\" class=\"wp-image-4458\" srcset=\"https:\/\/acquaviva.lavocedelpaese.info\/wp-content\/uploads\/2024\/08\/federica-01.jpg 533w, https:\/\/acquaviva.lavocedelpaese.info\/wp-content\/uploads\/2024\/08\/federica-01-200x300.jpg 200w\" sizes=\"(max-width: 533px) 100vw, 533px\" \/><\/figure>\n\n\n\n<p><\/p>\n\n\n\n<figure class=\"wp-block-image size-full\"><img decoding=\"async\" width=\"533\" height=\"800\" src=\"https:\/\/acquaviva.lavocedelpaese.info\/wp-content\/uploads\/2024\/08\/federica-02.jpg\" alt=\"\" class=\"wp-image-4459\" srcset=\"https:\/\/acquaviva.lavocedelpaese.info\/wp-content\/uploads\/2024\/08\/federica-02.jpg 533w, https:\/\/acquaviva.lavocedelpaese.info\/wp-content\/uploads\/2024\/08\/federica-02-200x300.jpg 200w\" sizes=\"(max-width: 533px) 100vw, 533px\" \/><\/figure>\n\n\n\n<p><\/p>\n\n\n\n<figure class=\"wp-block-image size-full is-resized\"><img decoding=\"async\" width=\"588\" height=\"736\" src=\"https:\/\/acquaviva.lavocedelpaese.info\/wp-content\/uploads\/2024\/08\/federica-03.jpg\" alt=\"\" class=\"wp-image-4460\" style=\"width:603px;height:auto\" srcset=\"https:\/\/acquaviva.lavocedelpaese.info\/wp-content\/uploads\/2024\/08\/federica-03.jpg 588w, https:\/\/acquaviva.lavocedelpaese.info\/wp-content\/uploads\/2024\/08\/federica-03-240x300.jpg 240w\" sizes=\"(max-width: 588px) 100vw, 588px\" \/><\/figure>\n\n\n\n<figure class=\"wp-block-image size-full\"><img decoding=\"async\" src=\"https:\/\/acquaviva.lavocedelpaese.info\/wp-content\/uploads\/2024\/08\/LOCANDINA-FEDERICA.jpg\" alt=\"\" class=\"wp-image-4461\" \/><\/figure>\n","protected":false},"excerpt":{"rendered":"<p>La giovanissima palleggiatrice Federica De Nicol\u00f2 confermata nel roster VOLLEYUP per la stagione 2024\/2025 del Campionato Nazionale di 1\u00b0 livello<\/p>\n","protected":false},"author":4,"featured_media":4461,"comment_status":"open","ping_status":"closed","sticky":false,"template":"","format":"standard","meta":{"colormag_page_container_layout":"default_layout","colormag_page_sidebar_layout":"default_layout","_monsterinsights_skip_tracking":false,"_monsterinsights_sitenote_active":false,"_monsterinsights_sitenote_note":"","_monsterinsights_sitenote_category":0,"footnotes":""},"categories":[33,15],"tags":[],"class_list":["post-4457","post","type-post","status-publish","format-standard","has-post-thumbnail","hentry","category-spalla","category-sport"],"_links":{"self":[{"href":"https:\/\/acquaviva.lavocedelpaese.info\/index.php\/wp-json\/wp\/v2\/posts\/4457","targetHints":{"allow":["GET"]}}],"collection":[{"href":"https:\/\/acquaviva.lavocedelpaese.info\/index.php\/wp-json\/wp\/v2\/posts"}],"about":[{"href":"https:\/\/acquaviva.lavocedelpaese.info\/index.php\/wp-json\/wp\/v2\/types\/post"}],"author":[{"embeddable":true,"href":"https:\/\/acquaviva.lavocedelpaese.info\/index.php\/wp-json\/wp\/v2\/users\/4"}],"replies":[{"embeddable":true,"href":"https:\/\/acquaviva.lavocedelpaese.info\/index.php\/wp-json\/wp\/v2\/comments?post=4457"}],"version-history":[{"count":2,"href":"https:\/\/acquaviva.lavocedelpaese.info\/index.php\/wp-json\/wp\/v2\/posts\/4457\/revisions"}],"predecessor-version":[{"id":4463,"href":"https:\/\/acquaviva.lavocedelpaese.info\/index.php\/wp-json\/wp\/v2\/posts\/4457\/revisions\/4463"}],"wp:featuredmedia":[{"embeddable":true,"href":"https:\/\/acquaviva.lavocedelpaese.info\/index.php\/wp-json\/wp\/v2\/media\/4461"}],"wp:attachment":[{"href":"https:\/\/acquaviva.lavocedelpaese.info\/index.php\/wp-json\/wp\/v2\/media?parent=4457"}],"wp:term":[{"taxonomy":"category","embeddable":true,"href":"https:\/\/acquaviva.lavocedelpaese.info\/index.php\/wp-json\/wp\/v2\/categories?post=4457"},{"taxonomy":"post_tag","embeddable":true,"href":"https:\/\/acquaviva.lavocedelpaese.info\/index.php\/wp-json\/wp\/v2\/tags?post=4457"}],"curies":[{"name":"wp","href":"https:\/\/api.w.org\/{rel}","templated":true}]}}